{"id":9936,"date":"2018-11-07T10:50:27","date_gmt":"2018-11-07T09:50:27","guid":{"rendered":"http:\/\/www.juntadeandalucia.es\/institutodeestadisticaycartografia\/blog\/?p=9936"},"modified":"2018-11-26T10:58:16","modified_gmt":"2018-11-26T09:58:16","slug":"ecta0318","status":"publish","type":"post","link":"https:\/\/ws089.juntadeandalucia.es\/institutodeestadisticaycartografia\/blog\/2018\/11\/ecta0318\/","title":{"rendered":"Aumenta un 3,5% el n\u00famero de turistas que visit\u00f3 Andaluc\u00eda en el tercer trimestre del a\u00f1o"},"content":{"rendered":"<p style=\"text-align: justify;\">\n\tEl n&uacute;mero de turistas que visit&oacute; Andaluc&iacute;a en el tercer trimestre de 2018 super&oacute; los diez millones novecientos dos mil, seg&uacute;n los resultados de la <a href=\"http:\/\/www.juntadeandalucia.es\/institutodeestadisticaycartografia\/turismo\/index.htm\">Encuesta de Coyuntura Tur&iacute;stica de Andaluc&iacute;a<\/a> que realiza el Instituto de Estad&iacute;stica y Cartograf&iacute;a de Andaluc&iacute;a, lo que supone un aumento de un 3,5% con respecto al mismo trimestre del a&ntilde;o anterior.\n<\/p>\n<p style=\"text-align: justify;\">\n\tDurante este per&iacute;odo, de los turistas que visitaron Andaluc&iacute;a, el 32,4% eran andaluces, el 29,7% eran del resto de Espa&ntilde;a, el 28,2% proced&iacute;an de la UE excluida Espa&ntilde;a y el 9,7% del resto del mundo.\n<\/p>\n<p class=\"titgraf\" style=\"text-align: center;\">\n\t<strong>Evoluci&oacute;n del n&uacute;mero de turistas<\/strong><br \/>\n\t<a href=\"http:\/\/www.juntadeandalucia.es\/institutodeestadisticaycartografia\/blog\/wp-content\/uploads\/2018\/11\/graf1-3.png\"><img loading=\"lazy\" alt=\"Evoluci\u00f3n del n\u00famero de turistas\" class=\"alignnone size-full wp-image-9938\" height=\"285\" src=\"http:\/\/www.juntadeandalucia.es\/institutodeestadisticaycartografia\/blog\/wp-content\/uploads\/2018\/11\/graf1-3.png\" width=\"607\" srcset=\"https:\/\/ws089.juntadeandalucia.es\/institutodeestadisticaycartografia\/blog\/wp-content\/uploads\/2018\/11\/graf1-3.png 607w, https:\/\/ws089.juntadeandalucia.es\/institutodeestadisticaycartografia\/blog\/wp-content\/uploads\/2018\/11\/graf1-3-300x141.png 300w\" sizes=\"(max-width: 607px) 100vw, 607px\" \/><\/a>\n<\/p>\n<p>\n\t<!--more-->\n<\/p>\n<p style=\"text-align: justify;\">\n\tLas motivaciones principales de los turistas que visitaron Andaluc&iacute;a fueron: el 83,0% por vacaciones, el 11,8% para visitar a familiares y amigos, y el 5,2% restante alegaron otras motivaciones.\n<\/p>\n<p style=\"text-align: justify;\">\n\tEn el tercer trimestre de 2018, el 58,2% de los viajeros se aloj&oacute; en establecimientos hoteleros, mientras que el 34,6% utiliz&oacute; apartamento, piso o chalet. Por otra parte, la estancia media, o n&uacute;mero de d&iacute;as que por t&eacute;rmino medio permanece un turista en Andaluc&iacute;a, se situ&oacute; en 10,3 d&iacute;as, un 3,4% menos que un a&ntilde;o antes.\n<\/p>\n<p style=\"text-align: justify;\">\n\tEn cuanto a la distribuci&oacute;n de los turistas por provincias, M&aacute;laga concentr&oacute; el 34,1% de los mismos, seguida de C&aacute;diz, Granada y Almer&iacute;a con el 18,3%, 11,7% y 10,2%, respectivamente.\n<\/p>\n<p class=\"titgraf\" style=\"text-align: center;\">\n\t<strong>Distribuci&oacute;n porcentual de los turistas por provincia. Tercer trimestre 2018<\/strong><br \/>\n\t<a href=\"http:\/\/www.juntadeandalucia.es\/institutodeestadisticaycartografia\/blog\/wp-content\/uploads\/2018\/11\/graf2-3.png\"><img loading=\"lazy\" alt=\"Distribuci\u00f3n porcentual de los turistas por provincia. Tercer trimestre 2018\" class=\"alignnone size-full wp-image-9939\" height=\"346\" src=\"http:\/\/www.juntadeandalucia.es\/institutodeestadisticaycartografia\/blog\/wp-content\/uploads\/2018\/11\/graf2-3.png\" width=\"385\" srcset=\"https:\/\/ws089.juntadeandalucia.es\/institutodeestadisticaycartografia\/blog\/wp-content\/uploads\/2018\/11\/graf2-3.png 385w, https:\/\/ws089.juntadeandalucia.es\/institutodeestadisticaycartografia\/blog\/wp-content\/uploads\/2018\/11\/graf2-3-300x270.png 300w\" sizes=\"(max-width: 385px) 100vw, 385px\" \/><\/a>\n<\/p>\n<p style=\"text-align: justify;\">\n\tEl gasto medio diario que realizaron los turistas en Andaluc&iacute;a en el tercer trimestre se estima en 65,7 euros por turista, cifra que supera en un 1,8% a la del mismo trimestre del a&ntilde;o anterior. La procedencia del turista establece diferencias en este gasto, que var&iacute;a desde los 53,2 euros que gastaron los turistas andaluces hasta los 90,9 euros que gastaron los procedentes del resto del mundo.\n<\/p>\n<p class=\"titgraf\" style=\"text-align: center;\">\n\t<strong>Evoluci&oacute;n del gasto medio diario<\/strong><br \/>\n\t<a href=\"http:\/\/www.juntadeandalucia.es\/institutodeestadisticaycartografia\/blog\/wp-content\/uploads\/2018\/11\/graf3-3.png\"><img loading=\"lazy\" alt=\"Evoluci\u00f3n del gasto medio diario\" class=\"alignnone size-full wp-image-9940\" height=\"342\" src=\"http:\/\/www.juntadeandalucia.es\/institutodeestadisticaycartografia\/blog\/wp-content\/uploads\/2018\/11\/graf3-3.png\" width=\"607\" srcset=\"https:\/\/ws089.juntadeandalucia.es\/institutodeestadisticaycartografia\/blog\/wp-content\/uploads\/2018\/11\/graf3-3.png 607w, https:\/\/ws089.juntadeandalucia.es\/institutodeestadisticaycartografia\/blog\/wp-content\/uploads\/2018\/11\/graf3-3-300x169.png 300w\" sizes=\"(max-width: 607px) 100vw, 607px\" \/><\/a>\n<\/p>\n<p class=\"titgraf\" style=\"text-align: center;\">\n\t<strong>Gasto medio diario seg&uacute;n procedencia. Tercer trimestre 2018<\/strong><br \/>\n\t<a href=\"http:\/\/www.juntadeandalucia.es\/institutodeestadisticaycartografia\/blog\/wp-content\/uploads\/2018\/11\/graf4-3.png\"><img loading=\"lazy\" alt=\"Gasto medio diario seg\u00fan procedencia. Tercer trimestre 2018\" class=\"alignnone size-full wp-image-9941\" height=\"316\" src=\"http:\/\/www.juntadeandalucia.es\/institutodeestadisticaycartografia\/blog\/wp-content\/uploads\/2018\/11\/graf4-3.png\" width=\"528\" srcset=\"https:\/\/ws089.juntadeandalucia.es\/institutodeestadisticaycartografia\/blog\/wp-content\/uploads\/2018\/11\/graf4-3.png 528w, https:\/\/ws089.juntadeandalucia.es\/institutodeestadisticaycartografia\/blog\/wp-content\/uploads\/2018\/11\/graf4-3-300x180.png 300w\" sizes=\"(max-width: 528px) 100vw, 528px\" \/><\/a>\n<\/p>\n<p style=\"text-align: justify;\">\n\tEn cuanto a la valoraci&oacute;n, de uno a diez, del viaje realizado, los turistas que visitaron Andaluc&iacute;a durante el trimestre concedieron un 8,2 a su estancia en la regi&oacute;n. Las provincias m&aacute;s valoradas fueron Ja&eacute;n, con un 8,8, y C&oacute;rdoba con un 8,7. Los aspectos mejor valorados por los visitantes fueron los relacionados con los paisajes y parques naturales, y con la atenci&oacute;n y trato.\n<\/p>\n<p style=\"text-align: justify;\">\n\tPor &uacute;ltimo, a la pregunta realizada a los turistas sobre si se hab&iacute;an visto cubiertas sus expectativas con respecto a Andaluc&iacute;a, el 17,3% de los viajeros consider&oacute; que la comida fue mejor de lo esperado; mientras que el 6,1% consider&oacute; que el medioambiente fue peor de lo esperado.\n<\/p>\n<p>\n\t&nbsp;\n<\/p>\n<p>\n\t<span style=\"color:#A9A9A9;\">Esta actividad ha sido financiada con fondos FEDER<\/span>\n<\/p>\n<p>\n\t<a href=\"http:\/\/www.juntadeandalucia.es\/institutodeestadisticaycartografia\/blog\/wp-content\/uploads\/2017\/03\/Logo_UE_FEDER.gif\"><span style=\"color:#A9A9A9;\"><img loading=\"lazy\" alt=\"\" class=\"aligncenter size-full wp-image-8048\" height=\"30\" src=\"http:\/\/www.juntadeandalucia.es\/institutodeestadisticaycartografia\/blog\/wp-content\/uploads\/2017\/03\/Logo_UE_FEDER.gif\" style=\"float: left;\" width=\"161\" \/><\/span><\/a><\/p>\n<!-- AddThis Advanced Settings generic via filter on the_content --><!-- AddThis Share Buttons generic via filter on the_content -->","protected":false},"excerpt":{"rendered":"<p>El n&uacute;mero de turistas que visit&oacute; Andaluc&iacute;a en el tercer trimestre de 2018 super&oacute; los diez millones novecientos dos mil, seg&uacute;n los resultados de la Encuesta de Coyuntura Tur&iacute;stica de Andaluc&iacute;a que realiza el Instituto de Estad&iacute;stica y Cartograf&iacute;a de Andaluc&iacute;a, lo que supone un aumento de un 3,5% con respecto al mismo trimestre del [&hellip;]<!-- AddThis Advanced Settings generic via filter on wp_trim_excerpt --><!-- AddThis Share Buttons generic via filter on wp_trim_excerpt --><\/p>\n","protected":false},"author":2,"featured_media":0,"comment_status":"open","ping_status":"open","sticky":false,"template":"","format":"standard","meta":{"_mi_skip_tracking":false},"categories":[1],"tags":[417,58,528],"_links":{"self":[{"href":"https:\/\/ws089.juntadeandalucia.es\/institutodeestadisticaycartografia\/blog\/wp-json\/wp\/v2\/posts\/9936"}],"collection":[{"href":"https:\/\/ws089.juntadeandalucia.es\/institutodeestadisticaycartografia\/blog\/wp-json\/wp\/v2\/posts"}],"about":[{"href":"https:\/\/ws089.juntadeandalucia.es\/institutodeestadisticaycartografia\/blog\/wp-json\/wp\/v2\/types\/post"}],"author":[{"embeddable":true,"href":"https:\/\/ws089.juntadeandalucia.es\/institutodeestadisticaycartografia\/blog\/wp-json\/wp\/v2\/users\/2"}],"replies":[{"embeddable":true,"href":"https:\/\/ws089.juntadeandalucia.es\/institutodeestadisticaycartografia\/blog\/wp-json\/wp\/v2\/comments?post=9936"}],"version-history":[{"count":2,"href":"https:\/\/ws089.juntadeandalucia.es\/institutodeestadisticaycartografia\/blog\/wp-json\/wp\/v2\/posts\/9936\/revisions"}],"predecessor-version":[{"id":10206,"href":"https:\/\/ws089.juntadeandalucia.es\/institutodeestadisticaycartografia\/blog\/wp-json\/wp\/v2\/posts\/9936\/revisions\/10206"}],"wp:attachment":[{"href":"https:\/\/ws089.juntadeandalucia.es\/institutodeestadisticaycartografia\/blog\/wp-json\/wp\/v2\/media?parent=9936"}],"wp:term":[{"taxonomy":"category","embeddable":true,"href":"https:\/\/ws089.juntadeandalucia.es\/institutodeestadisticaycartografia\/blog\/wp-json\/wp\/v2\/categories?post=9936"},{"taxonomy":"post_tag","embeddable":true,"href":"https:\/\/ws089.juntadeandalucia.es\/institutodeestadisticaycartografia\/blog\/wp-json\/wp\/v2\/tags?post=9936"}],"curies":[{"name":"wp","href":"https:\/\/api.w.org\/{rel}","templated":true}]}}