{"id":9672,"date":"2018-12-31T11:55:36","date_gmt":"2018-12-31T10:55:36","guid":{"rendered":"http:\/\/www.juntadeandalucia.es\/institutodeestadisticaycartografia\/blog\/?p=9672"},"modified":"2019-01-17T11:56:33","modified_gmt":"2019-01-17T10:56:33","slug":"mapas-tematicos-xviii","status":"publish","type":"post","link":"https:\/\/ws089.juntadeandalucia.es\/institutodeestadisticaycartografia\/blog\/2018\/12\/mapas-tematicos-xviii\/","title":{"rendered":"Andaluc\u00eda, la imagen cartogr\u00e1fica: mapas tem\u00e1ticos del siglo XVIII"},"content":{"rendered":"<p style=\"text-align: justify;\">\n\tLa multiplicaci&oacute;n de la cartograf&iacute;a tem&aacute;tica en el siglo XVIII se manifest&oacute; en una serie de nuevas representaciones de Andaluc&iacute;a modeladas bajo diferentes &oacute;pticas, como puede apreciarse en estos dos mapas, uno de car&aacute;cter eclesi&aacute;stico y el otro hist&oacute;rico. La primera l&aacute;mina recoge el &aacute;mbito de la provincia de Andaluc&iacute;a de los franciscanos capuchinos, con una detallada localizaci&oacute;n de los conventos y casas de estudio de la orden, mientras que la segunda, perteneciente a uno de los primeros atlas hist&oacute;ricos destinados al uso escolar, ofrece una reconstrucci&oacute;n del escenario de la provincia B&eacute;tica donde se disput&oacute; la fase final de la guerra civil entre C&eacute;sar y los partidarios de Pompeyo en los a&ntilde;os 46 y 45 a. de C.\n<\/p>\n<p style=\"text-align: justify;\">\n\t<a href=\"http:\/\/www.juntadeandalucia.es\/institutodeestadisticaycartografia\/blog\/wp-content\/uploads\/2018\/09\/Battista.png\"><img alt=\"Battista\" class=\"alignnone size-full wp-image-9673\" src=\"http:\/\/www.juntadeandalucia.es\/institutodeestadisticaycartografia\/blog\/wp-content\/uploads\/2018\/09\/Battista.png\" width=\"620\" srcset=\"https:\/\/ws089.juntadeandalucia.es\/institutodeestadisticaycartografia\/blog\/wp-content\/uploads\/2018\/09\/Battista.png 1000w, https:\/\/ws089.juntadeandalucia.es\/institutodeestadisticaycartografia\/blog\/wp-content\/uploads\/2018\/09\/Battista-300x202.png 300w, https:\/\/ws089.juntadeandalucia.es\/institutodeestadisticaycartografia\/blog\/wp-content\/uploads\/2018\/09\/Battista-768x517.png 768w\" sizes=\"(max-width: 1000px) 100vw, 1000px\" \/><\/a>\n<\/p>\n<p style=\"text-align: justify;\">\n\t<span style=\"font-size:9px;\">Giovanni Battista da Cassino, Simone Durelli<br \/>\n\tMil&aacute;n, 1712-1713<br \/>\n\tProvincia Andalvsiae<br \/>\n\tGrabado, 22&#215;33 cm.<br \/>\n\tEscala [ca. 1:1.860.000].<br \/>\n\tInstitut Cartogr&agrave;fic de Catalunya (Barcelona). RM 27254. <\/span>\n<\/p>\n<p style=\"text-align: justify;\">\n\t<a href=\"http:\/\/www.juntadeandalucia.es\/institutodeestadisticaycartografia\/blog\/wp-content\/uploads\/2018\/09\/Moll.png\"><img alt=\"Moll\" class=\"alignnone size-full wp-image-9674\" src=\"http:\/\/www.juntadeandalucia.es\/institutodeestadisticaycartografia\/blog\/wp-content\/uploads\/2018\/09\/Moll.png\" width=\"620\" srcset=\"https:\/\/ws089.juntadeandalucia.es\/institutodeestadisticaycartografia\/blog\/wp-content\/uploads\/2018\/09\/Moll.png 1000w, https:\/\/ws089.juntadeandalucia.es\/institutodeestadisticaycartografia\/blog\/wp-content\/uploads\/2018\/09\/Moll-300x203.png 300w, https:\/\/ws089.juntadeandalucia.es\/institutodeestadisticaycartografia\/blog\/wp-content\/uploads\/2018\/09\/Moll-768x519.png 768w\" sizes=\"(max-width: 1000px) 100vw, 1000px\" \/><\/a>\n<\/p>\n<p style=\"text-align: justify;\">\n\t<span style=\"font-size:9px;\">Herman Moll<br \/>\n\tLondres, 1712<br \/>\n\tBaetica or the southern Part of Spain&hellip;<br \/>\n\tGrabado, 14&#215;16 cm.<br \/>\n\tEscala [ca. 1:2.900.000].<br \/>\n\tBiblioteca de Andaluc&iacute;a (Granada). MD 6-18. <\/span><\/p>\n<!-- AddThis Advanced Settings generic via filter on the_content --><!-- AddThis Share Buttons generic via filter on the_content -->","protected":false},"excerpt":{"rendered":"<p>La multiplicaci&oacute;n de la cartograf&iacute;a tem&aacute;tica en el siglo XVIII se manifest&oacute; en una serie de nuevas representaciones de Andaluc&iacute;a modeladas bajo diferentes &oacute;pticas, como puede apreciarse en estos dos mapas, uno de car&aacute;cter eclesi&aacute;stico y el otro hist&oacute;rico. La primera l&aacute;mina recoge el &aacute;mbito de la provincia de Andaluc&iacute;a de los franciscanos capuchinos, con [&hellip;]<!-- AddThis Advanced Settings generic via filter on wp_trim_excerpt --><!-- AddThis Share Buttons generic via filter on wp_trim_excerpt --><\/p>\n","protected":false},"author":2,"featured_media":0,"comment_status":"open","ping_status":"open","sticky":false,"template":"","format":"standard","meta":{"_mi_skip_tracking":false},"categories":[2],"tags":[475,15],"_links":{"self":[{"href":"https:\/\/ws089.juntadeandalucia.es\/institutodeestadisticaycartografia\/blog\/wp-json\/wp\/v2\/posts\/9672"}],"collection":[{"href":"https:\/\/ws089.juntadeandalucia.es\/institutodeestadisticaycartografia\/blog\/wp-json\/wp\/v2\/posts"}],"about":[{"href":"https:\/\/ws089.juntadeandalucia.es\/institutodeestadisticaycartografia\/blog\/wp-json\/wp\/v2\/types\/post"}],"author":[{"embeddable":true,"href":"https:\/\/ws089.juntadeandalucia.es\/institutodeestadisticaycartografia\/blog\/wp-json\/wp\/v2\/users\/2"}],"replies":[{"embeddable":true,"href":"https:\/\/ws089.juntadeandalucia.es\/institutodeestadisticaycartografia\/blog\/wp-json\/wp\/v2\/comments?post=9672"}],"version-history":[{"count":2,"href":"https:\/\/ws089.juntadeandalucia.es\/institutodeestadisticaycartografia\/blog\/wp-json\/wp\/v2\/posts\/9672\/revisions"}],"predecessor-version":[{"id":10084,"href":"https:\/\/ws089.juntadeandalucia.es\/institutodeestadisticaycartografia\/blog\/wp-json\/wp\/v2\/posts\/9672\/revisions\/10084"}],"wp:attachment":[{"href":"https:\/\/ws089.juntadeandalucia.es\/institutodeestadisticaycartografia\/blog\/wp-json\/wp\/v2\/media?parent=9672"}],"wp:term":[{"taxonomy":"category","embeddable":true,"href":"https:\/\/ws089.juntadeandalucia.es\/institutodeestadisticaycartografia\/blog\/wp-json\/wp\/v2\/categories?post=9672"},{"taxonomy":"post_tag","embeddable":true,"href":"https:\/\/ws089.juntadeandalucia.es\/institutodeestadisticaycartografia\/blog\/wp-json\/wp\/v2\/tags?post=9672"}],"curies":[{"name":"wp","href":"https:\/\/api.w.org\/{rel}","templated":true}]}}