{"id":9560,"date":"2018-07-17T11:38:32","date_gmt":"2018-07-17T09:38:32","guid":{"rendered":"http:\/\/www.juntadeandalucia.es\/institutodeestadisticaycartografia\/blog\/?p=9560"},"modified":"2018-07-31T10:40:52","modified_gmt":"2018-07-31T08:40:52","slug":"evr-2017","status":"publish","type":"post","link":"https:\/\/ws089.juntadeandalucia.es\/institutodeestadisticaycartografia\/blog\/2018\/07\/evr-2017\/","title":{"rendered":"Los movimientos migratorios en Andaluc\u00eda ofrecen un saldo positivo, rompiendo la tendencia negativa de los cuatro \u00faltimos a\u00f1os"},"content":{"rendered":"<p style=\"text-align: justify;\">\n\tSeg&uacute;n los datos de la <a href=\"http:\/\/www.juntadeandalucia.es\/institutodeestadisticaycartografia\/vares\/index.htm\">Estad&iacute;stica de Variaciones Residenciales<\/a> que publica anualmente el Instituto de Estad&iacute;stica y Cartograf&iacute;a de Andaluc&iacute;a, durante el a&ntilde;o 2017 se registraron 127.694 movimientos<sup>1<\/sup> de entrada en la comunidad aut&oacute;noma de Andaluc&iacute;a y 127.035 de salida, resultando un saldo migratorio (diferencia entre las entradas y las salidas) positivo, de 659, rompi&eacute;ndose as&iacute; la tendencia negativa de los cuatro a&ntilde;os anteriores (en 2016 fue de -4.192). En comparaci&oacute;n con el a&ntilde;o anterior, las entradas crecieron un 9,0% y las salidas un 4,7%. Adem&aacute;s, se registraron 163.509 movimientos interiores (con origen y destino en un municipio andaluz), un 0,03% menos que en 2016. Por lo tanto, el total de movimientos residenciales ascendi&oacute; a 418.238, un 4,0% m&aacute;s que el a&ntilde;o anterior.\n<\/p>\n<p class=\"titgraf\" style=\"text-align: center;\">\n\t<strong>Cambios residenciales en Andaluc&iacute;a. A&ntilde;o 2017<\/strong><br \/>\n\t<a href=\"http:\/\/www.juntadeandalucia.es\/institutodeestadisticaycartografia\/blog\/wp-content\/uploads\/2018\/07\/graf1-8.png\"><img alt=\"Cambios residenciales en Andaluc\u00eda. A\u00f1o 2017 \" class=\"alignnone size-full wp-image-9561\" src=\"http:\/\/www.juntadeandalucia.es\/institutodeestadisticaycartografia\/blog\/wp-content\/uploads\/2018\/07\/graf1-8.png\" width=\"620\" srcset=\"https:\/\/ws089.juntadeandalucia.es\/institutodeestadisticaycartografia\/blog\/wp-content\/uploads\/2018\/07\/graf1-8.png 698w, https:\/\/ws089.juntadeandalucia.es\/institutodeestadisticaycartografia\/blog\/wp-content\/uploads\/2018\/07\/graf1-8-300x162.png 300w\" sizes=\"(max-width: 698px) 100vw, 698px\" \/><\/a>\n<\/p>\n<p>\n\t<!--more-->\n<\/p>\n<p style=\"text-align: justify;\">\n\tAlgo m&aacute;s de la mitad de los movimientos de entrada en nuestra Comunidad, 74.640, proced&iacute;an del extranjero (un 17,7% m&aacute;s que el a&ntilde;o anterior). De estos movimientos, el 90,7% fueron de extranjeros y el resto de espa&ntilde;oles. M&aacute;laga, con el 37,4% del total de entradas, y Almer&iacute;a con el 18,0%, fueron las provincias que m&aacute;s entradas recibieron desde el extranjero. Por el contrario, Ja&eacute;n, con un 2,2%, fue la que menos entradas recibi&oacute; desde fuera de Espa&ntilde;a.\n<\/p>\n<p class=\"titgraf\" style=\"text-align: center;\">\n\t<strong>Evoluci&oacute;n de los cambios residenciales en Andaluc&iacute;a<\/strong><br \/>\n\t<a href=\"http:\/\/www.juntadeandalucia.es\/institutodeestadisticaycartografia\/blog\/wp-content\/uploads\/2018\/07\/graf2-7.png\"><img alt=\"Evoluci\u00f3n de los cambios residenciales en Andaluc\u00eda \" class=\"alignnone size-full wp-image-9562\" src=\"http:\/\/www.juntadeandalucia.es\/institutodeestadisticaycartografia\/blog\/wp-content\/uploads\/2018\/07\/graf2-7.png\" width=\"620\" srcset=\"https:\/\/ws089.juntadeandalucia.es\/institutodeestadisticaycartografia\/blog\/wp-content\/uploads\/2018\/07\/graf2-7.png 720w, https:\/\/ws089.juntadeandalucia.es\/institutodeestadisticaycartografia\/blog\/wp-content\/uploads\/2018\/07\/graf2-7-300x169.png 300w\" sizes=\"(max-width: 720px) 100vw, 720px\" \/><\/a>\n<\/p>\n<p style=\"text-align: justify;\">\n\tLos movimientos del exterior provinieron fundamentalmente de Marruecos (9.151), Reino Unido (6.391) y Ruman&iacute;a (4.508).\n<\/p>\n<p style=\"text-align: justify;\">\n\tLas entradas en Andaluc&iacute;a del resto de Espa&ntilde;a bajaron un 1,2% y procedieron mayoritariamente de las provincias de Madrid (10.049), Barcelona (6.542) e Islas Baleares (4.171).\n<\/p>\n<p style=\"text-align: justify;\">\n\tDe las 127.035 salidas registradas desde Andaluc&iacute;a, el 52,8% (67.030) se dirigi&oacute; al resto de Espa&ntilde;a, un 4,3% m&aacute;s que en 2016. Los destinos principales fueron la Comunidad de Madrid, con un 23,9%; Catalu&ntilde;a, con un 15,7%, e Islas Baleares, con un 10,1%, movimientos que suponen casi la mitad de las migraciones desde Andaluc&iacute;a al resto de Espa&ntilde;a. Estas salidas, como en a&ntilde;os anteriores, fueron realizadas en su mayor&iacute;a por espa&ntilde;oles (78,4%).\n<\/p>\n<p class=\"titgraf\" style=\"text-align: center;\">\n\t<strong>Emigraciones desde Andaluc&iacute;a por Comunidad Aut&oacute;noma de destino. A&ntilde;o 2017<\/strong><br \/>\n\t<a href=\"http:\/\/www.juntadeandalucia.es\/institutodeestadisticaycartografia\/blog\/wp-content\/uploads\/2018\/07\/graf3-7.png\"><img loading=\"lazy\" alt=\"Emigraciones desde Andaluc\u00eda por Comunidad Aut\u00f3noma de destino. A\u00f1o 2017 \" class=\"alignnone size-full wp-image-9563\" height=\"336\" src=\"http:\/\/www.juntadeandalucia.es\/institutodeestadisticaycartografia\/blog\/wp-content\/uploads\/2018\/07\/graf3-7.png\" width=\"512\" srcset=\"https:\/\/ws089.juntadeandalucia.es\/institutodeestadisticaycartografia\/blog\/wp-content\/uploads\/2018\/07\/graf3-7.png 512w, https:\/\/ws089.juntadeandalucia.es\/institutodeestadisticaycartografia\/blog\/wp-content\/uploads\/2018\/07\/graf3-7-300x197.png 300w\" sizes=\"(max-width: 512px) 100vw, 512px\" \/><\/a>\n<\/p>\n<p style=\"text-align: justify;\">\n\tEl n&uacute;mero de movimientos en el interior de Andaluc&iacute;a (163.509) descendi&oacute; un 0,03% respecto a 2016. Los movimientos con destino en las capitales de provincia fueron 38.087, un 23,3% del total de movimientos interiores (23,4% en 2016). De ellos, el 69,4% proced&iacute;a de municipios de la misma provincia de la capital de destino. Por otro lado, los movimientos interiores con origen en las capitales de provincia (38.603) representaron el 23,6% del total (mismo porcentaje que en 2016).\n<\/p>\n<p style=\"text-align: justify;\">\n\tAtendiendo al sexo de la persona migrante, los cambios residenciales de hombres fueron ligeramente m&aacute;s frecuentes, con el 51,4% en el total de los movimientos residenciales (418.238). Sin embargo, en los movimientos interiores, la mujer fue levemente superior al hombre con el 50,8% del total de dichos movimientos.\n<\/p>\n<p style=\"text-align: justify;\">\n\tRespecto a la edad en el momento de la migraci&oacute;n, tanto en las inmigraciones como en las emigraciones, el grupo m&aacute;s frecuente fue el de 30 a 34 a&ntilde;os, con un 12,4% y un 12,5% respectivamente.\n<\/p>\n<p style=\"text-align: justify;\">\n\tConsiderando los saldos migratorios provinciales y contando los movimientos tanto internos como externos, cabe resaltar que M&aacute;laga present&oacute; el mayor saldo positivo (3.682) y Ja&eacute;n el mayor negativo (-3.918).\n<\/p>\n<p class=\"titgraf\" style=\"text-align: center;\">\n\t<strong>Saldo migratorio por provincias. A&ntilde;o 2017<\/strong><br \/>\n\t<a href=\"http:\/\/www.juntadeandalucia.es\/institutodeestadisticaycartografia\/blog\/wp-content\/uploads\/2018\/07\/graf4-6.png\"><img loading=\"lazy\" alt=\"Saldo migratorio por provincias. A\u00f1o 2017 \" class=\"alignnone size-full wp-image-9564\" height=\"342\" src=\"http:\/\/www.juntadeandalucia.es\/institutodeestadisticaycartografia\/blog\/wp-content\/uploads\/2018\/07\/graf4-6.png\" width=\"607\" srcset=\"https:\/\/ws089.juntadeandalucia.es\/institutodeestadisticaycartografia\/blog\/wp-content\/uploads\/2018\/07\/graf4-6.png 607w, https:\/\/ws089.juntadeandalucia.es\/institutodeestadisticaycartografia\/blog\/wp-content\/uploads\/2018\/07\/graf4-6-300x169.png 300w\" sizes=\"(max-width: 607px) 100vw, 607px\" \/><\/a>\n<\/p>\n<p style=\"text-align: justify;\">\n\tEn el &aacute;mbito municipal, Marbella y Almer&iacute;a capital alcanzaron los mayores saldos migratorios positivos, 2.799 y 1.234 respectivamente. Mijas (M&aacute;laga) present&oacute; el menor saldo (-4.214), seguido por El Ejido (Almer&iacute;a) con -3.277.\n<\/p>\n<p class=\"titgraf\" style=\"text-align: center;\">\n\t<strong>Saldo migratorio por municipio. A&ntilde;o 2017<\/strong><br \/>\n\t<a href=\"http:\/\/www.juntadeandalucia.es\/institutodeestadisticaycartografia\/blog\/wp-content\/uploads\/2018\/07\/graf5-3.png\"><img alt=\"Saldo migratorio por municipio. A\u00f1o 2017 \" class=\"alignnone size-full wp-image-9565\" src=\"http:\/\/www.juntadeandalucia.es\/institutodeestadisticaycartografia\/blog\/wp-content\/uploads\/2018\/07\/graf5-3.png\" width=\"620\" srcset=\"https:\/\/ws089.juntadeandalucia.es\/institutodeestadisticaycartografia\/blog\/wp-content\/uploads\/2018\/07\/graf5-3.png 798w, https:\/\/ws089.juntadeandalucia.es\/institutodeestadisticaycartografia\/blog\/wp-content\/uploads\/2018\/07\/graf5-3-300x200.png 300w, https:\/\/ws089.juntadeandalucia.es\/institutodeestadisticaycartografia\/blog\/wp-content\/uploads\/2018\/07\/graf5-3-768x512.png 768w\" sizes=\"(max-width: 798px) 100vw, 798px\" \/><\/a>\n<\/p>\n<p style=\"text-align: justify;\">\n\t<span style=\"font-size:10px;\"><sup>1<\/sup>La Estad&iacute;stica de Variaciones Residenciales mide movimientos motivados por cambio de residencia y no n&uacute;mero de personas, ya que una persona puede dar lugar a varios movimientos en un mismo a&ntilde;o. <\/span><\/p>\n<!-- AddThis Advanced Settings generic via filter on the_content --><!-- AddThis Share Buttons generic via filter on the_content -->","protected":false},"excerpt":{"rendered":"<p>Seg&uacute;n los datos de la Estad&iacute;stica de Variaciones Residenciales que publica anualmente el Instituto de Estad&iacute;stica y Cartograf&iacute;a de Andaluc&iacute;a, durante el a&ntilde;o 2017 se registraron 127.694 movimientos1 de entrada en la comunidad aut&oacute;noma de Andaluc&iacute;a y 127.035 de salida, resultando un saldo migratorio (diferencia entre las entradas y las salidas) positivo, de 659, rompi&eacute;ndose [&hellip;]<!-- AddThis Advanced Settings generic via filter on wp_trim_excerpt --><!-- AddThis Share Buttons generic via filter on wp_trim_excerpt --><\/p>\n","protected":false},"author":2,"featured_media":0,"comment_status":"open","ping_status":"open","sticky":false,"template":"","format":"standard","meta":{"_mi_skip_tracking":false},"categories":[1],"tags":[],"_links":{"self":[{"href":"https:\/\/ws089.juntadeandalucia.es\/institutodeestadisticaycartografia\/blog\/wp-json\/wp\/v2\/posts\/9560"}],"collection":[{"href":"https:\/\/ws089.juntadeandalucia.es\/institutodeestadisticaycartografia\/blog\/wp-json\/wp\/v2\/posts"}],"about":[{"href":"https:\/\/ws089.juntadeandalucia.es\/institutodeestadisticaycartografia\/blog\/wp-json\/wp\/v2\/types\/post"}],"author":[{"embeddable":true,"href":"https:\/\/ws089.juntadeandalucia.es\/institutodeestadisticaycartografia\/blog\/wp-json\/wp\/v2\/users\/2"}],"replies":[{"embeddable":true,"href":"https:\/\/ws089.juntadeandalucia.es\/institutodeestadisticaycartografia\/blog\/wp-json\/wp\/v2\/comments?post=9560"}],"version-history":[{"count":5,"href":"https:\/\/ws089.juntadeandalucia.es\/institutodeestadisticaycartografia\/blog\/wp-json\/wp\/v2\/posts\/9560\/revisions"}],"predecessor-version":[{"id":9570,"href":"https:\/\/ws089.juntadeandalucia.es\/institutodeestadisticaycartografia\/blog\/wp-json\/wp\/v2\/posts\/9560\/revisions\/9570"}],"wp:attachment":[{"href":"https:\/\/ws089.juntadeandalucia.es\/institutodeestadisticaycartografia\/blog\/wp-json\/wp\/v2\/media?parent=9560"}],"wp:term":[{"taxonomy":"category","embeddable":true,"href":"https:\/\/ws089.juntadeandalucia.es\/institutodeestadisticaycartografia\/blog\/wp-json\/wp\/v2\/categories?post=9560"},{"taxonomy":"post_tag","embeddable":true,"href":"https:\/\/ws089.juntadeandalucia.es\/institutodeestadisticaycartografia\/blog\/wp-json\/wp\/v2\/tags?post=9560"}],"curies":[{"name":"wp","href":"https:\/\/api.w.org\/{rel}","templated":true}]}}