{"id":9402,"date":"2018-06-12T12:11:47","date_gmt":"2018-06-12T10:11:47","guid":{"rendered":"http:\/\/www.juntadeandalucia.es\/institutodeestadisticaycartografia\/blog\/?p=9402"},"modified":"2018-06-12T12:11:47","modified_gmt":"2018-06-12T10:11:47","slug":"intercambio-cuba-ue2","status":"publish","type":"post","link":"https:\/\/ws089.juntadeandalucia.es\/institutodeestadisticaycartografia\/blog\/2018\/06\/intercambio-cuba-ue2\/","title":{"rendered":"Participaci\u00f3n en el Programa de Intercambio de expertos Cuba &#8211; Uni\u00f3n Europea: Taller sobre organizaci\u00f3n de sistemas estad\u00edsticos"},"content":{"rendered":"<p style=\"text-align: justify;\">\n\tContin&uacute;a la colaboraci&oacute;n del Instituto de Estad&iacute;stica y Cartograf&iacute;a de Andaluc&iacute;a (IECA) en el marco del <a href=\"http:\/\/www.juntadeandalucia.es\/institutodeestadisticaycartografia\/blog\/2018\/05\/intercambio-cuba-ue\/\">programa de intercambio de expertos Cuba &ndash; UE II<\/a> de la Fundaci&oacute;n Internacional y para Iberoam&eacute;rica de Administraci&oacute;n y Pol&iacute;ticas P&uacute;blicas (FIIAPP). Esta fundaci&oacute;n del sector p&uacute;blico estatal coordina y moviliza expertos de Cuba, la Uni&oacute;n Europea y terceros pa&iacute;ses para el intercambio de experiencias, conocimientos y buenas pr&aacute;cticas en el &aacute;mbito de las administraciones p&uacute;blicas.\n<\/p>\n<p style=\"text-align: justify;\">\n\tDesde la Fundaci&oacute;n se plante&oacute; al IECA la realizaci&oacute;n de la actividad <strong>Taller sobre organizaci&oacute;n de sistemas estad&iacute;sticos<\/strong>.\n<\/p>\n<p style=\"text-align: center;\">\n\t<a href=\"http:\/\/www.juntadeandalucia.es\/institutodeestadisticaycartografia\/blog\/wp-content\/uploads\/2018\/06\/cuba2.png\"><img loading=\"lazy\" alt=\"Taller Intercambio Cuba - UE\" class=\"alignnone size-full wp-image-9404\" height=\"372\" src=\"http:\/\/www.juntadeandalucia.es\/institutodeestadisticaycartografia\/blog\/wp-content\/uploads\/2018\/06\/cuba2.png\" width=\"618\" srcset=\"https:\/\/ws089.juntadeandalucia.es\/institutodeestadisticaycartografia\/blog\/wp-content\/uploads\/2018\/06\/cuba2.png 618w, https:\/\/ws089.juntadeandalucia.es\/institutodeestadisticaycartografia\/blog\/wp-content\/uploads\/2018\/06\/cuba2-300x181.png 300w\" sizes=\"(max-width: 618px) 100vw, 618px\" \/><\/a>\n<\/p>\n<p>\n\t<!--more-->\n<\/p>\n<p style=\"text-align: justify;\">\n\tDicho taller ha tenido lugar en La Habana (Cuba) durante la semana del 21 al 25 de mayo de 2018. En el mismo se ha dado formaci&oacute;n referida al marco regulador y organizaci&oacute;n de la estad&iacute;stica oficial en el &aacute;mbito de Europa, Espa&ntilde;a y Andaluc&iacute;a, a su planificaci&oacute;n y programaci&oacute;n en estos &aacute;mbitos territoriales, y a la normalizaci&oacute;n, calidad y aprovechamiento de fuentes administrativas en la Estad&iacute;stica P&uacute;blica de Andaluc&iacute;a.\n<\/p>\n<p style=\"text-align: justify;\">\n\tLos asistentes al taller pertenec&iacute;an a la Oficina Nacional de Estad&iacute;stica e Informaci&oacute;n de Cuba (ONEI), as&iacute; como a las 17 provincias donde la ONEI tiene sus oficinas provinciales. Tambi&eacute;n, asistieron miembros de algunos ministerios del Gobierno de Cuba.\n<\/p>\n<p style=\"text-align: center;\">\n\t<a href=\"http:\/\/www.juntadeandalucia.es\/institutodeestadisticaycartografia\/blog\/wp-content\/uploads\/2018\/06\/cuba3.png\"><img loading=\"lazy\" alt=\"Taller Intercambio Cuba -UE\" class=\"alignnone size-full wp-image-9405\" height=\"370\" src=\"http:\/\/www.juntadeandalucia.es\/institutodeestadisticaycartografia\/blog\/wp-content\/uploads\/2018\/06\/cuba3.png\" width=\"618\" srcset=\"https:\/\/ws089.juntadeandalucia.es\/institutodeestadisticaycartografia\/blog\/wp-content\/uploads\/2018\/06\/cuba3.png 618w, https:\/\/ws089.juntadeandalucia.es\/institutodeestadisticaycartografia\/blog\/wp-content\/uploads\/2018\/06\/cuba3-300x180.png 300w\" sizes=\"(max-width: 618px) 100vw, 618px\" \/><\/a>\n<\/p>\n<p style=\"text-align: justify;\">\n\tEl resultado ha sido muy satisfactorio y ha permitido compartir la experiencia y proyectos que se realizan en el IECA en materia de coordinaci&oacute;n y planificaci&oacute;n del Sistema Estad&iacute;stico y Cartogr&aacute;fico de Andaluc&iacute;a.\n<\/p>\n<p style=\"text-align: center;\">\n\t<a href=\"http:\/\/www.juntadeandalucia.es\/institutodeestadisticaycartografia\/blog\/wp-content\/uploads\/2018\/06\/cuba1.png\"><img loading=\"lazy\" alt=\"Intercambio Cuba - UE\" class=\"alignnone size-full wp-image-9403\" height=\"417\" src=\"http:\/\/www.juntadeandalucia.es\/institutodeestadisticaycartografia\/blog\/wp-content\/uploads\/2018\/06\/cuba1.png\" width=\"618\" srcset=\"https:\/\/ws089.juntadeandalucia.es\/institutodeestadisticaycartografia\/blog\/wp-content\/uploads\/2018\/06\/cuba1.png 618w, https:\/\/ws089.juntadeandalucia.es\/institutodeestadisticaycartografia\/blog\/wp-content\/uploads\/2018\/06\/cuba1-300x202.png 300w\" sizes=\"(max-width: 618px) 100vw, 618px\" \/><\/a><\/p>\n<!-- AddThis Advanced Settings generic via filter on the_content --><!-- AddThis Share Buttons generic via filter on the_content -->","protected":false},"excerpt":{"rendered":"<p>Contin&uacute;a la colaboraci&oacute;n del Instituto de Estad&iacute;stica y Cartograf&iacute;a de Andaluc&iacute;a (IECA) en el marco del programa de intercambio de expertos Cuba &ndash; UE II de la Fundaci&oacute;n Internacional y para Iberoam&eacute;rica de Administraci&oacute;n y Pol&iacute;ticas P&uacute;blicas (FIIAPP). Esta fundaci&oacute;n del sector p&uacute;blico estatal coordina y moviliza expertos de Cuba, la Uni&oacute;n Europea y terceros [&hellip;]<!-- AddThis Advanced Settings generic via filter on wp_trim_excerpt --><!-- AddThis Share Buttons generic via filter on wp_trim_excerpt --><\/p>\n","protected":false},"author":2,"featured_media":0,"comment_status":"open","ping_status":"open","sticky":false,"template":"","format":"standard","meta":{"_mi_skip_tracking":false},"categories":[1],"tags":[552,326,553],"_links":{"self":[{"href":"https:\/\/ws089.juntadeandalucia.es\/institutodeestadisticaycartografia\/blog\/wp-json\/wp\/v2\/posts\/9402"}],"collection":[{"href":"https:\/\/ws089.juntadeandalucia.es\/institutodeestadisticaycartografia\/blog\/wp-json\/wp\/v2\/posts"}],"about":[{"href":"https:\/\/ws089.juntadeandalucia.es\/institutodeestadisticaycartografia\/blog\/wp-json\/wp\/v2\/types\/post"}],"author":[{"embeddable":true,"href":"https:\/\/ws089.juntadeandalucia.es\/institutodeestadisticaycartografia\/blog\/wp-json\/wp\/v2\/users\/2"}],"replies":[{"embeddable":true,"href":"https:\/\/ws089.juntadeandalucia.es\/institutodeestadisticaycartografia\/blog\/wp-json\/wp\/v2\/comments?post=9402"}],"version-history":[{"count":2,"href":"https:\/\/ws089.juntadeandalucia.es\/institutodeestadisticaycartografia\/blog\/wp-json\/wp\/v2\/posts\/9402\/revisions"}],"predecessor-version":[{"id":9416,"href":"https:\/\/ws089.juntadeandalucia.es\/institutodeestadisticaycartografia\/blog\/wp-json\/wp\/v2\/posts\/9402\/revisions\/9416"}],"wp:attachment":[{"href":"https:\/\/ws089.juntadeandalucia.es\/institutodeestadisticaycartografia\/blog\/wp-json\/wp\/v2\/media?parent=9402"}],"wp:term":[{"taxonomy":"category","embeddable":true,"href":"https:\/\/ws089.juntadeandalucia.es\/institutodeestadisticaycartografia\/blog\/wp-json\/wp\/v2\/categories?post=9402"},{"taxonomy":"post_tag","embeddable":true,"href":"https:\/\/ws089.juntadeandalucia.es\/institutodeestadisticaycartografia\/blog\/wp-json\/wp\/v2\/tags?post=9402"}],"curies":[{"name":"wp","href":"https:\/\/api.w.org\/{rel}","templated":true}]}}