{"id":9344,"date":"2018-05-25T11:00:08","date_gmt":"2018-05-25T09:00:08","guid":{"rendered":"http:\/\/www.juntadeandalucia.es\/institutodeestadisticaycartografia\/blog\/?p=9344"},"modified":"2018-05-25T14:44:09","modified_gmt":"2018-05-25T12:44:09","slug":"nombres2018","status":"publish","type":"post","link":"https:\/\/ws089.juntadeandalucia.es\/institutodeestadisticaycartografia\/blog\/2018\/05\/nombres2018\/","title":{"rendered":"Mar\u00eda y Jos\u00e9 son las palabras m\u00e1s utilizadas en los nombres de la poblaci\u00f3n andaluza, mientras Garc\u00eda contin\u00faa siendo el apellido m\u00e1s com\u00fan"},"content":{"rendered":"<p style=\"text-align: justify;\">\n\tEl Instituto de Estad&iacute;stica y Cartograf&iacute;a de Andaluc&iacute;a publica hoy la Estad&iacute;stica de Nombres y Apellidos de los Andaluces con referencia a 1 de enero de 2018.\n<\/p>\n<p style=\"text-align: justify;\">\n\tComo viene siendo habitual en los &uacute;ltimos a&ntilde;os, los nombres m&aacute;s comunes entre la poblaci&oacute;n andaluza son <em>Antonio<\/em> entre los hombres y <em>Mar&iacute;a del Carmen<\/em> entre las mujeres, aunque poco a poco van perdiendo peso. La edad media de las personas con estos nombres se sit&uacute;a por encima de los 50 a&ntilde;os.\n<\/p>\n<p class=\"titgraf\" style=\"text-align: center;\">\n\t<strong>Diez nombres m&aacute;s frecuentes en Andaluc&iacute;a a 1 de enero de 2018<\/strong><br \/>\n\t<a href=\"http:\/\/www.juntadeandalucia.es\/institutodeestadisticaycartografia\/blog\/wp-content\/uploads\/2018\/05\/graf1-14.png\"><img loading=\"lazy\" alt=\"Diez nombres m\u00e1s frecuentes en Andaluc\u00eda a 1 de enero de 2018\" class=\"alignnone size-full wp-image-9363\" height=\"278\" src=\"http:\/\/www.juntadeandalucia.es\/institutodeestadisticaycartografia\/blog\/wp-content\/uploads\/2018\/05\/graf1-14.png\" width=\"554\" srcset=\"https:\/\/ws089.juntadeandalucia.es\/institutodeestadisticaycartografia\/blog\/wp-content\/uploads\/2018\/05\/graf1-14.png 554w, https:\/\/ws089.juntadeandalucia.es\/institutodeestadisticaycartografia\/blog\/wp-content\/uploads\/2018\/05\/graf1-14-300x151.png 300w\" sizes=\"(max-width: 554px) 100vw, 554px\" \/><\/a>\n<\/p>\n<p>\n\t<!--more-->\n<\/p>\n<p style=\"text-align: justify;\">\n\tLa lista de los diez nombres m&aacute;s frecuentes no presenta grandes cambios en su ordenaci&oacute;n respecto al a&ntilde;o anterior, la de los masculinos no var&iacute;a mientras que los femeninos ven alteradas sus posiciones: <em>Josefa<\/em> gana una posici&oacute;n y <em>Mar&iacute;a Dolores<\/em> pierde dos. No obstante, todos estos nombres ven disminuir su poblaci&oacute;n, salvo en el caso de <em>David<\/em>, y aumentar en general su edad media.\n<\/p>\n<p style=\"text-align: justify;\">\n\tRespecto a los nombres simples, la palabra m&aacute;s utilizada es <em>Mar&iacute;a<\/em>, que forma parte del nombre de m&aacute;s de un mill&oacute;n de personas residentes en Andaluc&iacute;a. Esta palabra es utilizada tanto por hombres como por mujeres, siendo <em>Jos&eacute; Mar&iacute;a<\/em> el sexto nombre en el que m&aacute;s se utiliza.\n<\/p>\n<p class=\"titgraf\" style=\"text-align: center;\">\n\t<strong>Diez palabras m&aacute;s utilizadas en el nombre por la poblaci&oacute;n andaluza<\/strong><br \/>\n\t<a href=\"http:\/\/www.juntadeandalucia.es\/institutodeestadisticaycartografia\/blog\/wp-content\/uploads\/2018\/05\/graf2-13.png\"><img loading=\"lazy\" alt=\"Diez palabras m\u00e1s utilizadas en el nombre por la poblaci\u00f3n andaluza\" class=\"alignnone size-full wp-image-9347\" height=\"229\" src=\"http:\/\/www.juntadeandalucia.es\/institutodeestadisticaycartografia\/blog\/wp-content\/uploads\/2018\/05\/graf2-13.png\" width=\"435\" srcset=\"https:\/\/ws089.juntadeandalucia.es\/institutodeestadisticaycartografia\/blog\/wp-content\/uploads\/2018\/05\/graf2-13.png 435w, https:\/\/ws089.juntadeandalucia.es\/institutodeestadisticaycartografia\/blog\/wp-content\/uploads\/2018\/05\/graf2-13-300x158.png 300w\" sizes=\"(max-width: 435px) 100vw, 435px\" \/><\/a>\n<\/p>\n<p style=\"text-align: justify;\">\n\tLa publicaci&oacute;n permite ver gr&aacute;ficamente la distribuci&oacute;n de un nombre o un apellido entre los distintos grupos de edad. Por ejemplo, el nombre <em>V&iacute;ctor<\/em> est&aacute; m&aacute;s presente en gente joven: m&aacute;s del 40% de las personas con este nombre tienen menos de 18 a&ntilde;os, con una edad media global de 24 a&ntilde;os y un pico de nacidos en el a&ntilde;o 2006.\n<\/p>\n<p class=\"titgraf\" style=\"text-align: center;\">\n\t<strong>Distribuci&oacute;n del nombre VICTOR por a&ntilde;o de nacimiento y grupo de edad<\/strong><br \/>\n\t<a href=\"http:\/\/www.juntadeandalucia.es\/institutodeestadisticaycartografia\/blog\/wp-content\/uploads\/2018\/05\/graf3-13.png\"><img alt=\"Distribuci\u00f3n del nombre VICTOR por a\u00f1o de nacimiento y grupo de edad\" class=\"alignnone size-full wp-image-9348\" src=\"http:\/\/www.juntadeandalucia.es\/institutodeestadisticaycartografia\/blog\/wp-content\/uploads\/2018\/05\/graf3-13.png\" width=\"620\" srcset=\"https:\/\/ws089.juntadeandalucia.es\/institutodeestadisticaycartografia\/blog\/wp-content\/uploads\/2018\/05\/graf3-13.png 700w, https:\/\/ws089.juntadeandalucia.es\/institutodeestadisticaycartografia\/blog\/wp-content\/uploads\/2018\/05\/graf3-13-300x214.png 300w\" sizes=\"(max-width: 700px) 100vw, 700px\" \/><\/a>\n<\/p>\n<p style=\"text-align: justify;\">\n\tSi se ordenan los nombres seg&uacute;n la edad media de sus poseedores, se observa que entre las diez posiciones m&aacute;s longevas aparecen algunos nombres de origen anglosaj&oacute;n, sobre todo en el caso de los hombres, lo que responde en gran medida a la presencia de jubilados europeos que residen en Andaluc&iacute;a. Junto a estos nombres aparecen, tambi&eacute;n con una elevada edad media, nombres tradicionales espa&ntilde;oles que son menos frecuentes en la actualidad.\n<\/p>\n<p style=\"text-align: justify;\">\n\tEn el otro extremo, entre los diez nombres con menor edad media se observa la presencia de nombres de origen extranjero pero en su versi&oacute;n castellanizada y preferentemente nombres no compuestos y cortos.\n<\/p>\n<p class=\"titgraf\" style=\"text-align: center;\">\n\t<strong>Edad media de los nombres de los residentes en Andaluc&iacute;a<\/strong><br \/>\n\t<a href=\"http:\/\/www.juntadeandalucia.es\/institutodeestadisticaycartografia\/blog\/wp-content\/uploads\/2018\/05\/graf4-6.png\"><img loading=\"lazy\" alt=\"Edad media de los nombres de los residentes en Andaluc\u00eda\" class=\"alignnone size-full wp-image-9349\" height=\"275\" src=\"http:\/\/www.juntadeandalucia.es\/institutodeestadisticaycartografia\/blog\/wp-content\/uploads\/2018\/05\/graf4-6.png\" width=\"591\" srcset=\"https:\/\/ws089.juntadeandalucia.es\/institutodeestadisticaycartografia\/blog\/wp-content\/uploads\/2018\/05\/graf4-6.png 591w, https:\/\/ws089.juntadeandalucia.es\/institutodeestadisticaycartografia\/blog\/wp-content\/uploads\/2018\/05\/graf4-6-300x140.png 300w\" sizes=\"(max-width: 591px) 100vw, 591px\" \/><\/a>\n<\/p>\n<p style=\"text-align: justify;\">\n\tEn cuanto a la distribuci&oacute;n geogr&aacute;fica, <em>Antonio<\/em> es el nombre m&aacute;s utilizado por los hombres residentes en las provincias orientales y <em>Manuel <\/em>en las provincias m&aacute;s al oeste. En el caso de las mujeres, <em>Mar&iacute;a del Carmen<\/em> es el m&aacute;s utilizado en cuatro provincias (C&aacute;diz, C&oacute;rdoba, Granada y Sevilla) y <em>Mar&iacute;a<\/em> en las otras cuatro (Almer&iacute;a, Huelva, Ja&eacute;n y M&aacute;laga).\n<\/p>\n<p style=\"text-align: justify;\">\n\tEn esta edici&oacute;n se incorpora como novedad un mayor detalle territorial al presentar mapas de distribuci&oacute;n espacial de los nombres simples m&aacute;s empleados. En ellos se representa la dispersi&oacute;n territorial de todas las personas que emplean un nombre en su versi&oacute;n simple o en las composiciones m&aacute;s frecuentes en las que dicho nombre aparece.\n<\/p>\n<p style=\"text-align: justify;\">\n\tAs&iacute;, por ejemplo, en la distribuci&oacute;n de los nombres <em>Aguas<\/em> y <em>Capilla<\/em> se observa un n&iacute;tido patr&oacute;n territorial diferenciado, al aparecer el primero de ellos concentrado en la zona oeste de Andaluc&iacute;a y el segundo en la zona este (especialmente en la provincia de Ja&eacute;n).\n<\/p>\n<p class=\"titgraf\" style=\"text-align: center;\">\n\t<strong>Concentraci&oacute;n de las personas cuyo nombre contiene las palabras AGUAS o CAPILLA en cualquier posici&oacute;n<\/strong><br \/>\n\t<a href=\"http:\/\/www.juntadeandalucia.es\/institutodeestadisticaycartografia\/blog\/wp-content\/uploads\/2018\/05\/graf5-1.png\"><img alt=\"Concentraci\u00f3n de las personas cuyo nombre contiene las palabras AGUAS o CAPILLA en cualquier posici\u00f3n\" class=\"alignnone size-full wp-image-9350\" src=\"http:\/\/www.juntadeandalucia.es\/institutodeestadisticaycartografia\/blog\/wp-content\/uploads\/2018\/05\/graf5-1.png\" width=\"620\" srcset=\"https:\/\/ws089.juntadeandalucia.es\/institutodeestadisticaycartografia\/blog\/wp-content\/uploads\/2018\/05\/graf5-1.png 900w, https:\/\/ws089.juntadeandalucia.es\/institutodeestadisticaycartografia\/blog\/wp-content\/uploads\/2018\/05\/graf5-1-300x98.png 300w, https:\/\/ws089.juntadeandalucia.es\/institutodeestadisticaycartografia\/blog\/wp-content\/uploads\/2018\/05\/graf5-1-768x252.png 768w\" sizes=\"(max-width: 900px) 100vw, 900px\" \/><\/a>\n<\/p>\n<p style=\"text-align: justify;\">\n\tEn lo referente a apellidos, estos tienen un comportamiento m&aacute;s estable en el tiempo y el espacio. El m&aacute;s utilizado y extendido contin&uacute;a siendo<em> Garc&iacute;a<\/em>, apellido que acompa&ntilde;a al 6,47% de los andaluces. Huelva es la provincia donde tiene menor presencia entre la poblaci&oacute;n (5,36%) y Granada en la que m&aacute;s (7,31%). Tras <em>Garc&iacute;a<\/em> le siguen <em>Rodr&iacute;guez<\/em>, <em>L&oacute;pez<\/em>, <em>S&aacute;nchez<\/em> y <em>Fern&aacute;ndez<\/em>.<\/p>\n<!-- AddThis Advanced Settings generic via filter on the_content --><!-- AddThis Share Buttons generic via filter on the_content -->","protected":false},"excerpt":{"rendered":"<p>El Instituto de Estad&iacute;stica y Cartograf&iacute;a de Andaluc&iacute;a publica hoy la Estad&iacute;stica de Nombres y Apellidos de los Andaluces con referencia a 1 de enero de 2018. Como viene siendo habitual en los &uacute;ltimos a&ntilde;os, los nombres m&aacute;s comunes entre la poblaci&oacute;n andaluza son Antonio entre los hombres y Mar&iacute;a del Carmen entre las mujeres, [&hellip;]<!-- AddThis Advanced Settings generic via filter on wp_trim_excerpt --><!-- AddThis Share Buttons generic via filter on wp_trim_excerpt --><\/p>\n","protected":false},"author":2,"featured_media":0,"comment_status":"open","ping_status":"open","sticky":false,"template":"","format":"standard","meta":{"_mi_skip_tracking":false},"categories":[1],"tags":[66,65,19],"_links":{"self":[{"href":"https:\/\/ws089.juntadeandalucia.es\/institutodeestadisticaycartografia\/blog\/wp-json\/wp\/v2\/posts\/9344"}],"collection":[{"href":"https:\/\/ws089.juntadeandalucia.es\/institutodeestadisticaycartografia\/blog\/wp-json\/wp\/v2\/posts"}],"about":[{"href":"https:\/\/ws089.juntadeandalucia.es\/institutodeestadisticaycartografia\/blog\/wp-json\/wp\/v2\/types\/post"}],"author":[{"embeddable":true,"href":"https:\/\/ws089.juntadeandalucia.es\/institutodeestadisticaycartografia\/blog\/wp-json\/wp\/v2\/users\/2"}],"replies":[{"embeddable":true,"href":"https:\/\/ws089.juntadeandalucia.es\/institutodeestadisticaycartografia\/blog\/wp-json\/wp\/v2\/comments?post=9344"}],"version-history":[{"count":3,"href":"https:\/\/ws089.juntadeandalucia.es\/institutodeestadisticaycartografia\/blog\/wp-json\/wp\/v2\/posts\/9344\/revisions"}],"predecessor-version":[{"id":10472,"href":"https:\/\/ws089.juntadeandalucia.es\/institutodeestadisticaycartografia\/blog\/wp-json\/wp\/v2\/posts\/9344\/revisions\/10472"}],"wp:attachment":[{"href":"https:\/\/ws089.juntadeandalucia.es\/institutodeestadisticaycartografia\/blog\/wp-json\/wp\/v2\/media?parent=9344"}],"wp:term":[{"taxonomy":"category","embeddable":true,"href":"https:\/\/ws089.juntadeandalucia.es\/institutodeestadisticaycartografia\/blog\/wp-json\/wp\/v2\/categories?post=9344"},{"taxonomy":"post_tag","embeddable":true,"href":"https:\/\/ws089.juntadeandalucia.es\/institutodeestadisticaycartografia\/blog\/wp-json\/wp\/v2\/tags?post=9344"}],"curies":[{"name":"wp","href":"https:\/\/api.w.org\/{rel}","templated":true}]}}