{"id":9332,"date":"2018-05-09T11:36:37","date_gmt":"2018-05-09T09:36:37","guid":{"rendered":"http:\/\/www.juntadeandalucia.es\/institutodeestadisticaycartografia\/blog\/?p=9332"},"modified":"2018-05-21T15:40:22","modified_gmt":"2018-05-21T13:40:22","slug":"ecta0118","status":"publish","type":"post","link":"https:\/\/ws089.juntadeandalucia.es\/institutodeestadisticaycartografia\/blog\/2018\/05\/ecta0118\/","title":{"rendered":"Aumenta un 5,6% el n\u00famero de turistas que visit\u00f3 Andaluc\u00eda en el primer trimestre del a\u00f1o"},"content":{"rendered":"<p style=\"text-align: justify;\">\n\tEl n&uacute;mero de turistas que visit&oacute; Andaluc&iacute;a en el primer trimestre de 2018 super&oacute; los cinco millones cuatrocientos treinta mil, seg&uacute;n los resultados de la Encuesta de Coyuntura Tur&iacute;stica de Andaluc&iacute;a que realiza el Instituto de Estad&iacute;stica y Cartograf&iacute;a de Andaluc&iacute;a, lo que supone un aumento de un 5,6% con respecto al mismo trimestre del a&ntilde;o anterior.\n<\/p>\n<p style=\"text-align: justify;\">\n\tDurante este per&iacute;odo, de los turistas que visitaron Andaluc&iacute;a, el 32,4% eran andaluces, el 28,0% eran del resto de Espa&ntilde;a, el 27,8% proced&iacute;an de la UE excluida Espa&ntilde;a y el 11,8% del resto del mundo.\n<\/p>\n<p class=\"titgraf\" style=\"text-align: center;\">\n\t<strong>Evoluci&oacute;n del n&uacute;mero de turistas<\/strong><br \/>\n\t<a href=\"http:\/\/www.juntadeandalucia.es\/institutodeestadisticaycartografia\/blog\/wp-content\/uploads\/2018\/05\/graf1-12.png\"><img loading=\"lazy\" alt=\"Evoluci\u00f3n del n\u00famero de turistas\" class=\"alignnone size-full wp-image-9333\" height=\"304\" src=\"http:\/\/www.juntadeandalucia.es\/institutodeestadisticaycartografia\/blog\/wp-content\/uploads\/2018\/05\/graf1-12.png\" width=\"607\" srcset=\"https:\/\/ws089.juntadeandalucia.es\/institutodeestadisticaycartografia\/blog\/wp-content\/uploads\/2018\/05\/graf1-12.png 607w, https:\/\/ws089.juntadeandalucia.es\/institutodeestadisticaycartografia\/blog\/wp-content\/uploads\/2018\/05\/graf1-12-300x150.png 300w\" sizes=\"(max-width: 607px) 100vw, 607px\" \/><\/a>\n<\/p>\n<p>\n\t<!--more-->\n<\/p>\n<p style=\"text-align: justify;\">\n\tLas motivaciones principales de los turistas que visitaron Andaluc&iacute;a fueron: el 85,6% por vacaciones, el 9,5% para visitar a familiares y amigos, el 0,4% por trabajo y el 4,5% restante alegaron otras motivaciones.\n<\/p>\n<p style=\"text-align: justify;\">\n\tEn el primer trimestre de 2018, el 64,4% de los viajeros se aloj&oacute; en establecimientos hoteleros, mientras que el 29,5% utiliz&oacute; apartamento, piso o chalet. Por otra parte, la estancia media, o n&uacute;mero de d&iacute;as que por t&eacute;rmino medio permanece un turista en Andaluc&iacute;a, se situ&oacute; en 7,9 d&iacute;as, un 0,7% m&aacute;s que un a&ntilde;o antes.\n<\/p>\n<p style=\"text-align: justify;\">\n\tEn cuanto a la distribuci&oacute;n de los turistas por provincias, M&aacute;laga concentr&oacute; el 29,8% de los mismos, seguida de Granada, Sevilla y C&aacute;diz con el 21,2%, 15,0% y 12,8%, respectivamente.\n<\/p>\n<p class=\"titgraf\" style=\"text-align: center;\">\n\t<strong>Distribuci&oacute;n porcentual de los turistas por provincia. Primer trimestre 2018<\/strong><br \/>\n\t<a href=\"http:\/\/www.juntadeandalucia.es\/institutodeestadisticaycartografia\/blog\/wp-content\/uploads\/2018\/05\/graf2-12.png\"><img loading=\"lazy\" alt=\"Distribuci\u00f3n porcentual de los turistas por provincia. Primer trimestre 2018\" class=\"alignnone size-full wp-image-9334\" height=\"308\" src=\"http:\/\/www.juntadeandalucia.es\/institutodeestadisticaycartografia\/blog\/wp-content\/uploads\/2018\/05\/graf2-12.png\" width=\"418\" srcset=\"https:\/\/ws089.juntadeandalucia.es\/institutodeestadisticaycartografia\/blog\/wp-content\/uploads\/2018\/05\/graf2-12.png 418w, https:\/\/ws089.juntadeandalucia.es\/institutodeestadisticaycartografia\/blog\/wp-content\/uploads\/2018\/05\/graf2-12-300x221.png 300w\" sizes=\"(max-width: 418px) 100vw, 418px\" \/><\/a>\n<\/p>\n<p style=\"text-align: justify;\">\n\tEl gasto medio diario que realizaron los turistas en Andaluc&iacute;a en el primer trimestre se estima en 64,8 euros por turista, cifra que supera en un 0,1% a la del mismo trimestre del a&ntilde;o anterior. La procedencia del turista establece diferencias en este gasto, que var&iacute;a desde los 53,8 euros que gastaron los turistas andaluces hasta los 84,8 euros que gastaron los procedentes del resto del mundo.\n<\/p>\n<p class=\"titgraf\" style=\"text-align: center;\">\n\t<strong>Evoluci&oacute;n del gasto medio diario<\/strong><br \/>\n\t<a href=\"http:\/\/www.juntadeandalucia.es\/institutodeestadisticaycartografia\/blog\/wp-content\/uploads\/2018\/05\/graf3-12.png\"><img loading=\"lazy\" alt=\"Evoluci\u00f3n del gasto medio diario\" class=\"alignnone size-full wp-image-9335\" height=\"304\" src=\"http:\/\/www.juntadeandalucia.es\/institutodeestadisticaycartografia\/blog\/wp-content\/uploads\/2018\/05\/graf3-12.png\" width=\"607\" srcset=\"https:\/\/ws089.juntadeandalucia.es\/institutodeestadisticaycartografia\/blog\/wp-content\/uploads\/2018\/05\/graf3-12.png 607w, https:\/\/ws089.juntadeandalucia.es\/institutodeestadisticaycartografia\/blog\/wp-content\/uploads\/2018\/05\/graf3-12-300x150.png 300w\" sizes=\"(max-width: 607px) 100vw, 607px\" \/><\/a>\n<\/p>\n<p class=\"titgraf\" style=\"text-align: center;\">\n\t<strong>Gasto medio diario seg&uacute;n procedencia. Primer trimestre 2018<\/strong><br \/>\n\t<a href=\"http:\/\/www.juntadeandalucia.es\/institutodeestadisticaycartografia\/blog\/wp-content\/uploads\/2018\/05\/graf4-5.png\"><img loading=\"lazy\" alt=\"Gasto medio diario seg\u00fan procedencia. Primer trimestre 2018\" class=\"alignnone size-full wp-image-9336\" height=\"343\" src=\"http:\/\/www.juntadeandalucia.es\/institutodeestadisticaycartografia\/blog\/wp-content\/uploads\/2018\/05\/graf4-5.png\" width=\"570\" srcset=\"https:\/\/ws089.juntadeandalucia.es\/institutodeestadisticaycartografia\/blog\/wp-content\/uploads\/2018\/05\/graf4-5.png 570w, https:\/\/ws089.juntadeandalucia.es\/institutodeestadisticaycartografia\/blog\/wp-content\/uploads\/2018\/05\/graf4-5-300x181.png 300w\" sizes=\"(max-width: 570px) 100vw, 570px\" \/><\/a>\n<\/p>\n<p style=\"text-align: justify;\">\n\tEn cuanto a la valoraci&oacute;n, de uno a diez, del viaje realizado, los turistas que visitaron Andaluc&iacute;a durante el trimestre, concedieron un 8,4 a su estancia en la regi&oacute;n. Las provincias m&aacute;s valoradas fueron C&oacute;rdoba y M&aacute;laga, con un 8,7, y Sevilla, con un 8,6. Los aspectos mejor valorados por los visitantes fueron los relacionados con los puertos y actividades na&uacute;ticas, y paisajes y parques naturales.\n<\/p>\n<p style=\"text-align: justify;\">\n\tPor &uacute;ltimo, a la pregunta realizada a los turistas sobre si se hab&iacute;an visto cubiertas sus expectativas con respecto a Andaluc&iacute;a, el 17,0% de los viajeros consider&oacute; que el medio ambiente fue mejor de lo esperado; mientras que el 5,2% consider&oacute; que la red de comunicaciones fue peor de lo esperado.\n<\/p>\n<p>\n\t&nbsp;\n<\/p>\n<p>\n\t<span style=\"color:#A9A9A9;\">Esta actividad ha sido financiada con fondos FEDER<\/span>\n<\/p>\n<p>\n\t<a href=\"http:\/\/www.juntadeandalucia.es\/institutodeestadisticaycartografia\/blog\/wp-content\/uploads\/2017\/03\/Logo_UE_FEDER.gif\"><span style=\"color:#A9A9A9;\"><img loading=\"lazy\" alt=\"\" class=\"aligncenter size-full wp-image-8048\" height=\"30\" src=\"http:\/\/www.juntadeandalucia.es\/institutodeestadisticaycartografia\/blog\/wp-content\/uploads\/2017\/03\/Logo_UE_FEDER.gif\" style=\"float: left;\" width=\"161\" \/><\/span><\/a><\/p>\n<!-- AddThis Advanced Settings generic via filter on the_content --><!-- AddThis Share Buttons generic via filter on the_content -->","protected":false},"excerpt":{"rendered":"<p>El n&uacute;mero de turistas que visit&oacute; Andaluc&iacute;a en el primer trimestre de 2018 super&oacute; los cinco millones cuatrocientos treinta mil, seg&uacute;n los resultados de la Encuesta de Coyuntura Tur&iacute;stica de Andaluc&iacute;a que realiza el Instituto de Estad&iacute;stica y Cartograf&iacute;a de Andaluc&iacute;a, lo que supone un aumento de un 5,6% con respecto al mismo trimestre del [&hellip;]<!-- AddThis Advanced Settings generic via filter on wp_trim_excerpt --><!-- AddThis Share Buttons generic via filter on wp_trim_excerpt --><\/p>\n","protected":false},"author":2,"featured_media":0,"comment_status":"open","ping_status":"open","sticky":false,"template":"","format":"standard","meta":{"_mi_skip_tracking":false},"categories":[1],"tags":[417,58,528],"_links":{"self":[{"href":"https:\/\/ws089.juntadeandalucia.es\/institutodeestadisticaycartografia\/blog\/wp-json\/wp\/v2\/posts\/9332"}],"collection":[{"href":"https:\/\/ws089.juntadeandalucia.es\/institutodeestadisticaycartografia\/blog\/wp-json\/wp\/v2\/posts"}],"about":[{"href":"https:\/\/ws089.juntadeandalucia.es\/institutodeestadisticaycartografia\/blog\/wp-json\/wp\/v2\/types\/post"}],"author":[{"embeddable":true,"href":"https:\/\/ws089.juntadeandalucia.es\/institutodeestadisticaycartografia\/blog\/wp-json\/wp\/v2\/users\/2"}],"replies":[{"embeddable":true,"href":"https:\/\/ws089.juntadeandalucia.es\/institutodeestadisticaycartografia\/blog\/wp-json\/wp\/v2\/comments?post=9332"}],"version-history":[{"count":2,"href":"https:\/\/ws089.juntadeandalucia.es\/institutodeestadisticaycartografia\/blog\/wp-json\/wp\/v2\/posts\/9332\/revisions"}],"predecessor-version":[{"id":9618,"href":"https:\/\/ws089.juntadeandalucia.es\/institutodeestadisticaycartografia\/blog\/wp-json\/wp\/v2\/posts\/9332\/revisions\/9618"}],"wp:attachment":[{"href":"https:\/\/ws089.juntadeandalucia.es\/institutodeestadisticaycartografia\/blog\/wp-json\/wp\/v2\/media?parent=9332"}],"wp:term":[{"taxonomy":"category","embeddable":true,"href":"https:\/\/ws089.juntadeandalucia.es\/institutodeestadisticaycartografia\/blog\/wp-json\/wp\/v2\/categories?post=9332"},{"taxonomy":"post_tag","embeddable":true,"href":"https:\/\/ws089.juntadeandalucia.es\/institutodeestadisticaycartografia\/blog\/wp-json\/wp\/v2\/tags?post=9332"}],"curies":[{"name":"wp","href":"https:\/\/api.w.org\/{rel}","templated":true}]}}