{"id":9291,"date":"2018-05-07T12:00:16","date_gmt":"2018-05-07T10:00:16","guid":{"rendered":"http:\/\/www.juntadeandalucia.es\/institutodeestadisticaycartografia\/blog\/?p=9291"},"modified":"2018-05-07T14:04:02","modified_gmt":"2018-05-07T12:04:02","slug":"proyeccion-subregionales-2016-2040","status":"publish","type":"post","link":"https:\/\/ws089.juntadeandalucia.es\/institutodeestadisticaycartografia\/blog\/2018\/05\/proyeccion-subregionales-2016-2040\/","title":{"rendered":"Se publica la proyecci\u00f3n de poblaci\u00f3n por \u00e1mbitos subregionales 2016-2040"},"content":{"rendered":"<p style=\"text-align: justify;\">\n\tLa <a href=\"http:\/\/www.juntadeandalucia.es\/institutodeestadisticaycartografia\/proyecciones\/proyecc\/index.htm\">proyecci&oacute;n de poblaci&oacute;n para &aacute;mbitos subregionales<\/a> es una proyecci&oacute;n derivada de la Proyecci&oacute;n de la Poblaci&oacute;n de Andaluc&iacute;a y Provincias 2016-2070 en su escenario medio.\n<\/p>\n<p style=\"text-align: justify;\">\n\tEn l&iacute;nea con lo que se espera a nivel regional, en los pr&oacute;ximos veinticinco a&ntilde;os el crecimiento poblacional se va a moderar significativamente, y la poblaci&oacute;n va a seguir envejeciendo en todos los &aacute;mbitos. No obstante, la din&aacute;mica demogr&aacute;fica no ser&aacute; igual en todos ellos.\n<\/p>\n<p style=\"text-align: justify;\">\n\tEl litoral va a seguir siendo el &aacute;rea con mayor dinamismo demogr&aacute;fico, aumentando su poblaci&oacute;n y su peso sobre el total (en el a&ntilde;o 2040 habr&aacute; 190 mil residentes m&aacute;s en el litoral, alcanzando el 41% del total de poblaci&oacute;n andaluza). Por el contrario, las serran&iacute;as continuar&aacute;n su proceso de p&eacute;rdida de poblaci&oacute;n (62 mil personas menos en 2040 y un peso relativo del 16%). El Valle del Guadalquivir seguir&aacute; siendo el espacio en el que reside un mayor n&uacute;mero de andaluces hasta el a&ntilde;o 2040. En conjunto, aunque estos dos &aacute;mbitos ocupan menos de la mitad del territorio, en ellos residir&aacute; el 82% de la poblaci&oacute;n andaluza en el a&ntilde;o 2040.\n<\/p>\n<p style=\"text-align: center;\">\n\t<strong><em>Evoluci&oacute;n y proyecci&oacute;n de los efectivos de poblaci&oacute;n por tipo de Unidad Territorial, Andaluc&iacute;a, 2002-2040<\/em><\/strong><br \/>\n\t<a href=\"http:\/\/www.juntadeandalucia.es\/institutodeestadisticaycartografia\/blog\/wp-content\/uploads\/2018\/05\/graf1-8.png\"><img loading=\"lazy\" alt=\"Evoluci\u00f3n y proyecci\u00f3n de los efectivos de poblaci\u00f3n por tipo de Unidad Territorial, Andaluc\u00eda, 2002-2040\" class=\"alignnone size-full wp-image-9292\" height=\"338\" src=\"http:\/\/www.juntadeandalucia.es\/institutodeestadisticaycartografia\/blog\/wp-content\/uploads\/2018\/05\/graf1-8.png\" width=\"609\" srcset=\"https:\/\/ws089.juntadeandalucia.es\/institutodeestadisticaycartografia\/blog\/wp-content\/uploads\/2018\/05\/graf1-8.png 609w, https:\/\/ws089.juntadeandalucia.es\/institutodeestadisticaycartografia\/blog\/wp-content\/uploads\/2018\/05\/graf1-8-300x167.png 300w\" sizes=\"(max-width: 609px) 100vw, 609px\" \/><\/a>\n<\/p>\n<p>\n\t<!--more-->\n<\/p>\n<p style=\"text-align: justify;\">\n\tSe mantendr&aacute; tambi&eacute;n el mayor dinamismo de las &aacute;reas metropolitanas frente a las respectivas capitales de provincia. As&iacute;, la poblaci&oacute;n residente en las capitales andaluzas disminuir&aacute; en conjunto en 62 mil personas. En contraste, los dem&aacute;s municipios de los Centros Regionales ganar&aacute;n 144 mil habitantes, incrementando su poblaci&oacute;n de manera significativa.\n<\/p>\n<p style=\"text-align: justify;\">\n\tLos mayores incrementos de poblaci&oacute;n se esperan en municipios de un tama&ntilde;o intermedio, entre 10 mil y 100 mil habitantes, en los que ya reside casi la mitad de la poblaci&oacute;n andaluza. En 2040 los municipios entre 10 y 100 mil habitantes contar&aacute;n con 161 mil habitantes adicionales. Muchos de estos municipios se encuentran precisamente en las &aacute;reas que ya se han identificado como m&aacute;s din&aacute;micas: el litoral andaluz y las &aacute;reas metropolitanas de las grandes ciudades.\n<\/p>\n<p style=\"text-align: center;\">\n\t<strong><em>Poblaci&oacute;n residente en los municipios andaluces. A&ntilde;o 2040<\/em><\/strong><br \/>\n\t<a href=\"http:\/\/www.juntadeandalucia.es\/institutodeestadisticaycartografia\/blog\/wp-content\/uploads\/2018\/05\/graf2-8.png\"><img alt=\"Poblaci\u00f3n residente en los municipios andaluces. A\u00f1o 2040\" class=\"alignnone size-full wp-image-9293\" src=\"http:\/\/www.juntadeandalucia.es\/institutodeestadisticaycartografia\/blog\/wp-content\/uploads\/2018\/05\/graf2-8.png\" width=\"620\" srcset=\"https:\/\/ws089.juntadeandalucia.es\/institutodeestadisticaycartografia\/blog\/wp-content\/uploads\/2018\/05\/graf2-8.png 900w, https:\/\/ws089.juntadeandalucia.es\/institutodeestadisticaycartografia\/blog\/wp-content\/uploads\/2018\/05\/graf2-8-300x191.png 300w, https:\/\/ws089.juntadeandalucia.es\/institutodeestadisticaycartografia\/blog\/wp-content\/uploads\/2018\/05\/graf2-8-768x489.png 768w\" sizes=\"(max-width: 900px) 100vw, 900px\" \/><\/a>\n<\/p>\n<p style=\"text-align: justify;\">\n\tAdem&aacute;s de los &aacute;mbitos anteriormente mencionados, tambi&eacute;n se han elaborado proyecciones por sexo y edad para otros &aacute;mbitos usados por la Administraci&oacute;n P&uacute;blica andaluza: las Unidades Territoriales del Plan de Ordenaci&oacute;n del Territorio de Andaluc&iacute;a, los Distritos Sanitarios, las Zonas Educativas, las Comarcas Agrarias y las Demarcaciones Deportivas, as&iacute; como para cada uno de los municipios con un tama&ntilde;o poblacional superior a 10 mil habitantes.\n<\/p>\n<p style=\"text-align: center;\">\n\t<strong><em>Evoluci&oacute;n (miles) y distribuci&oacute;n (%) de la poblaci&oacute;n proyectada. Distintas desagregaciones<\/em><\/strong><br \/>\n\t<a href=\"http:\/\/www.juntadeandalucia.es\/institutodeestadisticaycartografia\/blog\/wp-content\/uploads\/2018\/05\/graf3-8.png\"><img alt=\"Evoluci\u00f3n (miles) y distribuci\u00f3n (%) de la poblaci\u00f3n proyectada. Distintas desagregaciones\" class=\"alignnone size-full wp-image-9294\" src=\"http:\/\/www.juntadeandalucia.es\/institutodeestadisticaycartografia\/blog\/wp-content\/uploads\/2018\/05\/graf3-8.png\" width=\"620\" srcset=\"https:\/\/ws089.juntadeandalucia.es\/institutodeestadisticaycartografia\/blog\/wp-content\/uploads\/2018\/05\/graf3-8.png 649w, https:\/\/ws089.juntadeandalucia.es\/institutodeestadisticaycartografia\/blog\/wp-content\/uploads\/2018\/05\/graf3-8-300x218.png 300w\" sizes=\"(max-width: 649px) 100vw, 649px\" \/><\/a><\/p>\n<!-- AddThis Advanced Settings generic via filter on the_content --><!-- AddThis Share Buttons generic via filter on the_content -->","protected":false},"excerpt":{"rendered":"<p>La proyecci&oacute;n de poblaci&oacute;n para &aacute;mbitos subregionales es una proyecci&oacute;n derivada de la Proyecci&oacute;n de la Poblaci&oacute;n de Andaluc&iacute;a y Provincias 2016-2070 en su escenario medio. En l&iacute;nea con lo que se espera a nivel regional, en los pr&oacute;ximos veinticinco a&ntilde;os el crecimiento poblacional se va a moderar significativamente, y la poblaci&oacute;n va a seguir [&hellip;]<!-- AddThis Advanced Settings generic via filter on wp_trim_excerpt --><!-- AddThis Share Buttons generic via filter on wp_trim_excerpt --><\/p>\n","protected":false},"author":2,"featured_media":0,"comment_status":"open","ping_status":"open","sticky":false,"template":"","format":"standard","meta":{"_mi_skip_tracking":false},"categories":[1],"tags":[367,19,366],"_links":{"self":[{"href":"https:\/\/ws089.juntadeandalucia.es\/institutodeestadisticaycartografia\/blog\/wp-json\/wp\/v2\/posts\/9291"}],"collection":[{"href":"https:\/\/ws089.juntadeandalucia.es\/institutodeestadisticaycartografia\/blog\/wp-json\/wp\/v2\/posts"}],"about":[{"href":"https:\/\/ws089.juntadeandalucia.es\/institutodeestadisticaycartografia\/blog\/wp-json\/wp\/v2\/types\/post"}],"author":[{"embeddable":true,"href":"https:\/\/ws089.juntadeandalucia.es\/institutodeestadisticaycartografia\/blog\/wp-json\/wp\/v2\/users\/2"}],"replies":[{"embeddable":true,"href":"https:\/\/ws089.juntadeandalucia.es\/institutodeestadisticaycartografia\/blog\/wp-json\/wp\/v2\/comments?post=9291"}],"version-history":[{"count":2,"href":"https:\/\/ws089.juntadeandalucia.es\/institutodeestadisticaycartografia\/blog\/wp-json\/wp\/v2\/posts\/9291\/revisions"}],"predecessor-version":[{"id":9296,"href":"https:\/\/ws089.juntadeandalucia.es\/institutodeestadisticaycartografia\/blog\/wp-json\/wp\/v2\/posts\/9291\/revisions\/9296"}],"wp:attachment":[{"href":"https:\/\/ws089.juntadeandalucia.es\/institutodeestadisticaycartografia\/blog\/wp-json\/wp\/v2\/media?parent=9291"}],"wp:term":[{"taxonomy":"category","embeddable":true,"href":"https:\/\/ws089.juntadeandalucia.es\/institutodeestadisticaycartografia\/blog\/wp-json\/wp\/v2\/categories?post=9291"},{"taxonomy":"post_tag","embeddable":true,"href":"https:\/\/ws089.juntadeandalucia.es\/institutodeestadisticaycartografia\/blog\/wp-json\/wp\/v2\/tags?post=9291"}],"curies":[{"name":"wp","href":"https:\/\/api.w.org\/{rel}","templated":true}]}}