{"id":8891,"date":"2017-12-19T11:39:58","date_gmt":"2017-12-19T10:39:58","guid":{"rendered":"http:\/\/www.juntadeandalucia.es\/institutodeestadisticaycartografia\/blog\/?p=8891"},"modified":"2018-01-08T10:49:07","modified_gmt":"2018-01-08T09:49:07","slug":"crta0317","status":"publish","type":"post","link":"https:\/\/ws089.juntadeandalucia.es\/institutodeestadisticaycartografia\/blog\/2017\/12\/crta0317\/","title":{"rendered":"La econom\u00eda andaluza creci\u00f3 en el tercer trimestre de 2017 un 3,0% respecto al mismo periodo del a\u00f1o anterior"},"content":{"rendered":"<p style=\"text-align: justify;\">\n\tSeg&uacute;n los resultados de la <a href=\"http:\/\/www.juntadeandalucia.es\/institutodeestadisticaycartografia\/crta\/index.htm\">Contabilidad Regional Trimestral de Andaluc&iacute;a. Base 2010<\/a> que elabora el Instituto de Estad&iacute;stica y Cartograf&iacute;a de Andaluc&iacute;a, la econom&iacute;a andaluza creci&oacute; en el tercer trimestre de 2017 un 3,0%<sup>1<\/sup> respecto al mismo periodo del a&ntilde;o anterior. El crecimiento intertrimestral se situ&oacute; en el 0,7%.\n<\/p>\n<p class=\"titgraf\" style=\"text-align: center;\">\n\t<strong>Evoluci&oacute;n trimestral del PIB. Tasas de variaci&oacute;n interanual (%)<\/strong><br \/>\n\t<a href=\"http:\/\/www.juntadeandalucia.es\/institutodeestadisticaycartografia\/blog\/wp-content\/uploads\/2018\/01\/graf1-2.png\"><img loading=\"lazy\" alt=\"Evoluci\u00f3n trimestral del PIB. Tasas de variaci\u00f3n interanual (%)\" class=\"alignnone size-full wp-image-8893\" height=\"304\" src=\"http:\/\/www.juntadeandalucia.es\/institutodeestadisticaycartografia\/blog\/wp-content\/uploads\/2018\/01\/graf1-2.png\" width=\"607\" srcset=\"https:\/\/ws089.juntadeandalucia.es\/institutodeestadisticaycartografia\/blog\/wp-content\/uploads\/2018\/01\/graf1-2.png 607w, https:\/\/ws089.juntadeandalucia.es\/institutodeestadisticaycartografia\/blog\/wp-content\/uploads\/2018\/01\/graf1-2-300x150.png 300w\" sizes=\"(max-width: 607px) 100vw, 607px\" \/><\/a>\n<\/p>\n<p>\n\t<!--more-->\n<\/p>\n<p style=\"text-align: justify;\">\n\tAnalizando los dos grandes componentes del PIB andaluz, desde la &oacute;ptica de la demanda, en este tercer trimestre del a&ntilde;o, la demanda regional tuvo una aportaci&oacute;n de 3 puntos al crecimiento del PIB, mientras que el saldo exterior registr&oacute; una contribuci&oacute;n nula.\n<\/p>\n<p class=\"titgraf\" style=\"text-align: center;\">\n\t<strong>Aportaciones al crecimiento del PIB pm (%)<\/strong><br \/>\n\t<a href=\"http:\/\/www.juntadeandalucia.es\/institutodeestadisticaycartografia\/blog\/wp-content\/uploads\/2018\/01\/graf2-2.png\"><img loading=\"lazy\" alt=\"Aportaciones al crecimiento del PIB pm (%)\" class=\"alignnone size-full wp-image-8894\" height=\"309\" src=\"http:\/\/www.juntadeandalucia.es\/institutodeestadisticaycartografia\/blog\/wp-content\/uploads\/2018\/01\/graf2-2.png\" width=\"597\" srcset=\"https:\/\/ws089.juntadeandalucia.es\/institutodeestadisticaycartografia\/blog\/wp-content\/uploads\/2018\/01\/graf2-2.png 597w, https:\/\/ws089.juntadeandalucia.es\/institutodeestadisticaycartografia\/blog\/wp-content\/uploads\/2018\/01\/graf2-2-300x155.png 300w\" sizes=\"(max-width: 597px) 100vw, 597px\" \/><\/a>\n<\/p>\n<p style=\"text-align: justify;\">\n\tPor componentes de la demanda, el gasto en consumo final de los hogares regional registr&oacute; un crecimiento del 2,7%, sumando 1,7 puntos al crecimiento trimestral del PIB andaluz.\n<\/p>\n<p style=\"text-align: justify;\">\n\tEl gasto en consumo final de las Administraciones P&uacute;blicas e Instituciones sin fines de lucro al servicio de los hogares registr&oacute; un crecimiento del 1,2% en el tercer periodo del a&ntilde;o, presentando una repercusi&oacute;n de tres d&eacute;cimas porcentuales al crecimiento regional.\n<\/p>\n<p style=\"text-align: justify;\">\n\tDe esta forma, el gasto en consumo final regional creci&oacute; un 2,2%, aportando 2 puntos al PIB regional.\n<\/p>\n<p style=\"text-align: justify;\">\n\tLa formaci&oacute;n bruta de capital, por su parte, registr&oacute; una mejora del 5,7% en el tercer trimestre de 2017, lo que supone una repercusi&oacute;n positiva sobre el PIB de un punto.\n<\/p>\n<p style=\"text-align: justify;\">\n\tEn cuanto a los agregados del sector exterior, tanto las exportaciones de bienes y servicios como las importaciones, registran crecimientos positivos del 5,2% y del 4,5%, respectivamente, respecto al mismo trimestre del a&ntilde;o anterior.\n<\/p>\n<p style=\"text-align: justify;\">\n\tPor componentes de la oferta, las ramas primarias registraron una tasa del -1,1%, restando una d&eacute;cima porcentual al crecimiento trimestral del PIB.\n<\/p>\n<p style=\"text-align: justify;\">\n\tLas ramas industriales crecieron un 3,5%, lo que supone una aportaci&oacute;n de cuatro d&eacute;cimas al crecimiento del PIB. La industria manufacturera experiment&oacute; una subida del 2,4%.\n<\/p>\n<p style=\"text-align: justify;\">\n\tPor su parte, el sector de la construcci&oacute;n registr&oacute; una tasa del 5,6%, siendo su aportaci&oacute;n al crecimiento del PIB del tercer trimestre en la Comunidad de tres d&eacute;cimas.\n<\/p>\n<p style=\"text-align: justify;\">\n\tEl sector servicios presenta en este trimestre un crecimiento del 2,7%, siendo su aportaci&oacute;n al crecimiento del PIB de 1,9 puntos. Por subsectores, los mayores crecimientos los registraron las actividades de comercio, transporte y hosteler&iacute;a (4,5%) y las actividades profesionales (4,4%).\n<\/p>\n<p class=\"titgraf\" style=\"text-align: center;\">\n\t<strong>VAB por sectores. Tercer trimestre 2017. Tasas de variaci&oacute;n interanual (%)<\/strong><br \/>\n\t<a href=\"http:\/\/www.juntadeandalucia.es\/institutodeestadisticaycartografia\/blog\/wp-content\/uploads\/2018\/01\/graf5.png\"><img loading=\"lazy\" alt=\"VAB por sectores. Tercer trimestre 2017. Tasas de variaci\u00f3n interanual (%)\" class=\"alignnone size-full wp-image-8895\" height=\"304\" src=\"http:\/\/www.juntadeandalucia.es\/institutodeestadisticaycartografia\/blog\/wp-content\/uploads\/2018\/01\/graf5.png\" width=\"531\" srcset=\"https:\/\/ws089.juntadeandalucia.es\/institutodeestadisticaycartografia\/blog\/wp-content\/uploads\/2018\/01\/graf5.png 531w, https:\/\/ws089.juntadeandalucia.es\/institutodeestadisticaycartografia\/blog\/wp-content\/uploads\/2018\/01\/graf5-300x172.png 300w\" sizes=\"(max-width: 531px) 100vw, 531px\" \/><\/a>\n<\/p>\n<p style=\"text-align: justify;\">\n\tEl empleo, medido en t&eacute;rminos de puestos de trabajo<sup>2<\/sup>, presenta para este trimestre un crecimiento del 3,9%. Igualmente, se observa una mejora en el n&uacute;mero de puestos de trabajo asalariados del 4,1%, debido principalmente a la mejora del n&uacute;mero de asalariados en las ramas de informaci&oacute;n y comunicaci&oacute;n y en las actividades inmobiliarias.\n<\/p>\n<p style=\"text-align: justify;\">\n\tAtendiendo a la perspectiva de las rentas, la remuneraci&oacute;n de los asalariados registra una mejora del 4,2% en el tercer trimestre de 2017, mientras que el excedente de explotaci&oacute;n bruto\/renta mixta crece un 4,5%.\n<\/p>\n<p style=\"text-align: justify;\">\n\t<span style=\"font-size:9px;\"><sup>1<\/sup>Medidas de volumen encadenadas, con referencia en el a&ntilde;o 2008. Series corregidas de efectos estacionales y de calendario.<\/span>\n<\/p>\n<p style=\"text-align: justify;\">\n\t<span style=\"font-size:9px;\"><sup>2<\/sup>El concepto de puesto de trabajo difiere del de persona empleada ya que una misma persona puede ocupar uno o varios puestos de trabajo.<\/span>\n<\/p>\n<hr \/>\n<p>\n\t<span style=\"color:#A9A9A9;\">Esta actividad ha sido financiada con fondos FEDER<\/span>\n<\/p>\n<p>\n\t<a href=\"http:\/\/www.juntadeandalucia.es\/institutodeestadisticaycartografia\/blog\/wp-content\/uploads\/2017\/03\/Logo_UE_FEDER.gif\"><span style=\"color:#A9A9A9;\"><img loading=\"lazy\" alt=\"\" class=\"aligncenter size-full wp-image-8048\" height=\"30\" src=\"http:\/\/www.juntadeandalucia.es\/institutodeestadisticaycartografia\/blog\/wp-content\/uploads\/2017\/03\/Logo_UE_FEDER.gif\" style=\"float: left;\" width=\"161\" \/><\/span><\/a><\/p>\n<!-- AddThis Advanced Settings generic via filter on the_content --><!-- AddThis Share Buttons generic via filter on the_content -->","protected":false},"excerpt":{"rendered":"<p>Seg&uacute;n los resultados de la Contabilidad Regional Trimestral de Andaluc&iacute;a. Base 2010 que elabora el Instituto de Estad&iacute;stica y Cartograf&iacute;a de Andaluc&iacute;a, la econom&iacute;a andaluza creci&oacute; en el tercer trimestre de 2017 un 3,0%1 respecto al mismo periodo del a&ntilde;o anterior. El crecimiento intertrimestral se situ&oacute; en el 0,7%. Evoluci&oacute;n trimestral del PIB. Tasas de [&hellip;]<!-- AddThis Advanced Settings generic via filter on wp_trim_excerpt --><!-- AddThis Share Buttons generic via filter on wp_trim_excerpt --><\/p>\n","protected":false},"author":2,"featured_media":0,"comment_status":"open","ping_status":"open","sticky":false,"template":"","format":"standard","meta":{"_mi_skip_tracking":false},"categories":[1],"tags":[102,153,502,155],"_links":{"self":[{"href":"https:\/\/ws089.juntadeandalucia.es\/institutodeestadisticaycartografia\/blog\/wp-json\/wp\/v2\/posts\/8891"}],"collection":[{"href":"https:\/\/ws089.juntadeandalucia.es\/institutodeestadisticaycartografia\/blog\/wp-json\/wp\/v2\/posts"}],"about":[{"href":"https:\/\/ws089.juntadeandalucia.es\/institutodeestadisticaycartografia\/blog\/wp-json\/wp\/v2\/types\/post"}],"author":[{"embeddable":true,"href":"https:\/\/ws089.juntadeandalucia.es\/institutodeestadisticaycartografia\/blog\/wp-json\/wp\/v2\/users\/2"}],"replies":[{"embeddable":true,"href":"https:\/\/ws089.juntadeandalucia.es\/institutodeestadisticaycartografia\/blog\/wp-json\/wp\/v2\/comments?post=8891"}],"version-history":[{"count":3,"href":"https:\/\/ws089.juntadeandalucia.es\/institutodeestadisticaycartografia\/blog\/wp-json\/wp\/v2\/posts\/8891\/revisions"}],"predecessor-version":[{"id":9152,"href":"https:\/\/ws089.juntadeandalucia.es\/institutodeestadisticaycartografia\/blog\/wp-json\/wp\/v2\/posts\/8891\/revisions\/9152"}],"wp:attachment":[{"href":"https:\/\/ws089.juntadeandalucia.es\/institutodeestadisticaycartografia\/blog\/wp-json\/wp\/v2\/media?parent=8891"}],"wp:term":[{"taxonomy":"category","embeddable":true,"href":"https:\/\/ws089.juntadeandalucia.es\/institutodeestadisticaycartografia\/blog\/wp-json\/wp\/v2\/categories?post=8891"},{"taxonomy":"post_tag","embeddable":true,"href":"https:\/\/ws089.juntadeandalucia.es\/institutodeestadisticaycartografia\/blog\/wp-json\/wp\/v2\/tags?post=8891"}],"curies":[{"name":"wp","href":"https:\/\/api.w.org\/{rel}","templated":true}]}}