{"id":8839,"date":"2017-12-15T13:08:57","date_gmt":"2017-12-15T12:08:57","guid":{"rendered":"http:\/\/www.juntadeandalucia.es\/institutodeestadisticaycartografia\/blog\/?p=8839"},"modified":"2017-12-15T13:08:57","modified_gmt":"2017-12-15T12:08:57","slug":"vidaslaborales-trayectorias-2016","status":"publish","type":"post","link":"https:\/\/ws089.juntadeandalucia.es\/institutodeestadisticaycartografia\/blog\/2017\/12\/vidaslaborales-trayectorias-2016\/","title":{"rendered":"Se publican datos sobre las trayectorias profesionales en Andaluc\u00eda actualizadas a 2016"},"content":{"rendered":"<p style=\"text-align: justify;\">\n\tSe ampl&iacute;an los resultados de la explotaci&oacute;n que hace el Instituto de Estad&iacute;stica y Cartograf&iacute;a de Andaluc&iacute;a de la <a href=\"http:\/\/www.juntadeandalucia.es\/institutodeestadisticaycartografia\/vidaslaborales\/index.htm\">Muestra Continua de Vidas Laborales<\/a>, incorporando tablas estad&iacute;sticas relativas a toda la vida laboral de las personas. Este estudio retrospectivo parte de la poblaci&oacute;n que tuvo relaci&oacute;n con la Seguridad Social en el &uacute;ltimo a&ntilde;o disponible (2016) y se ofrece informaci&oacute;n relativa a toda la vida laboral y\/o a etapas de la misma.\n<\/p>\n<p style=\"text-align: justify;\">\n\tLa publicaci&oacute;n genera un gran volumen de datos con el fin de describir c&oacute;mo han sido los itinerarios laborales de los andaluces. Se pone a disposici&oacute;n de los usuarios una bater&iacute;a de indicadores novedosos y un conjunto de variables categ&oacute;ricas que identifican subgrupos de poblaci&oacute;n que comparten ciertas caracter&iacute;sticas (como el sexo o el a&ntilde;o de nacimiento).\n<\/p>\n<p class=\"titgraf\" style=\"text-align: center;\">\n\t<strong>Ejemplo de tabla con diversos indicadores por generaciones y variables categ&oacute;ricas<\/strong><br \/>\n\t<a href=\"http:\/\/www.juntadeandalucia.es\/institutodeestadisticaycartografia\/blog\/wp-content\/uploads\/2017\/12\/graf1-blog.png\"><img alt=\"Ejemplo de tabla con diversos indicadores por generaciones y variables categ\u00f3ricas\" class=\"alignnone size-full wp-image-8847\" src=\"http:\/\/www.juntadeandalucia.es\/institutodeestadisticaycartografia\/blog\/wp-content\/uploads\/2017\/12\/graf1-blog.png\" width=\"620\" srcset=\"https:\/\/ws089.juntadeandalucia.es\/institutodeestadisticaycartografia\/blog\/wp-content\/uploads\/2017\/12\/graf1-blog.png 718w, https:\/\/ws089.juntadeandalucia.es\/institutodeestadisticaycartografia\/blog\/wp-content\/uploads\/2017\/12\/graf1-blog-300x125.png 300w\" sizes=\"(max-width: 718px) 100vw, 718px\" \/><\/a>\n<\/p>\n<p>\n\t<!--more-->\n<\/p>\n<p style=\"text-align: justify;\">\n\tLas mujeres se incorporan m&aacute;s tarde al mundo laboral (23 a&ntilde;os frente a los 21,4 de los hombres). Las vidas laborales de las mujeres contienen tambi&eacute;n un menor n&uacute;mero de episodios de cotizaci&oacute;n que los hombres (25,8 y 30,7, respectivamente). Adem&aacute;s, las mujeres han pasado una proporci&oacute;n menor de tiempo cotizando (72% de su vida laboral frente al 78% de los hombres). En cambio, la proporci&oacute;n de tiempo que se ha estado cotizando desde la situaci&oacute;n de desempleo es mayor en mujeres (15% frente al 12% en hombres), diferencia que se va reduciendo para las generaciones m&aacute;s j&oacute;venes.\n<\/p>\n<p style=\"text-align: justify;\">\n\tSe ha estudiado la movilidad laboral a partir de la evoluci&oacute;n de los grupos de cotizaci&oacute;n. Las personas que se han mantenido en los grupos de cotizaci&oacute;n m&aacute;s altos (01-04) han cotizado durante un 89% de su vida laboral, cifra superior a la de las personas que se han mantenido en los grupos bajos (09-12) que es del 70%.\n<\/p>\n<p class=\"titgraf\" style=\"text-align: center;\">\n\t<strong>Densidad de cotizaci&oacute;n seg&uacute;n evoluci&oacute;n del grupo de cotizaci&oacute;n<\/strong><br \/>\n\t<a href=\"http:\/\/www.juntadeandalucia.es\/institutodeestadisticaycartografia\/blog\/wp-content\/uploads\/2017\/12\/graf2-blog-2.png\"><img loading=\"lazy\" alt=\"Densidad de cotizaci\u00f3n seg\u00fan evoluci\u00f3n del grupo de cotizaci\u00f3n\" class=\"alignnone size-full wp-image-8848\" height=\"342\" src=\"http:\/\/www.juntadeandalucia.es\/institutodeestadisticaycartografia\/blog\/wp-content\/uploads\/2017\/12\/graf2-blog-2.png\" width=\"607\" srcset=\"https:\/\/ws089.juntadeandalucia.es\/institutodeestadisticaycartografia\/blog\/wp-content\/uploads\/2017\/12\/graf2-blog-2.png 607w, https:\/\/ws089.juntadeandalucia.es\/institutodeestadisticaycartografia\/blog\/wp-content\/uploads\/2017\/12\/graf2-blog-2-300x169.png 300w\" sizes=\"(max-width: 607px) 100vw, 607px\" \/><\/a>\n<\/p>\n<p style=\"text-align: justify;\">\n\tLas personas que se han mantenido en grupos de cotizaci&oacute;n altos han tenido tambi&eacute;n vidas laborales con escasa presencia de desempleo (3% de media), mientras que ese porcentaje llega hasta el 17% para los que se han mantenido en grupos de cotizaci&oacute;n m&aacute;s bajos.\n<\/p>\n<p style=\"text-align: justify;\">\n\tSe observa un incremento de las jornadas a tiempo parcial en las generaciones m&aacute;s j&oacute;venes: los episodios de cotizaci&oacute;n a tiempo parcial suponen el 12% de la vida laboral de las personas nacidas en 1960, y en cambio representan el 37% en la generaci&oacute;n de 1990.\n<\/p>\n<p class=\"titgraf\" style=\"text-align: center;\">\n\t<strong>Proporci&oacute;n de tiempo cotizado a jornada parcial seg&uacute;n sexo<\/strong><br \/>\n\t<a href=\"http:\/\/www.juntadeandalucia.es\/institutodeestadisticaycartografia\/blog\/wp-content\/uploads\/2017\/12\/graf3-blog.png\"><img loading=\"lazy\" alt=\"Proporci\u00f3n de tiempo cotizado a jornada parcial seg\u00fan sexo\" class=\"alignnone size-full wp-image-8843\" height=\"343\" src=\"http:\/\/www.juntadeandalucia.es\/institutodeestadisticaycartografia\/blog\/wp-content\/uploads\/2017\/12\/graf3-blog.png\" width=\"607\" srcset=\"https:\/\/ws089.juntadeandalucia.es\/institutodeestadisticaycartografia\/blog\/wp-content\/uploads\/2017\/12\/graf3-blog.png 607w, https:\/\/ws089.juntadeandalucia.es\/institutodeestadisticaycartografia\/blog\/wp-content\/uploads\/2017\/12\/graf3-blog-300x170.png 300w\" sizes=\"(max-width: 607px) 100vw, 607px\" \/><\/a>\n<\/p>\n<p style=\"text-align: justify;\">\n\tEl nivel de ingresos tambi&eacute;n influye en la duraci&oacute;n del episodio de ocupaci&oacute;n m&aacute;s largo en toda la vida laboral. Las personas que tienen en 2016 unos ingresos inferiores a 10 mil euros presentan un 28% de media en el episodio de ocupaci&oacute;n m&aacute;s largo respecto al total de tiempo cotizado, mientras que para las personas con ingresos superiores a 30 mil euros, el episodio m&aacute;s largo dura la mitad de toda la vida laboral.\n<\/p>\n<p style=\"text-align: center;\">\n\t<strong>Duraci&oacute;n del episodio de ocupaci&oacute;n m&aacute;s largo seg&uacute;n intervalo de ingresos en 2016<\/strong><br \/>\n\t<a href=\"http:\/\/www.juntadeandalucia.es\/institutodeestadisticaycartografia\/blog\/wp-content\/uploads\/2017\/12\/graf4-blog.png\"><img loading=\"lazy\" alt=\"Duraci\u00f3n del episodio de ocupaci\u00f3n m\u00e1s largo seg\u00fan intervalo de ingresos en 2016\" class=\"alignnone size-full wp-image-8844\" height=\"343\" src=\"http:\/\/www.juntadeandalucia.es\/institutodeestadisticaycartografia\/blog\/wp-content\/uploads\/2017\/12\/graf4-blog.png\" width=\"607\" srcset=\"https:\/\/ws089.juntadeandalucia.es\/institutodeestadisticaycartografia\/blog\/wp-content\/uploads\/2017\/12\/graf4-blog.png 607w, https:\/\/ws089.juntadeandalucia.es\/institutodeestadisticaycartografia\/blog\/wp-content\/uploads\/2017\/12\/graf4-blog-300x170.png 300w\" sizes=\"(max-width: 607px) 100vw, 607px\" \/><\/a>\n<\/p>\n<p style=\"text-align: justify;\">\n\tLa publicaci&oacute;n cuenta tambi&eacute;n con variables e indicadores calculados para tres etapas de la vida laboral divididas por aniversarios significativos (30, 50 y 65 a&ntilde;os) de forma que se ofrece el dato para las generaciones que completaron cada etapa de observaci&oacute;n.\n<\/p>\n<p>\n\t<span style=\"color:#A9A9A9;\">Esta actividad ha sido financiada con fondos FEDER<\/span>\n<\/p>\n<p>\n\t<a href=\"http:\/\/www.juntadeandalucia.es\/institutodeestadisticaycartografia\/blog\/wp-content\/uploads\/2017\/03\/Logo_UE_FEDER.gif\"><span style=\"color:#A9A9A9;\"><img loading=\"lazy\" alt=\"\" class=\"aligncenter size-full wp-image-8048\" height=\"30\" src=\"http:\/\/www.juntadeandalucia.es\/institutodeestadisticaycartografia\/blog\/wp-content\/uploads\/2017\/03\/Logo_UE_FEDER.gif\" style=\"float: left;\" width=\"161\" \/><\/span><\/a><\/p>\n<!-- AddThis Advanced Settings generic via filter on the_content --><!-- AddThis Share Buttons generic via filter on the_content -->","protected":false},"excerpt":{"rendered":"<p>Se ampl&iacute;an los resultados de la explotaci&oacute;n que hace el Instituto de Estad&iacute;stica y Cartograf&iacute;a de Andaluc&iacute;a de la Muestra Continua de Vidas Laborales, incorporando tablas estad&iacute;sticas relativas a toda la vida laboral de las personas. Este estudio retrospectivo parte de la poblaci&oacute;n que tuvo relaci&oacute;n con la Seguridad Social en el &uacute;ltimo a&ntilde;o disponible [&hellip;]<!-- AddThis Advanced Settings generic via filter on wp_trim_excerpt --><!-- AddThis Share Buttons generic via filter on wp_trim_excerpt --><\/p>\n","protected":false},"author":2,"featured_media":0,"comment_status":"open","ping_status":"open","sticky":false,"template":"","format":"standard","meta":{"_mi_skip_tracking":false},"categories":[1],"tags":[11,502,177,137,545],"_links":{"self":[{"href":"https:\/\/ws089.juntadeandalucia.es\/institutodeestadisticaycartografia\/blog\/wp-json\/wp\/v2\/posts\/8839"}],"collection":[{"href":"https:\/\/ws089.juntadeandalucia.es\/institutodeestadisticaycartografia\/blog\/wp-json\/wp\/v2\/posts"}],"about":[{"href":"https:\/\/ws089.juntadeandalucia.es\/institutodeestadisticaycartografia\/blog\/wp-json\/wp\/v2\/types\/post"}],"author":[{"embeddable":true,"href":"https:\/\/ws089.juntadeandalucia.es\/institutodeestadisticaycartografia\/blog\/wp-json\/wp\/v2\/users\/2"}],"replies":[{"embeddable":true,"href":"https:\/\/ws089.juntadeandalucia.es\/institutodeestadisticaycartografia\/blog\/wp-json\/wp\/v2\/comments?post=8839"}],"version-history":[{"count":4,"href":"https:\/\/ws089.juntadeandalucia.es\/institutodeestadisticaycartografia\/blog\/wp-json\/wp\/v2\/posts\/8839\/revisions"}],"predecessor-version":[{"id":8854,"href":"https:\/\/ws089.juntadeandalucia.es\/institutodeestadisticaycartografia\/blog\/wp-json\/wp\/v2\/posts\/8839\/revisions\/8854"}],"wp:attachment":[{"href":"https:\/\/ws089.juntadeandalucia.es\/institutodeestadisticaycartografia\/blog\/wp-json\/wp\/v2\/media?parent=8839"}],"wp:term":[{"taxonomy":"category","embeddable":true,"href":"https:\/\/ws089.juntadeandalucia.es\/institutodeestadisticaycartografia\/blog\/wp-json\/wp\/v2\/categories?post=8839"},{"taxonomy":"post_tag","embeddable":true,"href":"https:\/\/ws089.juntadeandalucia.es\/institutodeestadisticaycartografia\/blog\/wp-json\/wp\/v2\/tags?post=8839"}],"curies":[{"name":"wp","href":"https:\/\/api.w.org\/{rel}","templated":true}]}}