{"id":8749,"date":"2017-11-08T10:00:29","date_gmt":"2017-11-08T09:00:29","guid":{"rendered":"http:\/\/www.juntadeandalucia.es\/institutodeestadisticaycartografia\/blog\/?p=8749"},"modified":"2017-11-16T10:41:23","modified_gmt":"2017-11-16T09:41:23","slug":"ipian0917","status":"publish","type":"post","link":"https:\/\/ws089.juntadeandalucia.es\/institutodeestadisticaycartografia\/blog\/2017\/11\/ipian0917\/","title":{"rendered":"La producci\u00f3n industrial andaluza creci\u00f3 un 5,7% en septiembre respecto al mismo mes de 2016"},"content":{"rendered":"<p style=\"text-align: justify;\">\n\tSeg&uacute;n los resultados del &Iacute;ndice de Producci&oacute;n Industrial de Andaluc&iacute;a, corregido de efectos estacionales y de calendario, el pasado mes de septiembre el &iacute;ndice de producci&oacute;n creci&oacute; un 5,7% respecto al mismo mes del a&ntilde;o anterior. En t&eacute;rminos brutos, la producci&oacute;n industrial andaluza creci&oacute; un 4,4%. En lo que va de a&ntilde;o la variaci&oacute;n interanual ha sido del 3,2% (3,1% en t&eacute;rminos brutos).\n<\/p>\n<p style=\"text-align: justify;\">\n\tAtendiendo a la clasificaci&oacute;n de los bienes seg&uacute;n su funcionalidad (por destino econ&oacute;mico) la tasa de variaci&oacute;n interanual creci&oacute; un 14,8% en energ&iacute;a, un 4,9% en bienes de equipo y un 1,8% en bienes intermedios, y decreci&oacute; un 2,4% en bienes de consumo. Las tasas en t&eacute;rminos brutos fueron de un 13,9% en energ&iacute;a, 2,9% en bienes intermedios, 2,0% en bienes de equipo y -5,0% en bienes de consumo.\n<\/p>\n<p class=\"titgraf\" style=\"text-align: center;\">\n\t<strong>&Iacute;ndice general y corregido de efectos estacionales y de calendario<\/strong><br \/>\n\t<a href=\"http:\/\/www.juntadeandalucia.es\/institutodeestadisticaycartografia\/blog\/wp-content\/uploads\/2017\/11\/graf1-3.png\"><img loading=\"lazy\" alt=\"\u00cdndice general y corregido de efectos estacionales y de calendario\" class=\"alignnone size-full wp-image-8751\" height=\"342\" src=\"http:\/\/www.juntadeandalucia.es\/institutodeestadisticaycartografia\/blog\/wp-content\/uploads\/2017\/11\/graf1-3.png\" width=\"607\" srcset=\"https:\/\/ws089.juntadeandalucia.es\/institutodeestadisticaycartografia\/blog\/wp-content\/uploads\/2017\/11\/graf1-3.png 607w, https:\/\/ws089.juntadeandalucia.es\/institutodeestadisticaycartografia\/blog\/wp-content\/uploads\/2017\/11\/graf1-3-300x169.png 300w\" sizes=\"(max-width: 607px) 100vw, 607px\" \/><\/a>\n<\/p>\n<p>\n\t<!--more-->\n<\/p>\n<p class=\"titgraf\" style=\"text-align: center;\">\n\t<strong>&Iacute;ndices por destino econ&oacute;mico. Tasas de variaci&oacute;n interanual corregidas de efectos estacionales y de calendario. Septiembre 2017<\/strong><br \/>\n\t<a href=\"http:\/\/www.juntadeandalucia.es\/institutodeestadisticaycartografia\/blog\/wp-content\/uploads\/2017\/11\/graf2-2.png\"><img loading=\"lazy\" alt=\"\u00cdndices por destino econ\u00f3mico. Tasas de variaci\u00f3n interanual corregidas de efectos estacionales y de calendario. Septiembre 2017\" class=\"alignnone size-full wp-image-8752\" height=\"304\" src=\"http:\/\/www.juntadeandalucia.es\/institutodeestadisticaycartografia\/blog\/wp-content\/uploads\/2017\/11\/graf2-2.png\" width=\"493\" srcset=\"https:\/\/ws089.juntadeandalucia.es\/institutodeestadisticaycartografia\/blog\/wp-content\/uploads\/2017\/11\/graf2-2.png 493w, https:\/\/ws089.juntadeandalucia.es\/institutodeestadisticaycartografia\/blog\/wp-content\/uploads\/2017\/11\/graf2-2-300x185.png 300w\" sizes=\"(max-width: 493px) 100vw, 493px\" \/><\/a>\n<\/p>\n<p style=\"text-align: justify;\">\n\tPor ramas de actividad, tambi&eacute;n corregidas de efectos estacionales y de calendario, se produjeron crecimientos del 22,9% en el &ldquo;Suministro de energ&iacute;a el&eacute;ctrica, gas, vapor y aire acondicionado&rdquo;, con una ponderaci&oacute;n del 15,8% en el &Iacute;ndice General, del 18,2% en las &ldquo;Industrias extractivas&rdquo;, con un peso del 1,2%, y del 2,8% en la &ldquo;Industria manufacturera&rdquo;, que tiene una ponderaci&oacute;n del 78,3%.\n<\/p>\n<p style=\"text-align: justify;\">\n\tConsiderando tambi&eacute;n las ramas de actividad, pero expres&aacute;ndolo en t&eacute;rminos brutos, en el noveno mes de 2017 en t&eacute;rminos acumulados y respecto al mismo periodo de 2016, se produjeron incrementos del 13,3% en las &ldquo;Industrias extractivas&rdquo;, del 12,7% en el &ldquo;Suministro de energ&iacute;a el&eacute;ctrica, gas, vapor y aire acondicionado&rdquo;, y del 1,6% en la &ldquo;Industria manufacturera&rdquo;, y una disminuci&oacute;n del 1,2% en el &ldquo;Suministro de agua, actividades de saneamiento, gesti&oacute;n de residuos y descontaminaci&oacute;n&rdquo;.\n<\/p>\n<p style=\"text-align: justify;\">\n\tEn un an&aacute;lisis m&aacute;s detallado, las divisiones de la CNAE-09 que presentaron mayor repercusi&oacute;n<sup>1<\/sup> positiva en la tasa anual del &Iacute;ndice General fueron, la actividad de &ldquo;Suministro de energ&iacute;a el&eacute;ctrica, gas, vapor y aire acondicionado&rdquo; con una tasa del 21,5% y una repercusi&oacute;n del 3,3, y la de &ldquo;Fabricaci&oacute;n de productos met&aacute;licos, excepto maquinaria y equipo&rdquo; con una tasa del 35,6% y repercusi&oacute;n del 1,8. Por el contrario, las divisiones con mayor repercusi&oacute;n negativa fueron la de &ldquo;Fabricaci&oacute;n de otro material de transporte&rdquo; con una tasa del -18,8% y una repercusi&oacute;n del -0,9, y la de &ldquo;Industria de la alimentaci&oacute;n&rdquo; con una tasa del -5,2% y una repercusi&oacute;n del -0,7.\n<\/p>\n<p class=\"titgraf\" style=\"text-align: center;\">\n\t<strong>Divisiones con mayor repercusi&oacute;n (positiva y negativa) en la tasa anual del &Iacute;ndice General. Septiembre 2017<\/strong><br \/>\n\t<a href=\"http:\/\/www.juntadeandalucia.es\/institutodeestadisticaycartografia\/blog\/wp-content\/uploads\/2017\/11\/graf3-2.png\"><img alt=\"Divisiones con mayor repercusi\u00f3n (positiva y negativa) en la tasa interanual del \u00cdndice General. Septiembre 2017\" class=\"alignnone size-full wp-image-8753\" src=\"http:\/\/www.juntadeandalucia.es\/institutodeestadisticaycartografia\/blog\/wp-content\/uploads\/2017\/11\/graf3-2.png\" width=\"620\" srcset=\"https:\/\/ws089.juntadeandalucia.es\/institutodeestadisticaycartografia\/blog\/wp-content\/uploads\/2017\/11\/graf3-2.png 672w, https:\/\/ws089.juntadeandalucia.es\/institutodeestadisticaycartografia\/blog\/wp-content\/uploads\/2017\/11\/graf3-2-300x75.png 300w\" sizes=\"(max-width: 672px) 100vw, 672px\" \/><\/a>\n<\/p>\n<p style=\"text-align: justify;\">\n\t<span style=\"font-size:10px;\"><sup>1<\/sup>Se entiende por repercusi&oacute;n de una divisi&oacute;n de actividad a la parte de la tasa anual del &Iacute;ndice General explicada por la variaci&oacute;n anual de dicha divisi&oacute;n.<\/span>\n<\/p>\n<p>\n\t<span style=\"color:#A9A9A9;\">Esta actividad ha sido financiada con fondos FEDER<\/span>\n<\/p>\n<p>\n\t<a href=\"http:\/\/www.juntadeandalucia.es\/institutodeestadisticaycartografia\/blog\/wp-content\/uploads\/2017\/03\/Logo_UE_FEDER.gif\"><span style=\"color:#A9A9A9;\"><img loading=\"lazy\" alt=\"\" class=\"aligncenter size-full wp-image-8048\" height=\"30\" src=\"http:\/\/www.juntadeandalucia.es\/institutodeestadisticaycartografia\/blog\/wp-content\/uploads\/2017\/03\/Logo_UE_FEDER.gif\" style=\"float: left;\" width=\"161\" \/><\/span><\/a><\/p>\n<!-- AddThis Advanced Settings generic via filter on the_content --><!-- AddThis Share Buttons generic via filter on the_content -->","protected":false},"excerpt":{"rendered":"<p>Seg&uacute;n los resultados del &Iacute;ndice de Producci&oacute;n Industrial de Andaluc&iacute;a, corregido de efectos estacionales y de calendario, el pasado mes de septiembre el &iacute;ndice de producci&oacute;n creci&oacute; un 5,7% respecto al mismo mes del a&ntilde;o anterior. En t&eacute;rminos brutos, la producci&oacute;n industrial andaluza creci&oacute; un 4,4%. En lo que va de a&ntilde;o la variaci&oacute;n interanual [&hellip;]<!-- AddThis Advanced Settings generic via filter on wp_trim_excerpt --><!-- AddThis Share Buttons generic via filter on wp_trim_excerpt --><\/p>\n","protected":false},"author":2,"featured_media":0,"comment_status":"open","ping_status":"open","sticky":false,"template":"","format":"standard","meta":{"_mi_skip_tracking":false},"categories":[1],"tags":[502,87,61],"_links":{"self":[{"href":"https:\/\/ws089.juntadeandalucia.es\/institutodeestadisticaycartografia\/blog\/wp-json\/wp\/v2\/posts\/8749"}],"collection":[{"href":"https:\/\/ws089.juntadeandalucia.es\/institutodeestadisticaycartografia\/blog\/wp-json\/wp\/v2\/posts"}],"about":[{"href":"https:\/\/ws089.juntadeandalucia.es\/institutodeestadisticaycartografia\/blog\/wp-json\/wp\/v2\/types\/post"}],"author":[{"embeddable":true,"href":"https:\/\/ws089.juntadeandalucia.es\/institutodeestadisticaycartografia\/blog\/wp-json\/wp\/v2\/users\/2"}],"replies":[{"embeddable":true,"href":"https:\/\/ws089.juntadeandalucia.es\/institutodeestadisticaycartografia\/blog\/wp-json\/wp\/v2\/comments?post=8749"}],"version-history":[{"count":2,"href":"https:\/\/ws089.juntadeandalucia.es\/institutodeestadisticaycartografia\/blog\/wp-json\/wp\/v2\/posts\/8749\/revisions"}],"predecessor-version":[{"id":8870,"href":"https:\/\/ws089.juntadeandalucia.es\/institutodeestadisticaycartografia\/blog\/wp-json\/wp\/v2\/posts\/8749\/revisions\/8870"}],"wp:attachment":[{"href":"https:\/\/ws089.juntadeandalucia.es\/institutodeestadisticaycartografia\/blog\/wp-json\/wp\/v2\/media?parent=8749"}],"wp:term":[{"taxonomy":"category","embeddable":true,"href":"https:\/\/ws089.juntadeandalucia.es\/institutodeestadisticaycartografia\/blog\/wp-json\/wp\/v2\/categories?post=8749"},{"taxonomy":"post_tag","embeddable":true,"href":"https:\/\/ws089.juntadeandalucia.es\/institutodeestadisticaycartografia\/blog\/wp-json\/wp\/v2\/tags?post=8749"}],"curies":[{"name":"wp","href":"https:\/\/api.w.org\/{rel}","templated":true}]}}