{"id":8742,"date":"2017-11-07T10:30:06","date_gmt":"2017-11-07T09:30:06","guid":{"rendered":"http:\/\/www.juntadeandalucia.es\/institutodeestadisticaycartografia\/blog\/?p=8742"},"modified":"2017-11-16T10:34:37","modified_gmt":"2017-11-16T09:34:37","slug":"ecta0317","status":"publish","type":"post","link":"https:\/\/ws089.juntadeandalucia.es\/institutodeestadisticaycartografia\/blog\/2017\/11\/ecta0317\/","title":{"rendered":"Aumenta un 4% el n\u00famero de turistas que visit\u00f3 Andaluc\u00eda en el tercer trimestre del a\u00f1o"},"content":{"rendered":"<p style=\"text-align: justify;\">\n\tEl n&uacute;mero de turistas que visit&oacute; Andaluc&iacute;a en el tercer trimestre de 2017 super&oacute; los diez millones quinientos mil, seg&uacute;n los resultados de la Encuesta de Coyuntura Tur&iacute;stica de Andaluc&iacute;a que realiza el Instituto de Estad&iacute;stica y Cartograf&iacute;a de Andaluc&iacute;a, lo que supone un aumento de un 4,0% con respecto al mismo trimestre del a&ntilde;o anterior.\n<\/p>\n<p style=\"text-align: justify;\">\n\tDurante este per&iacute;odo, de los turistas que visitaron Andaluc&iacute;a, el 31,3% eran andaluces, el 28,9% eran del resto de Espa&ntilde;a, el 29,8% proced&iacute;an de la UE excluida Espa&ntilde;a y el 10,0% del resto del mundo.\n<\/p>\n<p class=\"titgraf\" style=\"text-align: center;\">\n\t<strong>Evoluci&oacute;n del n&uacute;mero de turistas<\/strong><br \/>\n\t<a href=\"http:\/\/www.juntadeandalucia.es\/institutodeestadisticaycartografia\/blog\/wp-content\/uploads\/2017\/11\/graf1-2.png\"><img loading=\"lazy\" alt=\"Evoluci\u00f3n del n\u00famero de turistas\" class=\"alignnone size-full wp-image-8743\" height=\"304\" src=\"http:\/\/www.juntadeandalucia.es\/institutodeestadisticaycartografia\/blog\/wp-content\/uploads\/2017\/11\/graf1-2.png\" width=\"607\" srcset=\"https:\/\/ws089.juntadeandalucia.es\/institutodeestadisticaycartografia\/blog\/wp-content\/uploads\/2017\/11\/graf1-2.png 607w, https:\/\/ws089.juntadeandalucia.es\/institutodeestadisticaycartografia\/blog\/wp-content\/uploads\/2017\/11\/graf1-2-300x150.png 300w\" sizes=\"(max-width: 607px) 100vw, 607px\" \/><\/a>\n<\/p>\n<p>\n\t<!--more-->\n<\/p>\n<p style=\"text-align: justify;\">\n\tLas motivaciones principales de los turistas que visitaron Andaluc&iacute;a fueron: el 82,8% por vacaciones, el 12,2% para visitar a familiares y amigos y el 5,0% restante alegaron otras motivaciones.\n<\/p>\n<p style=\"text-align: justify;\">\n\tEn el tercer trimestre de 2017, el 58,2% de los viajeros se aloj&oacute; en establecimientos hoteleros, mientras que el 35,6% utiliz&oacute; apartamento, piso o chalet. Por otra parte, la estancia media, o n&uacute;mero de d&iacute;as que por t&eacute;rmino medio permanece un turista en Andaluc&iacute;a, se situ&oacute; en 10,5 d&iacute;as, un 1,9% inferior que un a&ntilde;o antes.\n<\/p>\n<p style=\"text-align: justify;\">\n\tEn cuanto a la distribuci&oacute;n de los turistas por provincias, M&aacute;laga concentr&oacute; el 35,1% de los mismos, seguida de C&aacute;diz, Granada y Almer&iacute;a con el 18,4%, 11,6% y 9,7%, respectivamente.\n<\/p>\n<p class=\"titgraf\" style=\"text-align: center;\">\n\t<strong>Distribuci&oacute;n porcentual de los turistas por provincia. Tercer trimestre 2017<\/strong><br \/>\n\t<a href=\"http:\/\/www.juntadeandalucia.es\/institutodeestadisticaycartografia\/blog\/wp-content\/uploads\/2017\/11\/graf2-1.png\"><img loading=\"lazy\" alt=\"Distribuci\u00f3n porcentual de los turistas por provincia. Tercer trimestre 2017\" class=\"alignnone size-full wp-image-8745\" height=\"323\" src=\"http:\/\/www.juntadeandalucia.es\/institutodeestadisticaycartografia\/blog\/wp-content\/uploads\/2017\/11\/graf2-1.png\" width=\"456\" srcset=\"https:\/\/ws089.juntadeandalucia.es\/institutodeestadisticaycartografia\/blog\/wp-content\/uploads\/2017\/11\/graf2-1.png 456w, https:\/\/ws089.juntadeandalucia.es\/institutodeestadisticaycartografia\/blog\/wp-content\/uploads\/2017\/11\/graf2-1-300x213.png 300w\" sizes=\"(max-width: 456px) 100vw, 456px\" \/><\/a>\n<\/p>\n<p style=\"text-align: justify;\">\n\tEl gasto medio diario que realizaron los turistas en Andaluc&iacute;a en el tercer trimestre se estima en 64,8 euros por turista, cifra que supera en un 1,3% a la del mismo trimestre del a&ntilde;o anterior. La procedencia del turista establece diferencias en este gasto, que var&iacute;a desde los 53,9 euros que gastaron los turistas andaluces hasta los 85,0 euros que gastaron los procedentes del resto del mundo.\n<\/p>\n<p class=\"titgraf\" style=\"text-align: center;\">\n\t<strong>Evoluci&oacute;n del gasto medio diario<\/strong><br \/>\n\t<a href=\"http:\/\/www.juntadeandalucia.es\/institutodeestadisticaycartografia\/blog\/wp-content\/uploads\/2017\/11\/graf3-1.png\"><img loading=\"lazy\" alt=\"Evoluci\u00f3n del gasto medio diario\" class=\"alignnone size-full wp-image-8746\" height=\"304\" src=\"http:\/\/www.juntadeandalucia.es\/institutodeestadisticaycartografia\/blog\/wp-content\/uploads\/2017\/11\/graf3-1.png\" width=\"607\" srcset=\"https:\/\/ws089.juntadeandalucia.es\/institutodeestadisticaycartografia\/blog\/wp-content\/uploads\/2017\/11\/graf3-1.png 607w, https:\/\/ws089.juntadeandalucia.es\/institutodeestadisticaycartografia\/blog\/wp-content\/uploads\/2017\/11\/graf3-1-300x150.png 300w\" sizes=\"(max-width: 607px) 100vw, 607px\" \/><\/a>\n<\/p>\n<p class=\"titgraf\" style=\"text-align: center;\">\n\t<strong>Gasto medio diario seg&uacute;n procedencia. Tercer trimestre 2017<\/strong><br \/>\n\t<a href=\"http:\/\/www.juntadeandalucia.es\/institutodeestadisticaycartografia\/blog\/wp-content\/uploads\/2017\/11\/graf4-1.png\"><img loading=\"lazy\" alt=\"Gasto medio diario seg\u00fan procedencia. Tercer trimestre 2017\" class=\"alignnone size-full wp-image-8747\" height=\"307\" src=\"http:\/\/www.juntadeandalucia.es\/institutodeestadisticaycartografia\/blog\/wp-content\/uploads\/2017\/11\/graf4-1.png\" width=\"569\" srcset=\"https:\/\/ws089.juntadeandalucia.es\/institutodeestadisticaycartografia\/blog\/wp-content\/uploads\/2017\/11\/graf4-1.png 569w, https:\/\/ws089.juntadeandalucia.es\/institutodeestadisticaycartografia\/blog\/wp-content\/uploads\/2017\/11\/graf4-1-300x162.png 300w\" sizes=\"(max-width: 569px) 100vw, 569px\" \/><\/a>\n<\/p>\n<p style=\"text-align: justify;\">\n\tEn cuanto a la valoraci&oacute;n, de uno a diez, del viaje realizado, los turistas que visitaron Andaluc&iacute;a durante el trimestre, concedieron un 8,3 a su estancia en la regi&oacute;n. Las provincias m&aacute;s valoradas fueron M&aacute;laga, con un 8,5, y C&oacute;rdoba, con un 8,4. Los aspectos mejor valorados por los visitantes fueron los relacionados con los puertos y actividades n&aacute;uticas, las infraestructuras para el golf y el transporte en taxi.\n<\/p>\n<p style=\"text-align: justify;\">\n\tPor &uacute;ltimo, a la pregunta realizada a los turistas sobre si se hab&iacute;an visto cubiertas sus expectativas con respecto a Andaluc&iacute;a, el 29,0% de los viajeros consider&oacute; que el medio ambiente fue mejor de lo esperado; mientras que el 6,0% consider&oacute; que el medio ambiente fue peor de lo esperado.\n<\/p>\n<p>\n\t&nbsp;\n<\/p>\n<p>\n\t<span style=\"color:#A9A9A9;\">Esta actividad ha sido financiada con fondos FEDER<\/span>\n<\/p>\n<p>\n\t<a href=\"http:\/\/www.juntadeandalucia.es\/institutodeestadisticaycartografia\/blog\/wp-content\/uploads\/2017\/03\/Logo_UE_FEDER.gif\"><span style=\"color:#A9A9A9;\"><img loading=\"lazy\" alt=\"\" class=\"aligncenter size-full wp-image-8048\" height=\"30\" src=\"http:\/\/www.juntadeandalucia.es\/institutodeestadisticaycartografia\/blog\/wp-content\/uploads\/2017\/03\/Logo_UE_FEDER.gif\" style=\"float: left;\" width=\"161\" \/><\/span><\/a><\/p>\n<!-- AddThis Advanced Settings generic via filter on the_content --><!-- AddThis Share Buttons generic via filter on the_content -->","protected":false},"excerpt":{"rendered":"<p>El n&uacute;mero de turistas que visit&oacute; Andaluc&iacute;a en el tercer trimestre de 2017 super&oacute; los diez millones quinientos mil, seg&uacute;n los resultados de la Encuesta de Coyuntura Tur&iacute;stica de Andaluc&iacute;a que realiza el Instituto de Estad&iacute;stica y Cartograf&iacute;a de Andaluc&iacute;a, lo que supone un aumento de un 4,0% con respecto al mismo trimestre del a&ntilde;o [&hellip;]<!-- AddThis Advanced Settings generic via filter on wp_trim_excerpt --><!-- AddThis Share Buttons generic via filter on wp_trim_excerpt --><\/p>\n","protected":false},"author":2,"featured_media":0,"comment_status":"open","ping_status":"open","sticky":false,"template":"","format":"standard","meta":{"_mi_skip_tracking":false},"categories":[1],"tags":[417,58,528],"_links":{"self":[{"href":"https:\/\/ws089.juntadeandalucia.es\/institutodeestadisticaycartografia\/blog\/wp-json\/wp\/v2\/posts\/8742"}],"collection":[{"href":"https:\/\/ws089.juntadeandalucia.es\/institutodeestadisticaycartografia\/blog\/wp-json\/wp\/v2\/posts"}],"about":[{"href":"https:\/\/ws089.juntadeandalucia.es\/institutodeestadisticaycartografia\/blog\/wp-json\/wp\/v2\/types\/post"}],"author":[{"embeddable":true,"href":"https:\/\/ws089.juntadeandalucia.es\/institutodeestadisticaycartografia\/blog\/wp-json\/wp\/v2\/users\/2"}],"replies":[{"embeddable":true,"href":"https:\/\/ws089.juntadeandalucia.es\/institutodeestadisticaycartografia\/blog\/wp-json\/wp\/v2\/comments?post=8742"}],"version-history":[{"count":2,"href":"https:\/\/ws089.juntadeandalucia.es\/institutodeestadisticaycartografia\/blog\/wp-json\/wp\/v2\/posts\/8742\/revisions"}],"predecessor-version":[{"id":9081,"href":"https:\/\/ws089.juntadeandalucia.es\/institutodeestadisticaycartografia\/blog\/wp-json\/wp\/v2\/posts\/8742\/revisions\/9081"}],"wp:attachment":[{"href":"https:\/\/ws089.juntadeandalucia.es\/institutodeestadisticaycartografia\/blog\/wp-json\/wp\/v2\/media?parent=8742"}],"wp:term":[{"taxonomy":"category","embeddable":true,"href":"https:\/\/ws089.juntadeandalucia.es\/institutodeestadisticaycartografia\/blog\/wp-json\/wp\/v2\/categories?post=8742"},{"taxonomy":"post_tag","embeddable":true,"href":"https:\/\/ws089.juntadeandalucia.es\/institutodeestadisticaycartografia\/blog\/wp-json\/wp\/v2\/tags?post=8742"}],"curies":[{"name":"wp","href":"https:\/\/api.w.org\/{rel}","templated":true}]}}