{"id":8625,"date":"2017-10-02T12:55:43","date_gmt":"2017-10-02T10:55:43","guid":{"rendered":"http:\/\/www.juntadeandalucia.es\/institutodeestadisticaycartografia\/blog\/?p=8625"},"modified":"2018-09-11T13:04:47","modified_gmt":"2018-09-11T11:04:47","slug":"exposicion-imagen-cartografica-huelva","status":"publish","type":"post","link":"https:\/\/ws089.juntadeandalucia.es\/institutodeestadisticaycartografia\/blog\/2017\/10\/exposicion-imagen-cartografica-huelva\/","title":{"rendered":"Exposici\u00f3n \u00abAndaluc\u00eda, la imagen cartogr\u00e1fica. Huelva. Puerto, ciudad y territorio\u00bb"},"content":{"rendered":"<p style=\"text-align: justify;\">\n\tLa Casa Col&oacute;n en Huelva acoger&aacute; la exposici&oacute;n &quot;<strong>Andaluc&iacute;a, la imagen cartogr&aacute;fica. Huelva. Puerto, ciudad y territorio<\/strong>&quot;, una muestra que ofrece una panor&aacute;mica de los mapas dedicados a Andaluc&iacute;a desde los principios de la cartograf&iacute;a a la actualidad, junto con una aproximaci&oacute;n a las representaciones cartogr&aacute;ficas de Huelva y su entorno, bajo la referencia de tres facetas decisivas de su evoluci&oacute;n.\n<\/p>\n<p>\n\t<a href=\"http:\/\/www.juntadeandalucia.es\/institutodeestadisticaycartografia\/blog\/wp-content\/uploads\/2017\/10\/Exposici\u00f3n-cartel.png\"><img loading=\"lazy\" alt=\"\" class=\"aligncenter size-full wp-image-8649\" height=\"761\" src=\"http:\/\/www.juntadeandalucia.es\/institutodeestadisticaycartografia\/blog\/wp-content\/uploads\/2017\/10\/Exposici\u00f3n-cartel.png\" width=\"507\" srcset=\"https:\/\/ws089.juntadeandalucia.es\/institutodeestadisticaycartografia\/blog\/wp-content\/uploads\/2017\/10\/Exposici\u00f3n-cartel.png 507w, https:\/\/ws089.juntadeandalucia.es\/institutodeestadisticaycartografia\/blog\/wp-content\/uploads\/2017\/10\/Exposici\u00f3n-cartel-200x300.png 200w\" sizes=\"(max-width: 507px) 100vw, 507px\" \/><\/a>\n<\/p>\n<p>\n\t<!--more-->\n<\/p>\n<p style=\"text-align: justify;\">\n\tEste doble enfoque permite apreciar, por un lado, la paulatina formaci&oacute;n de la imagen cartogr&aacute;fica del conjunto de Andaluc&iacute;a al comp&aacute;s de los avances cient&iacute;fico-t&eacute;cnicos y, por otro, contemplar su aplicaci&oacute;n en el caso de Huelva, en sus vertientes urbana, sobre todo, y territorial.\n<\/p>\n<p style=\"text-align: justify;\">\n\tA trav&eacute;s de una selecci&oacute;n de mapas y planos en reproducciones y originales pertenecientes a archivos y bibliotecas de Huelva y de otras procedencias, la exposici&oacute;n muestra una s&iacute;ntesis de la larga trayectoria, alcance y utilidades de nuestra cartograf&iacute;a, desde los manuscritos pioneros a las bases cartogr&aacute;ficas digitales, reflejando tanto la cambiante realidad de la regi&oacute;n y de la capital onubense, como las necesidades, los medios y la vida de sus pobladores.\n<\/p>\n<p>\n\t<a href=\"http:\/\/www.juntadeandalucia.es\/institutodeestadisticaycartografia\/blog\/wp-content\/uploads\/2017\/10\/Mapa_Hu.jpg\"><img alt=\"Carta decimonovena. Trazado del litoral andaluz desde la r\u00eda del Tinto y el Odiel hasta C\u00e1diz. A\u00f1o 1588.\" class=\"alignnone size-full wp-image-8626\" src=\"http:\/\/www.juntadeandalucia.es\/institutodeestadisticaycartografia\/blog\/wp-content\/uploads\/2017\/10\/Mapa_Hu.jpg\" width=\"620\" srcset=\"https:\/\/ws089.juntadeandalucia.es\/institutodeestadisticaycartografia\/blog\/wp-content\/uploads\/2017\/10\/Mapa_Hu.jpg 3568w, https:\/\/ws089.juntadeandalucia.es\/institutodeestadisticaycartografia\/blog\/wp-content\/uploads\/2017\/10\/Mapa_Hu-300x198.jpg 300w, https:\/\/ws089.juntadeandalucia.es\/institutodeestadisticaycartografia\/blog\/wp-content\/uploads\/2017\/10\/Mapa_Hu-768x507.jpg 768w, https:\/\/ws089.juntadeandalucia.es\/institutodeestadisticaycartografia\/blog\/wp-content\/uploads\/2017\/10\/Mapa_Hu-1024x676.jpg 1024w\" sizes=\"(max-width: 3568px) 100vw, 3568px\" \/><\/a>\n<\/p>\n<p style=\"text-align: justify;\">\n\t<span style=\"font-size:11px;\">Carta decimonovena. Trazado del litoral andaluz desde la r&iacute;a del Tinto y el Odiel hasta C&aacute;diz. A&ntilde;o 1588.<\/span>\n<\/p>\n<p style=\"text-align: justify;\">\n\tSu inauguraci&oacute;n ser&aacute; el d&iacute;a 30 de noviembre y podr&aacute; visitarse desde ese d&iacute;a hasta el 27 de enero, en la Casa Col&oacute;n ubicada en la Plaza del Punto, s\/n (Huelva), siendo la <strong>entrada libre<\/strong>.<\/p>\n<!-- AddThis Advanced Settings generic via filter on the_content --><!-- AddThis Share Buttons generic via filter on the_content -->","protected":false},"excerpt":{"rendered":"<p>La Casa Col&oacute;n en Huelva acoger&aacute; la exposici&oacute;n &quot;Andaluc&iacute;a, la imagen cartogr&aacute;fica. Huelva. Puerto, ciudad y territorio&quot;, una muestra que ofrece una panor&aacute;mica de los mapas dedicados a Andaluc&iacute;a desde los principios de la cartograf&iacute;a a la actualidad, junto con una aproximaci&oacute;n a las representaciones cartogr&aacute;ficas de Huelva y su entorno, bajo la referencia de [&hellip;]<!-- AddThis Advanced Settings generic via filter on wp_trim_excerpt --><!-- AddThis Share Buttons generic via filter on wp_trim_excerpt --><\/p>\n","protected":false},"author":2,"featured_media":0,"comment_status":"open","ping_status":"open","sticky":false,"template":"","format":"standard","meta":{"_mi_skip_tracking":false},"categories":[2],"tags":[475,396,163,391],"_links":{"self":[{"href":"https:\/\/ws089.juntadeandalucia.es\/institutodeestadisticaycartografia\/blog\/wp-json\/wp\/v2\/posts\/8625"}],"collection":[{"href":"https:\/\/ws089.juntadeandalucia.es\/institutodeestadisticaycartografia\/blog\/wp-json\/wp\/v2\/posts"}],"about":[{"href":"https:\/\/ws089.juntadeandalucia.es\/institutodeestadisticaycartografia\/blog\/wp-json\/wp\/v2\/types\/post"}],"author":[{"embeddable":true,"href":"https:\/\/ws089.juntadeandalucia.es\/institutodeestadisticaycartografia\/blog\/wp-json\/wp\/v2\/users\/2"}],"replies":[{"embeddable":true,"href":"https:\/\/ws089.juntadeandalucia.es\/institutodeestadisticaycartografia\/blog\/wp-json\/wp\/v2\/comments?post=8625"}],"version-history":[{"count":8,"href":"https:\/\/ws089.juntadeandalucia.es\/institutodeestadisticaycartografia\/blog\/wp-json\/wp\/v2\/posts\/8625\/revisions"}],"predecessor-version":[{"id":9664,"href":"https:\/\/ws089.juntadeandalucia.es\/institutodeestadisticaycartografia\/blog\/wp-json\/wp\/v2\/posts\/8625\/revisions\/9664"}],"wp:attachment":[{"href":"https:\/\/ws089.juntadeandalucia.es\/institutodeestadisticaycartografia\/blog\/wp-json\/wp\/v2\/media?parent=8625"}],"wp:term":[{"taxonomy":"category","embeddable":true,"href":"https:\/\/ws089.juntadeandalucia.es\/institutodeestadisticaycartografia\/blog\/wp-json\/wp\/v2\/categories?post=8625"},{"taxonomy":"post_tag","embeddable":true,"href":"https:\/\/ws089.juntadeandalucia.es\/institutodeestadisticaycartografia\/blog\/wp-json\/wp\/v2\/tags?post=8625"}],"curies":[{"name":"wp","href":"https:\/\/api.w.org\/{rel}","templated":true}]}}