{"id":857,"date":"2013-12-12T13:10:23","date_gmt":"2013-12-12T12:10:23","guid":{"rendered":"http:\/\/www.juntadeandalucia.es\/institutodeestadisticaycartografia\/blog\/?p=857"},"modified":"2014-10-07T08:02:49","modified_gmt":"2014-10-07T06:02:49","slug":"los-22-beneficiarios-de-las-becas-de-formacion-e-investigacion-comienzan-su-formacion","status":"publish","type":"post","link":"https:\/\/ws089.juntadeandalucia.es\/institutodeestadisticaycartografia\/blog\/2013\/12\/los-22-beneficiarios-de-las-becas-de-formacion-e-investigacion-comienzan-su-formacion\/","title":{"rendered":"Los 22 beneficiarios de las becas de formaci\u00f3n e investigaci\u00f3n comienzan su formaci\u00f3n"},"content":{"rendered":"<p style=\"text-align: justify;\">\n\tYa se han incorporado al Instituto de Estad&iacute;stica y Cartograf&iacute;a los 22 beneficiarios de las <a href=\"http:\/\/www.juntadeandalucia.es\/institutodeestadisticaycartografia\/ieagen\/iea\/cursosbecasayu\/ultima\/becasConvocatoria.htm\" target=\"_blank\">becas de formaci&oacute;n e investigaci&oacute;n<\/a>, que inician as&iacute; su periodo de formaci&oacute;n cuya duraci&oacute;n inicial ser&aacute; de ocho meses. En su presentaci&oacute;n estuvo el consejero de Econom&iacute;a, Innovaci&oacute;n, Ciencia y Empleo, Jos&eacute; S&aacute;nchez Maldonado.\n<\/p>\n<p style=\"text-align: justify;\">\n\t<a href=\"http:\/\/www.juntadeandalucia.es\/institutodeestadisticaycartografia\/blog\/wp-content\/uploads\/2013\/12\/becarios1.png\"><img loading=\"lazy\" alt=\"becarios\" class=\"alignnone size-medium wp-image-880\" height=\"223\" src=\"http:\/\/www.juntadeandalucia.es\/institutodeestadisticaycartografia\/blog\/wp-content\/uploads\/2013\/12\/becarios1-300x223.png\" width=\"300\" srcset=\"https:\/\/ws089.juntadeandalucia.es\/institutodeestadisticaycartografia\/blog\/wp-content\/uploads\/2013\/12\/becarios1-300x223.png 300w, https:\/\/ws089.juntadeandalucia.es\/institutodeestadisticaycartografia\/blog\/wp-content\/uploads\/2013\/12\/becarios1.png 792w\" sizes=\"(max-width: 300px) 100vw, 300px\" \/><\/a>\n<\/p>\n<p style=\"text-align: justify;\">\n\t<!--more-->En concreto, en esta primera convocatoria de becas desde que se fusionaran los Institutos de Estad&iacute;stica y de Cartograf&iacute;a, se han adjudicado 17 becas de formaci&oacute;n, que tienen como objetivo preparar y capacitar a las personas tituladas universitarias en las distintas &aacute;reas de la estad&iacute;stica y la cartograf&iacute;a p&uacute;blicas mediante su colaboraci&oacute;n en actividades estad&iacute;sticas y cartogr&aacute;ficas que se realizan en el IECA, y 5 becas de investigaci&oacute;n para la formaci&oacute;n especializada mediante la participaci&oacute;n de los beneficiarios en proyectos de investigaci&oacute;n que se desarrollan en el Instituto.\n<\/p>\n<p style=\"text-align: justify;\">\n\tEstas becas se enmarcan en la estrategia de Investigaci&oacute;n, Desarrollo e Innovaci&oacute;n y Formaci&oacute;n del <a href=\"http:\/\/www.juntadeandalucia.es\/boja\/2013\/154\/1\" target=\"_blank\">Plan Estad&iacute;stico y Cartogr&aacute;fico de Andaluc&iacute;a<\/a>, contribuyendo a la especializaci&oacute;n de personal t&eacute;cnico y al fomento de proyectos de I+D+i en este &aacute;mbito.<\/p>\n<!-- AddThis Advanced Settings generic via filter on the_content --><!-- AddThis Share Buttons generic via filter on the_content -->","protected":false},"excerpt":{"rendered":"<p>Ya se han incorporado al Instituto de Estad&iacute;stica y Cartograf&iacute;a los 22 beneficiarios de las becas de formaci&oacute;n e investigaci&oacute;n, que inician as&iacute; su periodo de formaci&oacute;n cuya duraci&oacute;n inicial ser&aacute; de ocho meses. En su presentaci&oacute;n estuvo el consejero de Econom&iacute;a, Innovaci&oacute;n, Ciencia y Empleo, Jos&eacute; S&aacute;nchez Maldonado.<!-- AddThis Advanced Settings generic via filter on wp_trim_excerpt --><!-- AddThis Share Buttons generic via filter on wp_trim_excerpt --><\/p>\n","protected":false},"author":2,"featured_media":0,"comment_status":"open","ping_status":"open","sticky":false,"template":"","format":"standard","meta":{"_mi_skip_tracking":false},"categories":[2,1],"tags":[151,152,227],"_links":{"self":[{"href":"https:\/\/ws089.juntadeandalucia.es\/institutodeestadisticaycartografia\/blog\/wp-json\/wp\/v2\/posts\/857"}],"collection":[{"href":"https:\/\/ws089.juntadeandalucia.es\/institutodeestadisticaycartografia\/blog\/wp-json\/wp\/v2\/posts"}],"about":[{"href":"https:\/\/ws089.juntadeandalucia.es\/institutodeestadisticaycartografia\/blog\/wp-json\/wp\/v2\/types\/post"}],"author":[{"embeddable":true,"href":"https:\/\/ws089.juntadeandalucia.es\/institutodeestadisticaycartografia\/blog\/wp-json\/wp\/v2\/users\/2"}],"replies":[{"embeddable":true,"href":"https:\/\/ws089.juntadeandalucia.es\/institutodeestadisticaycartografia\/blog\/wp-json\/wp\/v2\/comments?post=857"}],"version-history":[{"count":9,"href":"https:\/\/ws089.juntadeandalucia.es\/institutodeestadisticaycartografia\/blog\/wp-json\/wp\/v2\/posts\/857\/revisions"}],"predecessor-version":[{"id":2436,"href":"https:\/\/ws089.juntadeandalucia.es\/institutodeestadisticaycartografia\/blog\/wp-json\/wp\/v2\/posts\/857\/revisions\/2436"}],"wp:attachment":[{"href":"https:\/\/ws089.juntadeandalucia.es\/institutodeestadisticaycartografia\/blog\/wp-json\/wp\/v2\/media?parent=857"}],"wp:term":[{"taxonomy":"category","embeddable":true,"href":"https:\/\/ws089.juntadeandalucia.es\/institutodeestadisticaycartografia\/blog\/wp-json\/wp\/v2\/categories?post=857"},{"taxonomy":"post_tag","embeddable":true,"href":"https:\/\/ws089.juntadeandalucia.es\/institutodeestadisticaycartografia\/blog\/wp-json\/wp\/v2\/tags?post=857"}],"curies":[{"name":"wp","href":"https:\/\/api.w.org\/{rel}","templated":true}]}}