{"id":7377,"date":"2019-07-28T12:43:07","date_gmt":"2019-07-28T10:43:07","guid":{"rendered":"http:\/\/www.juntadeandalucia.es\/institutodeestadisticaycartografia\/blog\/?p=7377"},"modified":"2019-09-11T15:22:19","modified_gmt":"2019-09-11T13:22:19","slug":"manual-visualizador-de-la-grid","status":"publish","type":"post","link":"https:\/\/ws089.juntadeandalucia.es\/institutodeestadisticaycartografia\/blog\/2019\/07\/manual-visualizador-de-la-grid\/","title":{"rendered":"C\u00f3mo visualizar los datos de la Distribuci\u00f3n Espacial de la Poblaci\u00f3n en Andaluc\u00eda"},"content":{"rendered":"<p align=\"JUSTIFY\">\n\tPara trabajar con los datos de la <a href=\"http:\/\/www.juntadeandalucia.es\/institutodeestadisticaycartografia\/distribucionpob\/index.htm\">Distribuci&oacute;n Espacial de la Poblaci&oacute;n de Andaluc&iacute;a<\/a> generados a partir de la <em>Base de Datos Longitudinal de Poblaci&oacute;n de Andaluc&iacute;a<\/em> seg&uacute;n se cont&oacute; en <a href=\"http:\/\/www.juntadeandalucia.es\/institutodeestadisticaycartografia\/blog\/2019\/01\/distribucion-poblacion-en-celdas\">Distribuci&oacute;n de la Poblaci&oacute;n de Andaluc&iacute;a en celdas de 250m de lado<\/a> se ha desarrollado un visualizador cartogr&aacute;fico web que permite la visualizaci&oacute;n de la informaci&oacute;n y facilita su an&aacute;lisis cuantitativo. A continuaci&oacute;n se explican los distintos elementos del visor para facilitar el an&aacute;lisis de los datos por parte del usuario.\n<\/p>\n<p align=\"JUSTIFY\">\n\t<strong>Vista general y elementos principales<\/strong>\n<\/p>\n<p align=\"JUSTIFY\">\n\tEl visor cartogr&aacute;fico presenta la siguiente imagen.\n<\/p>\n<p style=\"text-align: center;\">\n\t<a href=\"http:\/\/www.juntadeandalucia.es\/institutodeestadisticaycartografia\/blog\/wp-content\/uploads\/2016\/12\/visor1.png\"><img alt=\"Visor de Distribuci\u00f3n Espacial de la Poblaci\u00f3n en Andaluc\u00eda\" class=\"alignnone size-full wp-image-10846\" src=\"http:\/\/www.juntadeandalucia.es\/institutodeestadisticaycartografia\/blog\/wp-content\/uploads\/2016\/12\/visor1.png\" width=\"620\" srcset=\"https:\/\/ws089.juntadeandalucia.es\/institutodeestadisticaycartografia\/blog\/wp-content\/uploads\/2016\/12\/visor1.png 988w, https:\/\/ws089.juntadeandalucia.es\/institutodeestadisticaycartografia\/blog\/wp-content\/uploads\/2016\/12\/visor1-300x192.png 300w, https:\/\/ws089.juntadeandalucia.es\/institutodeestadisticaycartografia\/blog\/wp-content\/uploads\/2016\/12\/visor1-768x492.png 768w\" sizes=\"(max-width: 988px) 100vw, 988px\" \/><\/a>\n<\/p>\n<p align=\"JUSTIFY\">\n\tSe detallan los distintos elementos\n<\/p>\n<p>\n\t<!--more-->\n<\/p>\n<p align=\"JUSTIFY\">\n\t<strong>1. Herramienta selecci&oacute;n de serie (a&ntilde;o)<\/strong>.\n<\/p>\n<p align=\"JUSTIFY\">\n\tMediante la herramienta de selecci&oacute;n de serie (a&ntilde;o) se permite elegir la serie anual de datos que se mostrar&aacute; en el mapa. Permite navegar entre variables sin perder la informaci&oacute;n de variable\/tema y extensi&oacute;n del mapa, de modo que es posible la comparaci&oacute;n de distintos datos correspondientes a variables o temas, sin salir de la misma zona.\n<\/p>\n<p align=\"center\">\n\t<a href=\"http:\/\/www.juntadeandalucia.es\/institutodeestadisticaycartografia\/blog\/wp-content\/uploads\/2016\/12\/visor2.png\"><img loading=\"lazy\" alt=\"Serie a\u00f1o\" class=\"alignnone size-full wp-image-10847\" height=\"104\" src=\"http:\/\/www.juntadeandalucia.es\/institutodeestadisticaycartografia\/blog\/wp-content\/uploads\/2016\/12\/visor2.png\" width=\"79\" \/><\/a>\n<\/p>\n<p style=\"text-align: justify;\">\n\t<strong>2. Herramienta selecci&oacute;n de variable estad&iacute;stica<\/strong>.\n<\/p>\n<p style=\"text-align: justify;\">\n\tPermite seleccionar entre las distintas variables de estudio que se visualizar&aacute;n en el mapa. Permite adem&aacute;s navegar entre variables sin perder la informaci&oacute;n de serie (a&ntilde;o) y extensi&oacute;n del mapa, de modo que es posible la comparaci&oacute;n de distintos datos correspondientes a variables o temas, sin salir de la misma zona.\n<\/p>\n<p style=\"text-align: center;\">\n\t<a href=\"http:\/\/www.juntadeandalucia.es\/institutodeestadisticaycartografia\/blog\/wp-content\/uploads\/2016\/12\/visor3.png\"><img loading=\"lazy\" alt=\"Serie variables\" class=\"alignnone size-full wp-image-10848\" height=\"294\" src=\"http:\/\/www.juntadeandalucia.es\/institutodeestadisticaycartografia\/blog\/wp-content\/uploads\/2016\/12\/visor3.png\" width=\"415\" srcset=\"https:\/\/ws089.juntadeandalucia.es\/institutodeestadisticaycartografia\/blog\/wp-content\/uploads\/2016\/12\/visor3.png 415w, https:\/\/ws089.juntadeandalucia.es\/institutodeestadisticaycartografia\/blog\/wp-content\/uploads\/2016\/12\/visor3-300x213.png 300w\" sizes=\"(max-width: 415px) 100vw, 415px\" \/><\/a>\n<\/p>\n<p align=\"JUSTIFY\">\n\t<strong>3. Elementos del visualizador<\/strong>.\n<\/p>\n<p align=\"JUSTIFY\">\n\tLa herramienta <em>Zoom in\/out<\/em> permite regular el nivel de zoom y la herramienta <em>Zoom por nivel<\/em> permite realizar ZOOM ajustando m&aacute;s la escala que se desea.\n<\/p>\n<p style=\"text-align: center;\">\n\t<a href=\"http:\/\/www.juntadeandalucia.es\/institutodeestadisticaycartografia\/blog\/wp-content\/uploads\/2016\/12\/visor4.png\"><img loading=\"lazy\" alt=\"zoom\" class=\"alignnone size-full wp-image-10849\" height=\"285\" src=\"http:\/\/www.juntadeandalucia.es\/institutodeestadisticaycartografia\/blog\/wp-content\/uploads\/2016\/12\/visor4.png\" width=\"46\" \/><\/a>\n<\/p>\n<p align=\"JUSTIFY\">\n\tTambi&eacute;n es posible hacer zoom pulsando al mismo tiempo la tecla SHIFT (may&uacute;sculas) y trazando el &aacute;rea de selecci&oacute;n donde quiere visualizarse la informaci&oacute;n.\n<\/p>\n<p align=\"JUSTIFY\">\n\t<strong>4. Leyenda din&aacute;mica<\/strong>\n<\/p>\n<p align=\"JUSTIFY\">\n\tEn funci&oacute;n del tipo de variables que se representen la leyenda presenta diferentes sistemas de representaci&oacute;n debi&eacute;ndose esta diferencia al hecho de que la variable muestre valores absolutos o relativos.\n<\/p>\n<p align=\"JUSTIFY\">\n\tPara las <strong>variables totales<\/strong>, por ejemplo &ldquo;Poblaci&oacute;n Total&rdquo; o &ldquo;Afiliaci&oacute;n Total a la Seguridad Social&rdquo; se muestra una leyenda est&aacute;tica con los valores totales de los datos agrupados por intervalos.\n<\/p>\n<p style=\"text-align: center;\">\n\t<a href=\"http:\/\/www.juntadeandalucia.es\/institutodeestadisticaycartografia\/blog\/wp-content\/uploads\/2016\/12\/visor5.png\"><img loading=\"lazy\" alt=\"Leyenda con valores absolutos\" class=\"alignnone size-full wp-image-10850\" height=\"297\" src=\"http:\/\/www.juntadeandalucia.es\/institutodeestadisticaycartografia\/blog\/wp-content\/uploads\/2016\/12\/visor5.png\" width=\"515\" srcset=\"https:\/\/ws089.juntadeandalucia.es\/institutodeestadisticaycartografia\/blog\/wp-content\/uploads\/2016\/12\/visor5.png 515w, https:\/\/ws089.juntadeandalucia.es\/institutodeestadisticaycartografia\/blog\/wp-content\/uploads\/2016\/12\/visor5-300x173.png 300w\" sizes=\"(max-width: 515px) 100vw, 515px\" \/><\/a>\n<\/p>\n<p align=\"JUSTIFY\">\n\tPara <strong>variables relativas<\/strong> la leyenda var&iacute;a seg&uacute;n la escala en la que se encuentre el visualizador. La representaci&oacute;n de un punto en el mapa varia desde 800 personas por punto a 10 personas por punto.\n<\/p>\n<p align=\"JUSTIFY\">\n\t<a href=\"http:\/\/www.juntadeandalucia.es\/institutodeestadisticaycartografia\/blog\/wp-content\/uploads\/2016\/12\/visor6.png\"><img loading=\"lazy\" alt=\"Leyenda variables relativas\" class=\"alignnone size-full wp-image-10851\" height=\"439\" src=\"http:\/\/www.juntadeandalucia.es\/institutodeestadisticaycartografia\/blog\/wp-content\/uploads\/2016\/12\/visor6.png\" width=\"614\" srcset=\"https:\/\/ws089.juntadeandalucia.es\/institutodeestadisticaycartografia\/blog\/wp-content\/uploads\/2016\/12\/visor6.png 614w, https:\/\/ws089.juntadeandalucia.es\/institutodeestadisticaycartografia\/blog\/wp-content\/uploads\/2016\/12\/visor6-300x214.png 300w\" sizes=\"(max-width: 614px) 100vw, 614px\" \/><\/a>\n<\/p>\n<p align=\"JUSTIFY\">\n\t<strong>5. <\/strong><b>Buscador de calles y geob&uacute;squedas<\/b>\n<\/p>\n<p align=\"JUSTIFY\">\n\tPermite situar el mapa sobre alg&uacute;n municipio o calle del mismo.\n<\/p>\n<p style=\"margin-bottom: 0cm; line-height: 100%\">\n\t<a href=\"http:\/\/www.juntadeandalucia.es\/institutodeestadisticaycartografia\/blog\/wp-content\/uploads\/2016\/12\/visor7.png\"><img alt=\"Buscar\" class=\"alignnone size-full wp-image-10852\" src=\"http:\/\/www.juntadeandalucia.es\/institutodeestadisticaycartografia\/blog\/wp-content\/uploads\/2016\/12\/visor7.png\" width=\"620\" srcset=\"https:\/\/ws089.juntadeandalucia.es\/institutodeestadisticaycartografia\/blog\/wp-content\/uploads\/2016\/12\/visor7.png 686w, https:\/\/ws089.juntadeandalucia.es\/institutodeestadisticaycartografia\/blog\/wp-content\/uploads\/2016\/12\/visor7-300x46.png 300w\" sizes=\"(max-width: 686px) 100vw, 686px\" \/><\/a>\n<\/p>\n<p align=\"JUSTIFY\">\n\t<strong>Identificar el contenido de cada celda:<\/strong>\n<\/p>\n<p align=\"JUSTIFY\">\n\tPara identificar las celdas que aparecen en el mapa basta con realizar un click con el bot&oacute;n izquierdo del rat&oacute;n. Aparece una ventana emergente de &ldquo;Resultado de la Identificaci&oacute;n&rdquo;. En esta ventana se muestra la informaci&oacute;n relativa a la celda consultada para la variable\/tema y serie (a&ntilde;o) que se est&eacute; visualizando en ese momento. Si la celda consultada no contiene informaci&oacute;n se mostrar&aacute; el mensaje &ldquo;No se han encontrado datos&rdquo;.\n<\/p>\n<p>\n\t&nbsp;\n<\/p>\n<p align=\"JUSTIFY\">\n\t<a href=\"http:\/\/www.juntadeandalucia.es\/institutodeestadisticaycartografia\/blog\/wp-content\/uploads\/2016\/12\/visor8.png\"><img loading=\"lazy\" alt=\"Identificar el contenido de cada celda\" class=\"alignnone size-full wp-image-10853\" height=\"190\" src=\"http:\/\/www.juntadeandalucia.es\/institutodeestadisticaycartografia\/blog\/wp-content\/uploads\/2016\/12\/visor8.png\" width=\"392\" srcset=\"https:\/\/ws089.juntadeandalucia.es\/institutodeestadisticaycartografia\/blog\/wp-content\/uploads\/2016\/12\/visor8.png 392w, https:\/\/ws089.juntadeandalucia.es\/institutodeestadisticaycartografia\/blog\/wp-content\/uploads\/2016\/12\/visor8-300x145.png 300w\" sizes=\"(max-width: 392px) 100vw, 392px\" \/><\/a>\n<\/p>\n<p align=\"JUSTIFY\">\n\tPara cerrar la ventana emergente basta con pulsar el bot&oacute;n para cerrar o hacer click en otra parte del mapa.\n<\/p>\n<p align=\"JUSTIFY\">\n\tComo ayuda a c&oacute;mo trabajar y analizar los datos puede ver <a href=\"http:\/\/www.juntadeandalucia.es\/institutodeestadisticaycartografia\/blog\/2017\/02\/trabajando-con-la-informacion-del-visor-de-distribucion-espacial-de-la-poblacion\/\" rel=\"bookmark\" title=\"Permanent Link to Trabajando con la informaci\u00f3n del visor de distribuci\u00f3n espacial de la poblaci\u00f3n\">Trabajando con la informaci&oacute;n del visor de distribuci&oacute;n espacial de la poblaci&oacute;n<\/a>.<\/p>\n<!-- AddThis Advanced Settings generic via filter on the_content --><!-- AddThis Share Buttons generic via filter on the_content -->","protected":false},"excerpt":{"rendered":"<p>Para trabajar con los datos de la Distribuci&oacute;n Espacial de la Poblaci&oacute;n de Andaluc&iacute;a generados a partir de la Base de Datos Longitudinal de Poblaci&oacute;n de Andaluc&iacute;a seg&uacute;n se cont&oacute; en Distribuci&oacute;n de la Poblaci&oacute;n de Andaluc&iacute;a en celdas de 250m de lado se ha desarrollado un visualizador cartogr&aacute;fico web que permite la visualizaci&oacute;n de [&hellip;]<!-- AddThis Advanced Settings generic via filter on wp_trim_excerpt --><!-- AddThis Share Buttons generic via filter on wp_trim_excerpt --><\/p>\n","protected":false},"author":2,"featured_media":0,"comment_status":"open","ping_status":"open","sticky":false,"template":"","format":"standard","meta":{"_mi_skip_tracking":false},"categories":[2,1,324],"tags":[132,295,311,206,19,125],"_links":{"self":[{"href":"https:\/\/ws089.juntadeandalucia.es\/institutodeestadisticaycartografia\/blog\/wp-json\/wp\/v2\/posts\/7377"}],"collection":[{"href":"https:\/\/ws089.juntadeandalucia.es\/institutodeestadisticaycartografia\/blog\/wp-json\/wp\/v2\/posts"}],"about":[{"href":"https:\/\/ws089.juntadeandalucia.es\/institutodeestadisticaycartografia\/blog\/wp-json\/wp\/v2\/types\/post"}],"author":[{"embeddable":true,"href":"https:\/\/ws089.juntadeandalucia.es\/institutodeestadisticaycartografia\/blog\/wp-json\/wp\/v2\/users\/2"}],"replies":[{"embeddable":true,"href":"https:\/\/ws089.juntadeandalucia.es\/institutodeestadisticaycartografia\/blog\/wp-json\/wp\/v2\/comments?post=7377"}],"version-history":[{"count":47,"href":"https:\/\/ws089.juntadeandalucia.es\/institutodeestadisticaycartografia\/blog\/wp-json\/wp\/v2\/posts\/7377\/revisions"}],"predecessor-version":[{"id":10855,"href":"https:\/\/ws089.juntadeandalucia.es\/institutodeestadisticaycartografia\/blog\/wp-json\/wp\/v2\/posts\/7377\/revisions\/10855"}],"wp:attachment":[{"href":"https:\/\/ws089.juntadeandalucia.es\/institutodeestadisticaycartografia\/blog\/wp-json\/wp\/v2\/media?parent=7377"}],"wp:term":[{"taxonomy":"category","embeddable":true,"href":"https:\/\/ws089.juntadeandalucia.es\/institutodeestadisticaycartografia\/blog\/wp-json\/wp\/v2\/categories?post=7377"},{"taxonomy":"post_tag","embeddable":true,"href":"https:\/\/ws089.juntadeandalucia.es\/institutodeestadisticaycartografia\/blog\/wp-json\/wp\/v2\/tags?post=7377"}],"curies":[{"name":"wp","href":"https:\/\/api.w.org\/{rel}","templated":true}]}}