{"id":7281,"date":"2016-11-25T14:00:52","date_gmt":"2016-11-25T13:00:52","guid":{"rendered":"http:\/\/www.juntadeandalucia.es\/institutodeestadisticaycartografia\/blog\/?p=7281"},"modified":"2016-12-13T13:05:10","modified_gmt":"2016-12-13T12:05:10","slug":"fin-exposicion-andalucia-la-imagen-cartografica-malaga","status":"publish","type":"post","link":"https:\/\/ws089.juntadeandalucia.es\/institutodeestadisticaycartografia\/blog\/2016\/11\/fin-exposicion-andalucia-la-imagen-cartografica-malaga\/","title":{"rendered":"Concluida la exposici\u00f3n \u00abAndaluc\u00eda la imagen cartogr\u00e1fica. M\u00e1laga. Puerto, Industria, Turismo\u00bb"},"content":{"rendered":"<p style=\"text-align: justify;\">\n\tEl pasado 24 de noviembre finaliz&oacute; la exposici&oacute;n &quot;Andaluc&iacute;a la imagen cartogr&aacute;fica. M&aacute;laga. Puerto, Industria, Turismo&quot;, inaugurada el d&iacute;a 21 de octubre y que ha estado expuesta en la sala de exposiciones de la sede malague&ntilde;a de la Universidad Internacional de Andaluc&iacute;a.\n<\/p>\n<p style=\"text-align: justify;\">\n\t<a href=\"http:\/\/www.juntadeandalucia.es\/institutodeestadisticaycartografia\/blog\/wp-content\/uploads\/2016\/11\/20161021_102631.jpg\"><img loading=\"lazy\" alt=\"20161021_102631\" class=\"aligncenter size-large wp-image-7283\" height=\"411\" src=\"http:\/\/www.juntadeandalucia.es\/institutodeestadisticaycartografia\/blog\/wp-content\/uploads\/2016\/11\/20161021_102631-1024x768.jpg\" width=\"551\" \/><\/a>\n<\/p>\n<p style=\"text-align: justify;\">\n\tLa exposici&oacute;n celebrada en la capital malague&ntilde;a ha ofrecido una panor&aacute;mica de los mapas dedicados a Andaluc&iacute;a desde los principios de la cartograf&iacute;a a la actualidad. En una secci&oacute;n dedicada a M&aacute;laga se ha seleccionado un conjunto de representaciones sobre la ciudad en su vertiente urbana y territorial, destacando las tres facetas decisivas de su evoluci&oacute;n: M&aacute;laga como nudo mar&iacute;timo puerto y puerta del occidente mediterr&aacute;neo, ciudad pionera de la industria espa&ntilde;ola y sede de una poderosa implantaci&oacute;n del fen&oacute;meno tur&iacute;stico. Puede acceder al <a href=\"http:\/\/www.juntadeandalucia.es\/institutodeestadisticaycartografia\/ieagen\/catalogo\/cartografia\/descargas\/CAT_Malaga.pdf\">cat&aacute;logo de la exposici&oacute;n<\/a>.\n<\/p>\n<p>\n\t<!--more-->\n<\/p>\n<p style=\"text-align: justify;\">\n\tEl conjunto de obras reunido, procedente fundamentalmente de archivos y bibliotecas malague&ntilde;as, ha sido muy bien valorado por los especialistas e interesados. Se ha elaborado una separata dedicada especialmente a esta muestra, que completa al cat&aacute;logo publicado dedicado a la cartograf&iacute;a regional, lo que ha sido un acierto que se ha evidenciado por la demanda de consulta en la propia sala, y por las peticiones recibidas de ejemplares.\n<\/p>\n<p style=\"text-align: justify;\">\n\tDurante la exposici&oacute;n se ha dispuesto de un servicio de atenci&oacute;n de visitas concertadas, as&iacute; como para grupos escolares, que ha sido utilizado por un total de 24 grupos y m&aacute;s de medio millar de personas. Se ha pasado una encuesta de satisfacci&oacute;n tanto a una muestra de los visitantes, como de los grupos, que reflejan una valoraci&oacute;n de la exposici&oacute;n muy positiva.\n<\/p>\n<p style=\"text-align: justify;\">\n\tOtra actividad realizada al hilo de la exposici&oacute;n ha sido el <strong>Ciclo de Conferencias<\/strong> &ldquo;M&aacute;laga a trav&eacute;s de la cartograf&iacute;a hist&oacute;rica&rdquo;, celebrado los d&iacute;as 17 y 24 de noviembre. Ambas jornadas han levantado un gran inter&eacute;s como muestra la importante asistencia a las conferencias de algunos de los mejores especialistas en materia de documentaci&oacute;n hist&oacute;rica, y en particular de car&aacute;cter cartogr&aacute;fico, en la ciudad de M&aacute;laga, como los acad&eacute;micos Manuel Olmedo y Francisco Cabrera,&nbsp; a los que habr&iacute;a que sumar expertos de primera fila, como Mar&iacute;a Isabel Vila y El&iacute;as de Mateo. Igualmente disertaron sobre aspectos muy particulares expertos de reconocido prestigio en materia de cartograf&iacute;a hist&oacute;rica en Andaluc&iacute;a, como&nbsp; Fernando Olmedo y Joaqu&iacute;n Cort&eacute;s. Adem&aacute;s se han tratado temas novedosos como la cartograf&iacute;a sovi&eacute;tica, o la ligada a la actividad tur&iacute;stica, y abundando en hitos de gran valor y singularidad, como son los casos del plano de M&aacute;laga de Joseph Carri&oacute;n, o el inter&eacute;s de los fondos cartogr&aacute;ficos existentes en el Archivo Municipal.\n<\/p>\n<table border=\"1\" cellpadding=\"1\" cellspacing=\"1\" style=\"width: 500px;\">\n<tbody>\n<tr>\n<td>\n\t\t\t\t<a href=\"http:\/\/www.juntadeandalucia.es\/institutodeestadisticaycartografia\/blog\/wp-content\/uploads\/2016\/11\/IMG-20161104-WA0004.jpg\"><img loading=\"lazy\" alt=\"IMG-20161104-WA0004\" class=\"aligncenter size-large wp-image-7297\" height=\"168\" src=\"http:\/\/www.juntadeandalucia.es\/institutodeestadisticaycartografia\/blog\/wp-content\/uploads\/2016\/11\/IMG-20161104-WA0004-1024x574.jpg\" width=\"299\" srcset=\"https:\/\/ws089.juntadeandalucia.es\/institutodeestadisticaycartografia\/blog\/wp-content\/uploads\/2016\/11\/IMG-20161104-WA0004-1024x574.jpg 1024w, https:\/\/ws089.juntadeandalucia.es\/institutodeestadisticaycartografia\/blog\/wp-content\/uploads\/2016\/11\/IMG-20161104-WA0004-300x168.jpg 300w, https:\/\/ws089.juntadeandalucia.es\/institutodeestadisticaycartografia\/blog\/wp-content\/uploads\/2016\/11\/IMG-20161104-WA0004.jpg 1600w\" sizes=\"(max-width: 299px) 100vw, 299px\" \/><\/a>\n\t\t\t<\/td>\n<td>\n\t\t\t\t<a href=\"http:\/\/www.juntadeandalucia.es\/institutodeestadisticaycartografia\/blog\/wp-content\/uploads\/2016\/11\/IMG-20161117-WA0013.jpg\"><img loading=\"lazy\" alt=\"IMG-20161117-WA0013\" class=\"aligncenter size-large wp-image-7299\" height=\"168\" src=\"http:\/\/www.juntadeandalucia.es\/institutodeestadisticaycartografia\/blog\/wp-content\/uploads\/2016\/11\/IMG-20161117-WA0013-1024x574.jpg\" width=\"300\" srcset=\"https:\/\/ws089.juntadeandalucia.es\/institutodeestadisticaycartografia\/blog\/wp-content\/uploads\/2016\/11\/IMG-20161117-WA0013-1024x574.jpg 1024w, https:\/\/ws089.juntadeandalucia.es\/institutodeestadisticaycartografia\/blog\/wp-content\/uploads\/2016\/11\/IMG-20161117-WA0013-300x168.jpg 300w, https:\/\/ws089.juntadeandalucia.es\/institutodeestadisticaycartografia\/blog\/wp-content\/uploads\/2016\/11\/IMG-20161117-WA0013.jpg 1600w\" sizes=\"(max-width: 300px) 100vw, 300px\" \/><\/a>\n\t\t\t<\/td>\n<\/tr>\n<tr>\n<td>\n\t\t\t\t<a href=\"http:\/\/www.juntadeandalucia.es\/institutodeestadisticaycartografia\/blog\/wp-content\/uploads\/2016\/11\/IMG-20161104-WA0005.jpg\"><img loading=\"lazy\" alt=\"IMG-20161104-WA0005\" class=\"aligncenter size-large wp-image-7298\" height=\"167\" src=\"http:\/\/www.juntadeandalucia.es\/institutodeestadisticaycartografia\/blog\/wp-content\/uploads\/2016\/11\/IMG-20161104-WA0005-1024x574.jpg\" width=\"298\" srcset=\"https:\/\/ws089.juntadeandalucia.es\/institutodeestadisticaycartografia\/blog\/wp-content\/uploads\/2016\/11\/IMG-20161104-WA0005-1024x574.jpg 1024w, https:\/\/ws089.juntadeandalucia.es\/institutodeestadisticaycartografia\/blog\/wp-content\/uploads\/2016\/11\/IMG-20161104-WA0005-300x168.jpg 300w, https:\/\/ws089.juntadeandalucia.es\/institutodeestadisticaycartografia\/blog\/wp-content\/uploads\/2016\/11\/IMG-20161104-WA0005.jpg 1600w\" sizes=\"(max-width: 298px) 100vw, 298px\" \/><\/a>\n\t\t\t<\/td>\n<td>\n\t\t\t\t<a href=\"http:\/\/www.juntadeandalucia.es\/institutodeestadisticaycartografia\/blog\/wp-content\/uploads\/2016\/11\/IMG-20161117-WA0014.jpg\"><img loading=\"lazy\" alt=\"IMG-20161117-WA0014\" class=\"aligncenter size-large wp-image-7300\" height=\"166\" src=\"http:\/\/www.juntadeandalucia.es\/institutodeestadisticaycartografia\/blog\/wp-content\/uploads\/2016\/11\/IMG-20161117-WA0014-1024x574.jpg\" width=\"299\" \/><\/a>\n\t\t\t<\/td>\n<\/tr>\n<\/tbody>\n<\/table>\n<p style=\"text-align: justify;\">\n\tLa calidad de los elementos expositivos reunidos, la importante colaboraci&oacute;n entre instituciones para ponerlos en valor son, en definitiva, factores determinantes para el &eacute;xito de esta iniciativa y para multiplicar su impacto, &eacute;xito que debe tambi&eacute;n medirse en relaci&oacute;n a su muy ajustado coste.\n<\/p>\n<p style=\"text-align: justify;\">\n\tArt&iacute;culos relacionados:\n<\/p>\n<p style=\"text-align: justify;\">\n\t<a href=\"http:\/\/www.juntadeandalucia.es\/institutodeestadisticaycartografia\/blog\/2016\/10\/inauguracion-expomalaga\">Cartograf&iacute;a hist&oacute;rica de M&aacute;laga en la exposici&oacute;n &quot;Andaluc&iacute;a, la imagen cartogr&aacute;fica&quot;<\/a><\/p>\n<!-- AddThis Advanced Settings generic via filter on the_content --><!-- AddThis Share Buttons generic via filter on the_content -->","protected":false},"excerpt":{"rendered":"<p>El pasado 24 de noviembre finaliz&oacute; la exposici&oacute;n &quot;Andaluc&iacute;a la imagen cartogr&aacute;fica. M&aacute;laga. Puerto, Industria, Turismo&quot;, inaugurada el d&iacute;a 21 de octubre y que ha estado expuesta en la sala de exposiciones de la sede malague&ntilde;a de la Universidad Internacional de Andaluc&iacute;a. La exposici&oacute;n celebrada en la capital malague&ntilde;a ha ofrecido una panor&aacute;mica de los [&hellip;]<!-- AddThis Advanced Settings generic via filter on wp_trim_excerpt --><!-- AddThis Share Buttons generic via filter on wp_trim_excerpt --><\/p>\n","protected":false},"author":1,"featured_media":0,"comment_status":"open","ping_status":"open","sticky":false,"template":"","format":"standard","meta":{"_mi_skip_tracking":false},"categories":[2],"tags":[475,396,163,352,81],"_links":{"self":[{"href":"https:\/\/ws089.juntadeandalucia.es\/institutodeestadisticaycartografia\/blog\/wp-json\/wp\/v2\/posts\/7281"}],"collection":[{"href":"https:\/\/ws089.juntadeandalucia.es\/institutodeestadisticaycartografia\/blog\/wp-json\/wp\/v2\/posts"}],"about":[{"href":"https:\/\/ws089.juntadeandalucia.es\/institutodeestadisticaycartografia\/blog\/wp-json\/wp\/v2\/types\/post"}],"author":[{"embeddable":true,"href":"https:\/\/ws089.juntadeandalucia.es\/institutodeestadisticaycartografia\/blog\/wp-json\/wp\/v2\/users\/1"}],"replies":[{"embeddable":true,"href":"https:\/\/ws089.juntadeandalucia.es\/institutodeestadisticaycartografia\/blog\/wp-json\/wp\/v2\/comments?post=7281"}],"version-history":[{"count":18,"href":"https:\/\/ws089.juntadeandalucia.es\/institutodeestadisticaycartografia\/blog\/wp-json\/wp\/v2\/posts\/7281\/revisions"}],"predecessor-version":[{"id":7346,"href":"https:\/\/ws089.juntadeandalucia.es\/institutodeestadisticaycartografia\/blog\/wp-json\/wp\/v2\/posts\/7281\/revisions\/7346"}],"wp:attachment":[{"href":"https:\/\/ws089.juntadeandalucia.es\/institutodeestadisticaycartografia\/blog\/wp-json\/wp\/v2\/media?parent=7281"}],"wp:term":[{"taxonomy":"category","embeddable":true,"href":"https:\/\/ws089.juntadeandalucia.es\/institutodeestadisticaycartografia\/blog\/wp-json\/wp\/v2\/categories?post=7281"},{"taxonomy":"post_tag","embeddable":true,"href":"https:\/\/ws089.juntadeandalucia.es\/institutodeestadisticaycartografia\/blog\/wp-json\/wp\/v2\/tags?post=7281"}],"curies":[{"name":"wp","href":"https:\/\/api.w.org\/{rel}","templated":true}]}}