{"id":7230,"date":"2016-11-04T10:30:56","date_gmt":"2016-11-04T09:30:56","guid":{"rendered":"http:\/\/www.juntadeandalucia.es\/institutodeestadisticaycartografia\/blog\/?p=7230"},"modified":"2016-11-24T14:38:07","modified_gmt":"2016-11-24T13:38:07","slug":"ecta0316","status":"publish","type":"post","link":"https:\/\/ws089.juntadeandalucia.es\/institutodeestadisticaycartografia\/blog\/2016\/11\/ecta0316\/","title":{"rendered":"Aumenta un 4,9% el n\u00famero de turistas en Andaluc\u00eda en el tercer trimestre del a\u00f1o"},"content":{"rendered":"<p style=\"text-align: justify;\">\n\tEl n&uacute;mero de turistas que visit&oacute; Andaluc&iacute;a en el tercer trimestre de 2016 super&oacute; los diez millones setenta y siete mil, seg&uacute;n los resultados de la Encuesta de Coyuntura Tur&iacute;stica de Andaluc&iacute;a que realiza el Instituto de Estad&iacute;stica y Cartograf&iacute;a de Andaluc&iacute;a, lo que supone un aumento de un 4,9% con respecto al mismo trimestre del a&ntilde;o anterior.\n<\/p>\n<p style=\"text-align: justify;\">\n\tDe los turistas que visitaron Andaluc&iacute;a durante este per&iacute;odo el 30,9% eran andaluces, el 32,0% eran del resto de Espa&ntilde;a, el 27,5% proced&iacute;an de la UE (excluida Espa&ntilde;a) y el 9,6% del Resto del Mundo.\n<\/p>\n<p class=\"titgraf\" style=\"text-align: center;\">\n\t<em>Evoluci&oacute;n del n&uacute;mero de turistas<\/em><br \/>\n\t<a href=\"http:\/\/www.juntadeandalucia.es\/institutodeestadisticaycartografia\/blog\/wp-content\/uploads\/2016\/11\/graf11.png\"><img loading=\"lazy\" alt=\"Evoluci\u00f3n del n\u00famero de turistas\" class=\"alignnone size-full wp-image-7231\" height=\"267\" src=\"http:\/\/www.juntadeandalucia.es\/institutodeestadisticaycartografia\/blog\/wp-content\/uploads\/2016\/11\/graf11.png\" width=\"607\" srcset=\"https:\/\/ws089.juntadeandalucia.es\/institutodeestadisticaycartografia\/blog\/wp-content\/uploads\/2016\/11\/graf11.png 607w, https:\/\/ws089.juntadeandalucia.es\/institutodeestadisticaycartografia\/blog\/wp-content\/uploads\/2016\/11\/graf11-300x131.png 300w\" sizes=\"(max-width: 607px) 100vw, 607px\" \/><\/a>\n<\/p>\n<p>\n\t<!--more-->\n<\/p>\n<p style=\"text-align: justify;\">\n\tEn este trimestre, de los turistas que visitaron Andaluc&iacute;a, el 80,3% lo hizo por vacaciones, el 13,5% vinieron a visitar a familiares y amigos y el 6,2% restante alegaron otras motivaciones.\n<\/p>\n<p style=\"text-align: justify;\">\n\tEn el tercer trimestre de 2016, el 58,4% de los viajeros se aloj&oacute; en establecimientos hoteleros, mientras que el 35,3% utiliz&oacute; apartamento, piso o chalet. Por otra parte, la estancia media, o n&uacute;mero de d&iacute;as que por t&eacute;rmino medio permanece un turista en Andaluc&iacute;a, se situ&oacute; en 10,7 d&iacute;as, un 1,0% m&aacute;s que un a&ntilde;o antes.\n<\/p>\n<p style=\"text-align: justify;\">\n\tEn cuanto a la distribuci&oacute;n de los turistas por provincias, M&aacute;laga concentr&oacute; el 34,9% de los mismos, seguida de C&aacute;diz, Granada y Almer&iacute;a con el 18,1%, 12,1% y 10,0%, respectivamente.\n<\/p>\n<p class=\"titgraf\" style=\"text-align: center;\">\n\t<em>Distribuci&oacute;n porcentual de los turistas por provincia<\/em><br \/>\n\t<a href=\"http:\/\/www.juntadeandalucia.es\/institutodeestadisticaycartografia\/blog\/wp-content\/uploads\/2016\/11\/graf21.png\"><img loading=\"lazy\" alt=\"Distribuci\u00f3n porcentual de los turistas por provincia\" class=\"alignnone size-full wp-image-7232\" height=\"342\" src=\"http:\/\/www.juntadeandalucia.es\/institutodeestadisticaycartografia\/blog\/wp-content\/uploads\/2016\/11\/graf21.png\" width=\"569\" srcset=\"https:\/\/ws089.juntadeandalucia.es\/institutodeestadisticaycartografia\/blog\/wp-content\/uploads\/2016\/11\/graf21.png 569w, https:\/\/ws089.juntadeandalucia.es\/institutodeestadisticaycartografia\/blog\/wp-content\/uploads\/2016\/11\/graf21-300x180.png 300w\" sizes=\"(max-width: 569px) 100vw, 569px\" \/><\/a>\n<\/p>\n<p style=\"text-align: justify;\">\n\tEl gasto medio diario que realizaron los turistas en Andaluc&iacute;a en este periodo se estima en 64,0 euros, cifra que supera en un 5,2% a la del mismo trimestre del a&ntilde;o anterior, si bien se observan diferencias seg&uacute;n la procedencia del turista: desde los 54,2 euros que gastaron los turistas andaluces hasta los 79,8 euros que gastan los procedentes del Resto del Mundo.\n<\/p>\n<p class=\"titgraf\" style=\"text-align: center;\">\n\t<em>Evoluci&oacute;n del gasto medio diario<\/em><br \/>\n\t<a href=\"http:\/\/www.juntadeandalucia.es\/institutodeestadisticaycartografia\/blog\/wp-content\/uploads\/2016\/11\/graf31.png\"><img loading=\"lazy\" alt=\"Evoluci\u00f3n del gasto medio diario\" class=\"alignnone size-full wp-image-7233\" height=\"267\" src=\"http:\/\/www.juntadeandalucia.es\/institutodeestadisticaycartografia\/blog\/wp-content\/uploads\/2016\/11\/graf31.png\" width=\"607\" srcset=\"https:\/\/ws089.juntadeandalucia.es\/institutodeestadisticaycartografia\/blog\/wp-content\/uploads\/2016\/11\/graf31.png 607w, https:\/\/ws089.juntadeandalucia.es\/institutodeestadisticaycartografia\/blog\/wp-content\/uploads\/2016\/11\/graf31-300x131.png 300w\" sizes=\"(max-width: 607px) 100vw, 607px\" \/><\/a>\n<\/p>\n<p class=\"titgraf\" style=\"text-align: center;\">\n\t<em>Gasto medio diario seg&uacute;n procedencia<\/em><br \/>\n\t<a href=\"http:\/\/www.juntadeandalucia.es\/institutodeestadisticaycartografia\/blog\/wp-content\/uploads\/2016\/11\/graf41.png\"><img loading=\"lazy\" alt=\"Gasto medio diario seg\u00fan procedencia\" class=\"alignnone size-full wp-image-7234\" height=\"315\" src=\"http:\/\/www.juntadeandalucia.es\/institutodeestadisticaycartografia\/blog\/wp-content\/uploads\/2016\/11\/graf41.png\" width=\"564\" srcset=\"https:\/\/ws089.juntadeandalucia.es\/institutodeestadisticaycartografia\/blog\/wp-content\/uploads\/2016\/11\/graf41.png 564w, https:\/\/ws089.juntadeandalucia.es\/institutodeestadisticaycartografia\/blog\/wp-content\/uploads\/2016\/11\/graf41-300x167.png 300w\" sizes=\"(max-width: 564px) 100vw, 564px\" \/><\/a>\n<\/p>\n<p>\n\tEn cuanto a la valoraci&oacute;n, de uno a diez, del viaje realizado, los turistas que visitaron Andaluc&iacute;a durante el trimestre, concedieron un 8,1 a su estancia en la regi&oacute;n. Las provincias m&aacute;s valoradas fueron C&oacute;rdoba con un 8,7 y M&aacute;laga con un 8,4. Los aspectos mejor valorados por los visitantes fueron los relacionados con la atenci&oacute;n y trato, los paisajes y parques naturales, el alojamiento y el alquiler de coches.\n<\/p>\n<p>\n\tPor &uacute;ltimo, con referencia a la pregunta realizada sobre si se hab&iacute;an visto cubiertas sus expectativas con respecto a Andaluc&iacute;a, el 26,3% de los viajeros respondi&oacute; que la comida fue mejor de lo esperado; mientras que el 6,1% consider&oacute; que el Medio Ambiente fue peor de lo esperado.<\/p>\n<!-- AddThis Advanced Settings generic via filter on the_content --><!-- AddThis Share Buttons generic via filter on the_content -->","protected":false},"excerpt":{"rendered":"<p>El n&uacute;mero de turistas que visit&oacute; Andaluc&iacute;a en el tercer trimestre de 2016 super&oacute; los diez millones setenta y siete mil, seg&uacute;n los resultados de la Encuesta de Coyuntura Tur&iacute;stica de Andaluc&iacute;a que realiza el Instituto de Estad&iacute;stica y Cartograf&iacute;a de Andaluc&iacute;a, lo que supone un aumento de un 4,9% con respecto al mismo trimestre [&hellip;]<!-- AddThis Advanced Settings generic via filter on wp_trim_excerpt --><!-- AddThis Share Buttons generic via filter on wp_trim_excerpt --><\/p>\n","protected":false},"author":2,"featured_media":0,"comment_status":"open","ping_status":"open","sticky":false,"template":"","format":"standard","meta":{"_mi_skip_tracking":false},"categories":[1],"tags":[142,417,58],"_links":{"self":[{"href":"https:\/\/ws089.juntadeandalucia.es\/institutodeestadisticaycartografia\/blog\/wp-json\/wp\/v2\/posts\/7230"}],"collection":[{"href":"https:\/\/ws089.juntadeandalucia.es\/institutodeestadisticaycartografia\/blog\/wp-json\/wp\/v2\/posts"}],"about":[{"href":"https:\/\/ws089.juntadeandalucia.es\/institutodeestadisticaycartografia\/blog\/wp-json\/wp\/v2\/types\/post"}],"author":[{"embeddable":true,"href":"https:\/\/ws089.juntadeandalucia.es\/institutodeestadisticaycartografia\/blog\/wp-json\/wp\/v2\/users\/2"}],"replies":[{"embeddable":true,"href":"https:\/\/ws089.juntadeandalucia.es\/institutodeestadisticaycartografia\/blog\/wp-json\/wp\/v2\/comments?post=7230"}],"version-history":[{"count":1,"href":"https:\/\/ws089.juntadeandalucia.es\/institutodeestadisticaycartografia\/blog\/wp-json\/wp\/v2\/posts\/7230\/revisions"}],"predecessor-version":[{"id":7235,"href":"https:\/\/ws089.juntadeandalucia.es\/institutodeestadisticaycartografia\/blog\/wp-json\/wp\/v2\/posts\/7230\/revisions\/7235"}],"wp:attachment":[{"href":"https:\/\/ws089.juntadeandalucia.es\/institutodeestadisticaycartografia\/blog\/wp-json\/wp\/v2\/media?parent=7230"}],"wp:term":[{"taxonomy":"category","embeddable":true,"href":"https:\/\/ws089.juntadeandalucia.es\/institutodeestadisticaycartografia\/blog\/wp-json\/wp\/v2\/categories?post=7230"},{"taxonomy":"post_tag","embeddable":true,"href":"https:\/\/ws089.juntadeandalucia.es\/institutodeestadisticaycartografia\/blog\/wp-json\/wp\/v2\/tags?post=7230"}],"curies":[{"name":"wp","href":"https:\/\/api.w.org\/{rel}","templated":true}]}}