{"id":6697,"date":"2016-07-28T14:15:13","date_gmt":"2016-07-28T12:15:13","guid":{"rendered":"http:\/\/www.juntadeandalucia.es\/institutodeestadisticaycartografia\/blog\/?p=6697"},"modified":"2016-07-28T14:15:13","modified_gmt":"2016-07-28T12:15:13","slug":"epa0216","status":"publish","type":"post","link":"https:\/\/ws089.juntadeandalucia.es\/institutodeestadisticaycartografia\/blog\/2016\/07\/epa0216\/","title":{"rendered":"En el segundo trimestre de 2015, el paro baj\u00f3 en Andaluc\u00eda un 2,4%, respecto al trimestre anterior"},"content":{"rendered":"<p style=\"text-align: justify;\">\n\tSeg&uacute;n los datos de la explotaci&oacute;n detallada de la <a href=\"http:\/\/www.juntadeandalucia.es\/institutodeestadisticaycartografia\/epa\/index.htm\" target=\"_blank\">Encuesta de Poblaci&oacute;n Activa<\/a> que elabora el Instituto de Estad&iacute;stica y Cartograf&iacute;a de Andaluc&iacute;a, en el segundo trimestre del a&ntilde;o el paro baj&oacute; en Andaluc&iacute;a un 2,4% respecto al trimestre anterior, registr&aacute;ndose 1.161.100 personas paradas (28.100 menos). Respecto al mismo trimestre de 2015, el paro descendi&oacute; un 7,9%, 99.400 parados menos en un a&ntilde;o.\n<\/p>\n<p style=\"text-align: justify;\">\n\tLa tasa de paro en Andaluc&iacute;a baja 0,6 puntos respecto al trimestre anterior y se sit&uacute;a en el 29,1%. Por sexo, la tasa de paro femenina baja en 1,2 puntos y se sit&uacute;a en el 32%, mientras que la masculina baja en 0,2 puntos, hasta el 26,7%.\n<\/p>\n<p style=\"text-align: justify;\">\n\tRespecto al trimestre anterior el n&uacute;mero de ocupados aument&oacute; en Andaluc&iacute;a un 0,7%, situ&aacute;ndose en 2.832.700 (18.400 m&aacute;s), de los que 1.598.800 eran hombres y 1.233.900 mujeres, lo que supuso que la tasa de empleo se situase en el 41,1%. La variaci&oacute;n interanual del n&uacute;mero de ocupados fue del 0,9%, 24.200 ocupados m&aacute;s.\n<\/p>\n<p style=\"text-align: justify;\">\n\t<a href=\"http:\/\/www.juntadeandalucia.es\/institutodeestadisticaycartografia\/blog\/wp-content\/uploads\/2016\/07\/epa0216.png\"><img loading=\"lazy\" alt=\"Evoluci\u00f3n de activos, ocupados y parados en Andaluc\u00eda\" class=\"alignnone size-full wp-image-6698\" height=\"353\" src=\"http:\/\/www.juntadeandalucia.es\/institutodeestadisticaycartografia\/blog\/wp-content\/uploads\/2016\/07\/epa0216.png\" width=\"601\" srcset=\"https:\/\/ws089.juntadeandalucia.es\/institutodeestadisticaycartografia\/blog\/wp-content\/uploads\/2016\/07\/epa0216.png 601w, https:\/\/ws089.juntadeandalucia.es\/institutodeestadisticaycartografia\/blog\/wp-content\/uploads\/2016\/07\/epa0216-300x176.png 300w\" sizes=\"(max-width: 601px) 100vw, 601px\" \/><\/a>\n<\/p>\n<p>\n\t<!--more-->\n<\/p>\n<p style=\"text-align: justify;\">\nSe cre\u00f3 empleo en el sector servicios (25.500), construcci\u00f3n (18.100) e industria (15.300) y se destruy\u00f3 en agricultura (40.500 empleos menos).\n<\/p>\n<p style=\"text-align: justify;\">\nAument\u00f3 el empleo asalariado en 16.200 ocupados y el empleo por cuenta propia en 2.100 personas.\n<\/p>\n<p style=\"text-align: justify;\">\nPor tipo de contrato, suben los indefinidos en 9.800 (0,7%) y los temporales en 6.400 (0,8%), respecto al trimestre anterior.\n<\/p>\n<p style=\"text-align: justify;\">\nPor provincias, la tasa de empleo sube en Huelva (2,2 puntos), C\u00e1diz (1,8), Almer\u00eda y Sevilla (0,8), mientras que baja en Ja\u00e9n (3,3), Granada (0,6), C\u00f3rdoba (0,4) y M\u00e1laga (0,2).\n<\/p>\n<p style=\"text-align: justify;\">\nDel total de personas paradas (1.161.100), 581.300 eran hombres y 579.800 mujeres. El nivel de paro respecto al trimestre anterior baj\u00f3 entre las mujeres un 3,7% (22.000 paradas menos) y entre los hombres un 1% (6.100 parados menos).\n<\/p>\n<p style=\"text-align: justify;\">\nPor grandes grupos de edad, el paro baja en el grupo de 30 a 44 a\u00f1os en 26.900 (5,9%) y en el grupo de 16 a 29 a\u00f1os en 17.700 parados menos (5,3%) y sube en el grupo de 45 a 64 a\u00f1os en 16.400 (4,2%).\n<\/p>\n<p style=\"text-align: justify;\">\nLa tasa de paro baj\u00f3 en: Huelva (4,4), M\u00e1laga (2,1), Almer\u00eda (1,9), C\u00e1diz (1,8) y Sevilla (1,5), mientras que subi\u00f3 en Ja\u00e9n (5,1), Granada (2,5) y C\u00f3rdoba (1,3).\n<\/p>\n<p style=\"text-align: justify;\">\nEl n\u00famero de activos en el segundo trimestre de 2016 se situ\u00f3 en 3.993.800 personas en Andaluc\u00eda (9.800 menos que el trimestre anterior y 75.200 menos que el mismo trimestre de 2015), lo que supone una tasa de actividad del 58%, 0,2 puntos menos que en el trimestre previo.\n<\/p>\n<p style=\"text-align: justify;\">\nEntre los hombres, la tasa de actividad baj\u00f3 0,3 puntos, situ\u00e1ndose en el 64,6%. Entre las mujeres, la tasa de actividad fue del 51,6%, disminuyendo en 0,1 puntos respecto al trimestre anterior. La tasa de actividad de la poblaci\u00f3n extranjera fue del 65%, disminuyendo 3,2 puntos respecto al trimestre anterior.\n<\/p>\n<p style=\"text-align: justify;\">\nPor provincias, el n\u00famero de activos subi\u00f3 en Granada (2,2%), C\u00e1diz (2,1%) y C\u00f3rdoba (0,8%) y baj\u00f3 en M\u00e1laga (3,3%), Ja\u00e9n (1,4%), Huelva (0,7%), Almer\u00eda (0,5%) y Sevilla (0,1%) respecto al trimestre anterior.\n<\/p>\n<p style=\"text-align: justify;\">\nEl n\u00famero de hogares en los que todos sus miembros activos estaban parados fue de 410.200, 1.300 m\u00e1s que el trimestre anterior (0,3%). En relaci\u00f3n con el mismo trimestre del a\u00f1o anterior, los hogares con todos sus activos en paro descendieron en un 2,4%, 10.000 hogares menos.<\/p>\n<!-- AddThis Advanced Settings generic via filter on the_content --><!-- AddThis Share Buttons generic via filter on the_content -->","protected":false},"excerpt":{"rendered":"<p>Seg&uacute;n los datos de la explotaci&oacute;n detallada de la Encuesta de Poblaci&oacute;n Activa que elabora el Instituto de Estad&iacute;stica y Cartograf&iacute;a de Andaluc&iacute;a, en el segundo trimestre del a&ntilde;o el paro baj&oacute; en Andaluc&iacute;a un 2,4% respecto al trimestre anterior, registr&aacute;ndose 1.161.100 personas paradas (28.100 menos). Respecto al mismo trimestre de 2015, el paro descendi&oacute; [&hellip;]<!-- AddThis Advanced Settings generic via filter on wp_trim_excerpt --><!-- AddThis Share Buttons generic via filter on wp_trim_excerpt --><\/p>\n","protected":false},"author":2,"featured_media":0,"comment_status":"open","ping_status":"open","sticky":false,"template":"","format":"standard","meta":{"_mi_skip_tracking":false},"categories":[1],"tags":[135,11,10,177,137,13],"_links":{"self":[{"href":"https:\/\/ws089.juntadeandalucia.es\/institutodeestadisticaycartografia\/blog\/wp-json\/wp\/v2\/posts\/6697"}],"collection":[{"href":"https:\/\/ws089.juntadeandalucia.es\/institutodeestadisticaycartografia\/blog\/wp-json\/wp\/v2\/posts"}],"about":[{"href":"https:\/\/ws089.juntadeandalucia.es\/institutodeestadisticaycartografia\/blog\/wp-json\/wp\/v2\/types\/post"}],"author":[{"embeddable":true,"href":"https:\/\/ws089.juntadeandalucia.es\/institutodeestadisticaycartografia\/blog\/wp-json\/wp\/v2\/users\/2"}],"replies":[{"embeddable":true,"href":"https:\/\/ws089.juntadeandalucia.es\/institutodeestadisticaycartografia\/blog\/wp-json\/wp\/v2\/comments?post=6697"}],"version-history":[{"count":3,"href":"https:\/\/ws089.juntadeandalucia.es\/institutodeestadisticaycartografia\/blog\/wp-json\/wp\/v2\/posts\/6697\/revisions"}],"predecessor-version":[{"id":6701,"href":"https:\/\/ws089.juntadeandalucia.es\/institutodeestadisticaycartografia\/blog\/wp-json\/wp\/v2\/posts\/6697\/revisions\/6701"}],"wp:attachment":[{"href":"https:\/\/ws089.juntadeandalucia.es\/institutodeestadisticaycartografia\/blog\/wp-json\/wp\/v2\/media?parent=6697"}],"wp:term":[{"taxonomy":"category","embeddable":true,"href":"https:\/\/ws089.juntadeandalucia.es\/institutodeestadisticaycartografia\/blog\/wp-json\/wp\/v2\/categories?post=6697"},{"taxonomy":"post_tag","embeddable":true,"href":"https:\/\/ws089.juntadeandalucia.es\/institutodeestadisticaycartografia\/blog\/wp-json\/wp\/v2\/tags?post=6697"}],"curies":[{"name":"wp","href":"https:\/\/api.w.org\/{rel}","templated":true}]}}