{"id":624,"date":"2013-09-24T10:42:29","date_gmt":"2013-09-24T08:42:29","guid":{"rendered":"http:\/\/www.juntadeandalucia.es\/institutodeestadisticaycartografia\/blog\/?p=624"},"modified":"2013-09-30T14:07:59","modified_gmt":"2013-09-30T12:07:59","slug":"mas-de-120-000-fotografias-aereas-de-andalucia-en-nuestra-fototeca-que-se-presenta-en-cordoba","status":"publish","type":"post","link":"https:\/\/ws089.juntadeandalucia.es\/institutodeestadisticaycartografia\/blog\/2013\/09\/mas-de-120-000-fotografias-aereas-de-andalucia-en-nuestra-fototeca-que-se-presenta-en-cordoba\/","title":{"rendered":"M\u00e1s de 120.000 fotograf\u00edas a\u00e9reas de Andaluc\u00eda en nuestra FOTOTECA, que se presenta en C\u00f3rdoba"},"content":{"rendered":"<p style=\"text-align: justify;\">\n\tLa <a href=\"http:\/\/www.uco.es\/\" target=\"_blank\">Universidad de C&oacute;rdoba<\/a> acoger&aacute; el pr&oacute;ximo 23 de octubre la presentaci&oacute;n de la <a href=\"http:\/\/www.juntadeandalucia.es\/institutodeestadisticaycartografia\/fototeca\/\" target=\"_blank\">Fototeca A&eacute;rea Digital de Andaluc&iacute;a (FADA),<\/a> un nuevo producto del Instituto de Estad&iacute;stica y Cartograf&iacute;a de Andaluc&iacute;a para la descarga y consulta gratuita de fotograf&iacute;as a&eacute;reas del territorio andaluz.\n<\/p>\n<p style=\"text-align: justify;\">\n\t<a href=\"http:\/\/www.juntadeandalucia.es\/institutodeestadisticaycartografia\/blog\/wp-content\/uploads\/2013\/09\/fototeca.png\"><img loading=\"lazy\" alt=\"fototeca\" class=\"alignnone size-full wp-image-625\" height=\"275\" src=\"http:\/\/www.juntadeandalucia.es\/institutodeestadisticaycartografia\/blog\/wp-content\/uploads\/2013\/09\/fototeca.png\" width=\"449\" srcset=\"https:\/\/ws089.juntadeandalucia.es\/institutodeestadisticaycartografia\/blog\/wp-content\/uploads\/2013\/09\/fototeca.png 1142w, https:\/\/ws089.juntadeandalucia.es\/institutodeestadisticaycartografia\/blog\/wp-content\/uploads\/2013\/09\/fototeca-300x184.png 300w, https:\/\/ws089.juntadeandalucia.es\/institutodeestadisticaycartografia\/blog\/wp-content\/uploads\/2013\/09\/fototeca-1024x628.png 1024w\" sizes=\"(max-width: 449px) 100vw, 449px\" \/><\/a>\n<\/p>\n<p>\n\t<!--more-->\n<\/p>\n<p style=\"text-align: justify;\">\n\tEste portal cuenta con una colecci&oacute;n de 120.316 fotogramas, que forman parte del archivo que posee la Junta de Andaluc&iacute;a obtenido a partir de los vuelos realizados entre los a&ntilde;os 1980 a 2011 utilizados de base para realizar la cartograf&iacute;a topogr&aacute;fica oficial de Andaluc&iacute;a, y que han servido a los procesos de planificaci&oacute;n f&iacute;sica y estrat&eacute;gica, y de desarrollo econ&oacute;mico y social.\n<\/p>\n<p style=\"text-align: justify;\">\n\tPero este archivo fotogr&aacute;fico tiene su verdadera dimensi&oacute;n en el uso cotidiano que de &eacute;l se hace. Un ejemplo es la necesidad de acreditar de manera precisa la realidad f&iacute;sica del territorio, en litigios civiles o en procedimientos judiciales contenciosos y penales, en los que sea necesario restablecer un derecho de propiedad o restituir una realidad f&iacute;sica alterada. Adem&aacute;s de ciudadanos individuales, la polic&iacute;a judicial, la fiscal&iacute;a medioambiental o los juzgados son usuarios habituales de este servicio que hasta la fecha se atend&iacute;a de forma presencial y que a partir de ahora funciona de forma interactiva. Son adem&aacute;s documentos imprescindibles en la toma de decisiones en muchos procedimientos administrativos, como la disciplina urban&iacute;stica, la evaluaci&oacute;n de incendios, las legalizaciones de pozos, las pol&iacute;ticas medioambientales,&nbsp; trabajos de investigaci&oacute;n, etc.\n<\/p>\n<p style=\"text-align: justify;\">\n\tLa mayor parte del archivo existente est&aacute; compuesto por negativos de 23 cmx23 cm, obtenidos por c&aacute;maras de pel&iacute;cula fotogr&aacute;fica, escaneados para obtener una imagen digital. A ellos se han agregado las im&aacute;genes obtenidas por las modernas c&aacute;maras digitales, con las que se realizan los vuelos desde finales de los a&ntilde;os 90. Todo este volumen de informaci&oacute;n ha servido para conformar una fototeca a&eacute;rea oficial en formato digital, georreferenciada, completa y actualizada, de todo el territorio andaluz para su uso y explotaci&oacute;n por parte de las administraciones, empresas y ciudadan&iacute;a en general.\n<\/p>\n<p style=\"text-align: justify;\">\n\t<strong>Herramienta &aacute;gil, sencilla y gratuita<\/strong>\n<\/p>\n<p style=\"text-align: justify;\">\n\tEl portal permite la localizaci&oacute;n precisa de cualquier fotograma partiendo, bien&nbsp; de cualquier nombre geogr&aacute;fico que conozca el usuario, bien de una referencia o pol&iacute;gono catastral, gracias a la base de datos de mas de 150.000 top&oacute;nimos que tiene asociado el buscador, adem&aacute;s de la conexi&oacute;n en tiempo real que el portal realiza con oficina virtual del catastro.\n<\/p>\n<p style=\"text-align: justify;\">\n\tAdem&aacute;s de una imagen del fotograma en formato est&aacute;ndar (JPEG2000), con la descarga se obtienen otros tres ficheros: uno con las coordenadas del centro de la fotograf&iacute;a para la correcta ubicaci&oacute;n en un Sistema de Informaci&oacute;n Geogr&aacute;fica, otro con el sistema de referencia para su manejo en los programas de cad, y finalmente un fichero de metadatos con una descripci&oacute;n completa de las caracter&iacute;sticas generales del vuelo y particulares de cada fotograma siguiendo el Est&aacute;ndar Internacional ISO 19115.\n<\/p>\n<p style=\"text-align: justify;\">\n\t<strong>El tiempo vuela&#8230;<\/strong>\n<\/p>\n<p style=\"text-align: justify;\">\n\tLa Fototeca A&eacute;rea Digital de Andaluc&iacute;a sirve como base para la elaboraci&oacute;n del art&iacute;culo que mensualmente publicamos en nuestro blog y bolet&iacute;n de noticias bajo el t&iacute;tulo &#39;El tiempo vuela&#39;, en el que analizamos la evoluci&oacute;n de distintos enclaves estrat&eacute;gicos de Andaluc&iacute;a desde los a&ntilde;os 50-60 hasta la actualidad a partir de la comparaci&oacute;n de dos im&aacute;genes a&eacute;reas.<\/p>\n<!-- AddThis Advanced Settings generic via filter on the_content --><!-- AddThis Share Buttons generic via filter on the_content -->","protected":false},"excerpt":{"rendered":"<p>La Universidad de C&oacute;rdoba acoger&aacute; el pr&oacute;ximo 23 de octubre la presentaci&oacute;n de la Fototeca A&eacute;rea Digital de Andaluc&iacute;a (FADA), un nuevo producto del Instituto de Estad&iacute;stica y Cartograf&iacute;a de Andaluc&iacute;a para la descarga y consulta gratuita de fotograf&iacute;as a&eacute;reas del territorio andaluz.<!-- AddThis Advanced Settings generic via filter on wp_trim_excerpt --><!-- AddThis Share Buttons generic via filter on wp_trim_excerpt --><\/p>\n","protected":false},"author":2,"featured_media":0,"comment_status":"open","ping_status":"open","sticky":false,"template":"","format":"standard","meta":{"_mi_skip_tracking":false},"categories":[2],"tags":[158,159,73,48],"_links":{"self":[{"href":"https:\/\/ws089.juntadeandalucia.es\/institutodeestadisticaycartografia\/blog\/wp-json\/wp\/v2\/posts\/624"}],"collection":[{"href":"https:\/\/ws089.juntadeandalucia.es\/institutodeestadisticaycartografia\/blog\/wp-json\/wp\/v2\/posts"}],"about":[{"href":"https:\/\/ws089.juntadeandalucia.es\/institutodeestadisticaycartografia\/blog\/wp-json\/wp\/v2\/types\/post"}],"author":[{"embeddable":true,"href":"https:\/\/ws089.juntadeandalucia.es\/institutodeestadisticaycartografia\/blog\/wp-json\/wp\/v2\/users\/2"}],"replies":[{"embeddable":true,"href":"https:\/\/ws089.juntadeandalucia.es\/institutodeestadisticaycartografia\/blog\/wp-json\/wp\/v2\/comments?post=624"}],"version-history":[{"count":3,"href":"https:\/\/ws089.juntadeandalucia.es\/institutodeestadisticaycartografia\/blog\/wp-json\/wp\/v2\/posts\/624\/revisions"}],"predecessor-version":[{"id":650,"href":"https:\/\/ws089.juntadeandalucia.es\/institutodeestadisticaycartografia\/blog\/wp-json\/wp\/v2\/posts\/624\/revisions\/650"}],"wp:attachment":[{"href":"https:\/\/ws089.juntadeandalucia.es\/institutodeestadisticaycartografia\/blog\/wp-json\/wp\/v2\/media?parent=624"}],"wp:term":[{"taxonomy":"category","embeddable":true,"href":"https:\/\/ws089.juntadeandalucia.es\/institutodeestadisticaycartografia\/blog\/wp-json\/wp\/v2\/categories?post=624"},{"taxonomy":"post_tag","embeddable":true,"href":"https:\/\/ws089.juntadeandalucia.es\/institutodeestadisticaycartografia\/blog\/wp-json\/wp\/v2\/tags?post=624"}],"curies":[{"name":"wp","href":"https:\/\/api.w.org\/{rel}","templated":true}]}}