{"id":6182,"date":"2016-06-30T12:48:25","date_gmt":"2016-06-30T10:48:25","guid":{"rendered":"http:\/\/www.juntadeandalucia.es\/institutodeestadisticaycartografia\/blog\/?p=6182"},"modified":"2016-07-04T10:53:48","modified_gmt":"2016-07-04T08:53:48","slug":"canteras-de-moron-de-la-frontera","status":"publish","type":"post","link":"https:\/\/ws089.juntadeandalucia.es\/institutodeestadisticaycartografia\/blog\/2016\/06\/canteras-de-moron-de-la-frontera\/","title":{"rendered":"Las canteras de Mor\u00f3n de la Frontera (Sevilla): de la actividad tradicional de los caleros a su procesado industrial"},"content":{"rendered":"<p style=\"text-align: justify;\">\n\tSituada al suroeste de la ciudad de Mor&oacute;n, la Sierra de Esparteros o de Montegil constituye un hito paisaj&iacute;stico visible desde buena parte de la provincia al destacarse sobre las llanuras de la campi&ntilde;a sevillana. Est&aacute; formada, principalmente, por terrenos margo-calizos, arenosos y arcillosos con afloramientos de roca caliza del per&iacute;odo Jur&aacute;sico. La base de la sierra se sit&uacute;a cerca de la cota 200m, en las proximidades del cauce del r&iacute;o Guadaira, y la cuerda se eleva por encima de los 400m, alcanzando su cota m&aacute;xima de 585m, denominada como la Sierra, cerca de su borde oriental.\n<\/p>\n<p style=\"text-align: justify;\">\n\tAparte de su inter&eacute;s paisaj&iacute;stico, geomorfol&oacute;gicamente constituye un espacio de inter&eacute;s por la pureza de sus calizas y ambientalmente es un refugio para la flora y la fauna de la comarca, ya que &eacute;sta es un espacio geogr&aacute;fico muy condicionado por la intensa explotaci&oacute;n agr&iacute;cola. Contrasta por lo tanto por unos valores medioambientales reconocidos al ser considerado como Complejo Serrano (una tipolog&iacute;a de espacio protegido) dentro del Plan Especial de Protecci&oacute;n del Medio F&iacute;sico de la Provincia de Sevilla.\n<\/p>\n<p>\n\t<!--more-->\n<\/p>\n<p style=\"text-align: justify;\">\n\tLa producci&oacute;n de cal ha marcado la historia de este territorio, pues la explotaci&oacute;n de la roca caliza explica la aparici&oacute;n de numerosos hornos y un asentamiento de poblaci&oacute;n que hunde sus ra&iacute;ces en la tradici&oacute;n romana e isl&aacute;mica, y que ha tenido continuidad a lo largo de la historia, ya que la producci&oacute;n est&aacute; documentada desde el siglo XV. En el siglo XIX se convierte en un importante negocio con la llegada del ferrocarril a Mor&oacute;n, que permiti&oacute; su consolidaci&oacute;n como el principal suministrador de cal para la Baja Andaluc&iacute;a: la apertura de la l&iacute;nea ferroviaria Utrera-Mor&oacute;n en 1864, que conectaba con el tramo Sevilla-C&aacute;diz, permiti&oacute; abaratar los precios del transporte de la cal de Mor&oacute;n. Supuso un sustancioso aumento de la producci&oacute;n, tambi&eacute;n propiciada por las desamortizaciones de Madoz, que hicieron que la Sierra de Esparteros pasara a manos privadas.\n<\/p>\n<p style=\"text-align: justify;\">\n\tLa actividad entr&oacute; en crisis en la segunda mitad del siglo XX tanto por la aparici&oacute;n y extensi&oacute;n de nuevos materiales en la construcci&oacute;n, que redujeron el uso de la cal como aglomerante a su m&iacute;nima expresi&oacute;n, as&iacute; como con la popularizaci&oacute;n de las pinturas industriales que provoc&oacute; tambi&eacute;n la disminuci&oacute;n del uso de la cal para el enjalbegado, lo que ocasion&oacute; que la mayor&iacute;a de los viejos hornos fuesen abandonados. Sin embargo, en este mismo periodo se abren nuevas canteras en la Sierra con sistemas de explotaci&oacute;n industriales destinadas a la producci&oacute;n de &aacute;ridos, y de cal, usada en la industria qu&iacute;mica, siderurgia, etc. Los procesos de extracci&oacute;n de la piedra de estas nuevas canteras provocan que las dimensiones de las nuevas explotaciones sean de enorme magnitud y, consecuentemente, su impacto ambiental y paisaj&iacute;stico sea notable, hasta el punto de provocar una importante preocupaci&oacute;n social.\n<\/p>\n<p style=\"text-align: justify;\">\n\tHoy d&iacute;a el reconocimiento del inter&eacute;s etnogr&aacute;fico de la actividad de los &uacute;ltimos caleros, junto con la valorizaci&oacute;n del uso de de la cal producida por m&eacute;todos tradicionales en la construcci&oacute;n sostenible permite, al menos, asegurar que la actividad tiene garantizada su futuro.\n<\/p>\n<p style=\"text-align: justify;\">\n\t<strong>Los caleros, una actividad que hunde sus ra&iacute;ces en la historia<\/strong>\n<\/p>\n<p style=\"text-align: justify;\">\n\tLa cal ha sido utilizada desde tiempos inmemoriales como material aglomerante en la construcci&oacute;n de edificios y obras p&uacute;blicas, ya que mezclada con agua y arena se obten&iacute;a el mortero o argamasa que se utilizaba por su gran resistencia. Lo que conocemos de los restos de la civilizaci&oacute;n romana y musulmana y el patrimonio edilicio hist&oacute;rico ha sido elaborado con morteros de cal. La aparici&oacute;n del cemento en el siglo XIX y su auge en el siglo XX provoc&oacute; la sustituci&oacute;n paulatina de la cal a lo largo del siglo por una raz&oacute;n: el proceso de endurecimiento es m&aacute;s r&aacute;pido y, en consecuencia, permite agilizar y abaratar los procesos constructivos.\n<\/p>\n<p style=\"text-align: justify;\">\n\tSu aprovechamiento en Mor&oacute;n estaba justificado desde tiempos remotos por la riqueza de su materia prima y se ha basado en la utilizaci&oacute;n de hornos tradicionales que han recogido el testigo de los hornos romanos e isl&aacute;micos, utilizando la le&ntilde;a de olivo como combustible por su alto contenido cal&oacute;rico. Los caleros de Mor&oacute;n realizaban una actividad muy especializada, cuyo proceso comprend&iacute;a desde barrenar las rocas y transportar las piedras hasta el horno tradicional, construir con las piedras grandes en c&iacute;rculos las armaderas, llenando la parte trasera con los llamados matacanes o piedras peque&ntilde;as, rellenando con le&ntilde;a de olivo el centro del horno hasta llegar a la altura de los huecos en el cono final para facilitar la expulsi&oacute;n de los gases y, por &uacute;ltimo, introducir la le&ntilde;a y encender el horno para seguir manteniendo el fuego durante al menos dos semanas y proceder al apagado. Al final del proceso de calcificaci&oacute;n, se extra&iacute;a casi dos terceras partes de &oacute;xido c&aacute;lcico debido a la deshidrataci&oacute;n del carbonato c&aacute;lcico.\n<\/p>\n<p style=\"text-align: justify;\">\n\tPor razones log&iacute;sticas, los hornos de cal deb&iacute;an estar lo m&aacute;s cerca posible de la cantera, y en las proximidades de una v&iacute;a de comunicaci&oacute;n, lo que facilit&oacute; su concentraci&oacute;n en las proximidades de la carretera de Mor&oacute;n a Montellano, y en la ca&ntilde;ada real de Jerez, concentraci&oacute;n visible en la primera edici&oacute;n del Mapa Topografico Nacional y que dar&iacute;a lugar a la creaci&oacute;n de un asentamiento, la aldea de Caleras de la Sierra, aldea que en el Nomencl&aacute;tor de 1950 alcanz&oacute; 1.924 habitantes (entonces se denominaba Montegil).\n<\/p>\n<p style=\"text-align: justify;\">\n\t<a href=\"http:\/\/www.juntadeandalucia.es\/institutodeestadisticaycartografia\/blog\/wp-content\/uploads\/2016\/05\/img1.png\"><img alt=\"Mapa Topogr\u00e1fico Nacional, primera edici\u00f3n. Mor\u00f3n de la Frontera. Hoja 1021. Formado y publicado por la Direcci\u00f3n General del Instituto Geogr\u00e1fico y Estad\u00edstico. A\u00f1o de 1917\" class=\"alignnone size-full wp-image-6183\" src=\"http:\/\/www.juntadeandalucia.es\/institutodeestadisticaycartografia\/blog\/wp-content\/uploads\/2016\/05\/img1.png\" width=\"600\" srcset=\"https:\/\/ws089.juntadeandalucia.es\/institutodeestadisticaycartografia\/blog\/wp-content\/uploads\/2016\/05\/img1.png 643w, https:\/\/ws089.juntadeandalucia.es\/institutodeestadisticaycartografia\/blog\/wp-content\/uploads\/2016\/05\/img1-300x177.png 300w\" sizes=\"(max-width: 643px) 100vw, 643px\" \/><\/a>\n<\/p>\n<p style=\"text-align: justify;\">\n\t<span style=\"font-size:11px;\">Mapa Topogr&aacute;fico Nacional, primera edici&oacute;n. Mor&oacute;n de la Frontera. Hoja 1021. Formado y publicado por la Direcci&oacute;n General del Instituto Geogr&aacute;fico y Estad&iacute;stico. A&ntilde;o de 1917. Escala 1:50.000<br \/>\n\t<a href=\"http:\/\/www.juntadeandalucia.es\/institutodeestadisticaycartografia\/cartoteca\/buscar\/getisbn\/query\/\/autor\/\/titulo\/\/lugargeo\/sierra+de+esparteros\/materias\/\/fechadesde\/\/fechahasta\/\/buscar\/Buscar\/id\/984\">http:\/\/www.juntadeandalucia.es\/institutodeestadisticaycartografia\/cartoteca\/buscar\/getisbn\/query\/\/autor\/\/titulo\/\/lugargeo\/sierra+de+esparteros\/materias\/\/fechadesde\/\/fechahasta\/\/buscar\/Buscar\/id\/984<\/a><\/span>\n<\/p>\n<p style=\"text-align: justify;\">\n\tEn la fotograf&iacute;a del vuelo americano de la serie B, de 1956-57, se observa claramente la cuerda de la Sierra de Esparteros al sur, y en su ladera norte, debajo del Cerro del Puntal, la cantera hist&oacute;rica explotada durante siglos, con cuatro cortas longitudinales en sentido este-oeste. Un poco m&aacute;s al norte se encuentra la aldea. El poblado no presenta una estructura urbana cohesionada, sino una distribuci&oacute;n lineal, continua e irregular. Presenta dos n&uacute;cleos de crecimiento, donde se concentran la mayor&iacute;a de cerca de treinta hornos, as&iacute; como sus construcciones anexas destinadas a almacenaje y apagado de la cal, casas-albergue-cuadra-almac&eacute;n o casillas y otras construcciones como una venta, el colegio y el cuartel de carabineros.\n<\/p>\n<p style=\"text-align: justify;\">\n\tEn la imagen hacia el este, y justo donde la carretera a Mor&oacute;n inicia una curva, muy cerca de la ermita de Gracia, se observa un importante movimiento de tierras y el trazado de una pista que serpentea por la Sierra. Tales obras est&aacute;n relacionadas con la construcci&oacute;n de la base a&eacute;rea de Mor&oacute;n. En 1953 se hab&iacute;an firmado los acuerdos de amistad hispano-norteamericanos y consecuencia de ello fue la construcci&oacute;n de una base a&eacute;rea sobre una instalaci&oacute;n preexistente, la Escuela de Caza del Ejercito del Aire (1940). La base jug&oacute; en aquellos a&ntilde;os un importante papel en la estrategia militar de defensa de Occidente frente a la amenaza sovi&eacute;tica. Por sus dimensiones, al contar con una de las pistas militares m&aacute;s largas de Europa y la mayor rampa de aparcamiento de aeronaves del continente, oblig&oacute; en su proceso constructivo a suministrarle una cantidad ingente de hormig&oacute;n y otros materiales que en buena parte fueron aportados desde la nueva cantera abierta en la Sierra de Esparteros, observ&aacute;ndose en la imagen el movimiento de tierras en las proximidades de la ermita de Gracia y una pista abierta nueva que serpentea por la sierra hasta la corta, que no est&aacute; visible en este imagen al encontrarse un poco m&aacute;s al este.\n<\/p>\n<p style=\"text-align: justify;\">\n\t<a href=\"http:\/\/www.juntadeandalucia.es\/institutodeestadisticaycartografia\/blog\/wp-content\/uploads\/2016\/05\/img2.png\"><img alt=\"Vuelo Americano de la Serie B, 1956-57\" class=\"alignnone size-full wp-image-6184\" src=\"http:\/\/www.juntadeandalucia.es\/institutodeestadisticaycartografia\/blog\/wp-content\/uploads\/2016\/05\/img2.png\" width=\"600\" srcset=\"https:\/\/ws089.juntadeandalucia.es\/institutodeestadisticaycartografia\/blog\/wp-content\/uploads\/2016\/05\/img2.png 1010w, https:\/\/ws089.juntadeandalucia.es\/institutodeestadisticaycartografia\/blog\/wp-content\/uploads\/2016\/05\/img2-300x259.png 300w\" sizes=\"(max-width: 1010px) 100vw, 1010px\" \/><\/a>\n<\/p>\n<p style=\"text-align: justify;\">\n\t<span style=\"font-size:11px;\">Vuelo Americano de la Serie B, 1956-57<\/span>\n<\/p>\n<p style=\"text-align: justify;\">\n\tOtro dato de inter&eacute;s que suministra esta imagen es el monocultivo del olivar, omnipresente salvo en los terrenos m&aacute;s accidentados de la Sierra, y en la estrecha vega del rio Guadaira, cultivo cuyos restos de la poda suministraba el combustible necesario para la calcinaci&oacute;n del mineral en los hornos.\n<\/p>\n<p style=\"text-align: justify;\">\n\t<strong>Las nuevas actividades extractivas y el declinar de las actividades tradicionales<\/strong>\n<\/p>\n<p style=\"text-align: justify;\">\n\tEn el &uacute;ltimo cuarto del siglo XX se produce el lento decaimiento de las actividades tradicionales, periodo en el que han coexistido dos tipos de producci&oacute;n de cal: la tradicional o discontinua y la continua o totalmente mecanizada. Una parte de los hornos de estas caleras de Mor&oacute;n conservaron el modo de producci&oacute;n tradicional o discontinua, consistente en que en cada ciclo de producci&oacute;n de cal se repite el proceso de llenado con piedras caliza, cocci&oacute;n, apagado del horno, enfriamiento y extracci&oacute;n de la cal viva producida; pero en este cuarto de siglo se ha ido abandonando paulatinamente este oficio tradicional debido a su poca rentabilidad, la dureza de las condiciones del trabajo y la competencia de las nuevas instalaciones industriales que se localizan a pie de la cantera o en Guadaira, una nueva entidad de poblaci&oacute;n que surge ahora al este de la ermita de Gracia. La producci&oacute;n continua no requiere ni el arduo esfuerzo f&iacute;sico, ni la manipulaci&oacute;n directa del material a elevadas temperaturas que durante siglos ha sido consustancial a este oficio.\n<\/p>\n<p style=\"text-align: justify;\">\n\tEste declive contrasta con la ampliaci&oacute;n de las canteras industriales, dedicadas a la producci&oacute;n de cal utilizada para procesos como la fundici&oacute;n, las plantas t&eacute;rmicas, la industria qu&iacute;mica, as&iacute; como para la fabricaci&oacute;n de cemento y el aprovechamiento de las zahorras. En las im&aacute;genes de las ortofotografias de 1977 y 1984 se observan numerosos cambios provocados por la ampliaci&oacute;n de las canteras, pues desde 1982 la administraci&oacute;n hab&iacute;a aprobado la concesi&oacute;n para explotar cuatro cuadr&iacute;culas mineras en este espacio de la Sierra de Esparteros. En este periodo se crea la empresa Sierra de Mor&oacute;n S.A., que explota la nueva cantera que se abre en el centro de la fotograf&iacute;a, cerca de la corta abierta para la construcci&oacute;n de la base, cuya actividad fue abandonada. Son llamativas las dimensiones que alcanza la nueva cantera en muy poco tiempo, si se compara con el volumen de la cantera hist&oacute;rica, con una envergadura menor pese a su explotaci&oacute;n a lo largo de los siglos. En 1996, la superficie de la explotaci&oacute;n fue ampliada a nueve cuadr&iacute;culas mineras y afectaba a 20 hect&aacute;reas, lo que provoc&oacute; una fuerte contestaci&oacute;n social entre entidades conservacionistas y ciudadanas.\n<\/p>\n<p style=\"text-align: justify;\">\n\tOtras circunstancias que se observan en la imagen son: el gran retroceso del olivar, que vivi&oacute; una crisis muy aguda por el aumento de los precios de la mano de obra, crisis que afect&oacute; a las grandes y medianas explotaciones que no eran competitivas; tambi&eacute;n se manifiesta la instalaci&oacute;n de actividades de ocio que se aprovechan de los valores de este espacio serrano, como el circuito de motocross Guadaira, y la urbanizaci&oacute;n conocida tambi&eacute;n con este nombre, en las proximidades de la ermita de Gracia. Por el contrario la aldea de Caleras de la Sierra une su suerte al declive de los hornos y pasa de los 910 habitantes en 1970 a los 102 en 1991, tocando suelo demogr&aacute;fico en 1996 con 87 habitantes, si bien se observa la sustituci&oacute;n de parte del viejo caser&iacute;o por nuevas edificaciones que ya poco tienen que ver con estas actividades caleras, y ahora est&aacute;n vinculadas a las actividades agrarias, o a segundas residencias.\n<\/p>\n<p style=\"text-align: justify;\">\n\t<a href=\"http:\/\/www.juntadeandalucia.es\/institutodeestadisticaycartografia\/blog\/wp-content\/uploads\/2016\/05\/img3.png\"><img alt=\"Vuelo Interministerial, junio de 1977\" class=\"alignnone size-full wp-image-6185\" src=\"http:\/\/www.juntadeandalucia.es\/institutodeestadisticaycartografia\/blog\/wp-content\/uploads\/2016\/05\/img3.png\" width=\"600\" srcset=\"https:\/\/ws089.juntadeandalucia.es\/institutodeestadisticaycartografia\/blog\/wp-content\/uploads\/2016\/05\/img3.png 1010w, https:\/\/ws089.juntadeandalucia.es\/institutodeestadisticaycartografia\/blog\/wp-content\/uploads\/2016\/05\/img3-300x259.png 300w\" sizes=\"(max-width: 1010px) 100vw, 1010px\" \/><\/a>\n<\/p>\n<p style=\"text-align: justify;\">\n\t<span style=\"font-size:11px;\">Vuelo Interministerial, junio de 1977<\/span>\n<\/p>\n<p style=\"text-align: justify;\">\n\t<a href=\"http:\/\/www.juntadeandalucia.es\/institutodeestadisticaycartografia\/blog\/wp-content\/uploads\/2016\/05\/img4.png\"><img alt=\"Vuelo del Instituto Geogr\u00e1fico Nacional, 1984\" class=\"alignnone size-full wp-image-6186\" src=\"http:\/\/www.juntadeandalucia.es\/institutodeestadisticaycartografia\/blog\/wp-content\/uploads\/2016\/05\/img4.png\" width=\"600\" srcset=\"https:\/\/ws089.juntadeandalucia.es\/institutodeestadisticaycartografia\/blog\/wp-content\/uploads\/2016\/05\/img4.png 1010w, https:\/\/ws089.juntadeandalucia.es\/institutodeestadisticaycartografia\/blog\/wp-content\/uploads\/2016\/05\/img4-300x259.png 300w\" sizes=\"(max-width: 1010px) 100vw, 1010px\" \/><\/a>\n<\/p>\n<p style=\"text-align: justify;\">\n\t<span style=\"font-size:11px;\">Vuelo del Instituto Geogr&aacute;fico Nacional, 1984<\/span>\n<\/p>\n<p style=\"text-align: justify;\">\n\t<strong>Del incierto futuro, al reconocimiento y la recuperaci&oacute;n de la actividad calera<\/strong>\n<\/p>\n<p style=\"text-align: justify;\">\n\tEn las im&aacute;genes sucesivas de los a&ntilde;os 2001 y 2010 se observa como aumenta la envergadura de la cantera explotada por SIDEMOSA hasta casi llegar a la cuerda de la Sierra. La explotaci&oacute;n ha concitado una creciente oposici&oacute;n por grupos ecologistas y plataformas ciudadanas y se han sucedido las manifestaciones, los actos de protesta y las denuncias, y un proceso judicial contra la empresa explotadora por la insuficiente ejecuci&oacute;n del exigido plan de restauraci&oacute;n, interviniendo el Defensor del Pueblo Andaluz.\n<\/p>\n<p style=\"text-align: justify;\">\n\tLa explotaci&oacute;n de esta cantera ha estado paralizada desde el 2012 al 2014, porque ese a&ntilde;o termin&oacute; el primer plazo de 30 a&ntilde;os de la concesi&oacute;n minera y su apertura requer&iacute;a una nueva licencia de explotaci&oacute;n. La nueva licencia otorgada incide en la restauraci&oacute;n, y autoriza la pr&oacute;rroga de 30 a&ntilde;os solicitada por la compa&ntilde;&iacute;a para continuar explotando el yacimiento. La pr&oacute;rroga cuenta con una declaraci&oacute;n de impacto ambiental que declara &ldquo;viable&rdquo; la continuidad de las labores de extracci&oacute;n estipulando una serie de condiciones en materia de preservaci&oacute;n del medio ambiente y medidas correctoras, condicionantes ambientales que tienen la consideraci&oacute;n de cl&aacute;usulas resolutorias y que, en caso de incumplimiento, llevan aparejada la caducidad del derecho minero. La actividad se centra ahora en finalizar la explotaci&oacute;n sobre los bancos actuales y avanzar la extracci&oacute;n del recurso en profundidad, 40 metros por debajo de la actual cota de cantera, y esgrime la obligatoriedad de acometer labores de restauraci&oacute;n de manera simult&aacute;nea a las labores de extracci&oacute;n. A la sombra de esta gran explotaci&oacute;n minera se han instalado en sus proximidades algunas empresas que transforman el mineral, destacando Andaluza de la Cal S.A.\n<\/p>\n<p style=\"text-align: justify;\">\n\t<a href=\"http:\/\/www.juntadeandalucia.es\/institutodeestadisticaycartografia\/blog\/wp-content\/uploads\/2016\/05\/img5.png\"><img alt=\"Ortofotograf\u00eda de la Junta de Andaluc\u00eda, 2001\" class=\"alignnone size-full wp-image-6187\" src=\"http:\/\/www.juntadeandalucia.es\/institutodeestadisticaycartografia\/blog\/wp-content\/uploads\/2016\/05\/img5.png\" width=\"600\" srcset=\"https:\/\/ws089.juntadeandalucia.es\/institutodeestadisticaycartografia\/blog\/wp-content\/uploads\/2016\/05\/img5.png 1010w, https:\/\/ws089.juntadeandalucia.es\/institutodeestadisticaycartografia\/blog\/wp-content\/uploads\/2016\/05\/img5-300x259.png 300w\" sizes=\"(max-width: 1010px) 100vw, 1010px\" \/><\/a>\n<\/p>\n<p style=\"text-align: justify;\">\n\t<span style=\"font-size:11px;\">Ortofotograf&iacute;a de la Junta de Andaluc&iacute;a, 2001<\/span>\n<\/p>\n<p style=\"text-align: justify;\">\n\tLa singularidad de la actividad calera tradicional ha sorteado en los &uacute;ltimos a&ntilde;os la amenaza de su desaparici&oacute;n gracias al empe&ntilde;o de un colectivo de personas, el buen hacer de algunas empresas que han innovado a partir del uso de un producto &uacute;nico y a la acci&oacute;n p&uacute;blica. Desde el a&ntilde;o 2008 la aldea est&aacute; inscrita en el Cat&aacute;logo General del Patrimonio Hist&oacute;rico Andaluz como Bien de Inter&eacute;s Cultural, con la tipolog&iacute;a de lugar de inter&eacute;s etnol&oacute;gico, protegi&eacute;ndose 25 de esos hornos y seis casillas tradicionales datadas de mediados del siglo XIX, vinculadas a la actividad, y junto a esta declaraci&oacute;n se ha promocionado la denominada &ldquo;Ruta de la Cal&rdquo;.\n<\/p>\n<p style=\"text-align: justify;\">\n\tLa activa Asociaci&oacute;n Cultural Hornos de la Cal de Mor&oacute;n ha abierto el <a href=\"http:\/\/www.museocaldemoron.com\/\">Museo de la Cal<\/a>, un centro de interpretaci&oacute;n en el que se da a conocer el proceso de elaboraci&oacute;n de la cal y su influencia en la cultura andaluza, y donde se realizan acciones de concienciaci&oacute;n, formaci&oacute;n y recuperaci&oacute;n de la antigua actividad de los caleros.\n<\/p>\n<p style=\"text-align: justify;\">\n\tEn el 2011 el Comit&eacute; de Patrimonio Inmaterial de la UNESCO dio un espaldarazo a esta Asociaci&oacute;n considerando como Ejemplo de Buenas Pr&aacute;cticas del Patrimonio Cultural Inmaterial a esta iniciativa de revitalizaci&oacute;n del saber tradicional de la elaboraci&oacute;n de la cal artesanal de Mor&oacute;n de la Frontera, en cuanto que vela por la salvaguarda, el mantenimiento y transmisi&oacute;n de este patrimonio inmaterial.\n<\/p>\n<p style=\"text-align: justify;\">\n\tPor &uacute;ltimo, en el 2016 el Consejo de Gobierno ha tomado en consideraci&oacute;n la propuesta del Instituto Andaluz del Patrimonio Hist&oacute;rico de aprobaci&oacute;n del Registro de Paisajes de Inter&eacute;s Cultural de Andaluc&iacute;a, entre los que se han incluido los paisajes vinculados con los hornos de Mor&oacute;n por sus valores <em>&ldquo;que transmiten un binomio indisociable como actividad tradicional y paisaje por la proximidad de &aacute;reas de extracci&oacute;n, explotada desde antiguo, junto con la ubicaci&oacute;n en proximidad de todas las &aacute;reas de actividad: las &aacute;reas de extracci&oacute;n, calcinaci&oacute;n, almacenamiento y distribuci&oacute;n&rdquo;<\/em>.\n<\/p>\n<p style=\"text-align: justify;\">\n\t<a href=\"http:\/\/www.juntadeandalucia.es\/institutodeestadisticaycartografia\/blog\/wp-content\/uploads\/2016\/05\/img6.png\"><img alt=\"Rutas culturales: ruta de la cal de la localidad sevillana de Mor\u00f3n de la Frontera\" class=\"alignnone size-full wp-image-6188\" src=\"http:\/\/www.juntadeandalucia.es\/institutodeestadisticaycartografia\/blog\/wp-content\/uploads\/2016\/05\/img6.png\" width=\"600\" srcset=\"https:\/\/ws089.juntadeandalucia.es\/institutodeestadisticaycartografia\/blog\/wp-content\/uploads\/2016\/05\/img6.png 681w, https:\/\/ws089.juntadeandalucia.es\/institutodeestadisticaycartografia\/blog\/wp-content\/uploads\/2016\/05\/img6-212x300.png 212w\" sizes=\"(max-width: 681px) 100vw, 681px\" \/><\/a>\n<\/p>\n<p style=\"text-align: justify;\">\n\t<span style=\"font-size:11px;\">Rutas culturales: ruta de la cal de la localidad sevillana de Mor&oacute;n de la Frontera. Instituto Andaluz del Patrimonio Hist&oacute;rico<br \/>\n\t<a href=\"http:\/\/www.iaph.es\/web\/canales\/conoce-el-patrimonio\/rutas-culturales\/contenido\/Rutas_propias\/04_02_Cal_MorondelaFra\">http:\/\/www.iaph.es\/web\/canales\/conoce-el-patrimonio\/rutas-culturales\/contenido\/Rutas_propias\/04_02_Cal_MorondelaFra<\/a><\/span>\n<\/p>\n<p style=\"text-align: justify;\">\n\tLejos de ser un producto anticuado y rudimentario, en muy poco tiempo se han puesto en evidencia las ventajas de la cal para la construcci&oacute;n especialmente la elaborada por medios artesanales. De hecho, el uso de la cal es de rabiosa actualidad en restauraci&oacute;n y en la edificaci&oacute;n sostenible, por sus notables cualidades frente al uso de aglomerantes y pinturas sint&eacute;ticas industriales. Las ventajas de la cal prieta frente a los cementos son su idoneidad para la restauraci&oacute;n, ya que es compatible con todo tipo de materiales, no es agresiva y adem&aacute;s, no induce la aparici&oacute;n de sales. Al mismo tiempo admite las dilataciones provocadas por los cambios de temperatura lo que la convierte en el aglomerante indicado para las cubiertas y otros paramentos cer&aacute;micos.\n<\/p>\n<p style=\"text-align: justify;\">\n\tRespecto al uso de la cal blanca utilizada para enjalbegado, &uacute;ltimamente su uso se recupera en actividades muy especializadas, como la restauraci&oacute;n y conservaci&oacute;n del patrimonio, que usan las pinturas al silicato con base de cal, y sobre todo en la construcci&oacute;n sostenible, donde son especialmente apreciadas por su procedencia natural.\n<\/p>\n<p style=\"text-align: justify;\">\n\t<a href=\"http:\/\/www.juntadeandalucia.es\/institutodeestadisticaycartografia\/blog\/wp-content\/uploads\/2016\/05\/img7.png\"><img alt=\"Plan Nacional de Ortofotograf\u00eda A\u00e9rea, 2010\" class=\"alignnone size-full wp-image-6189\" src=\"http:\/\/www.juntadeandalucia.es\/institutodeestadisticaycartografia\/blog\/wp-content\/uploads\/2016\/05\/img7.png\" width=\"600\" srcset=\"https:\/\/ws089.juntadeandalucia.es\/institutodeestadisticaycartografia\/blog\/wp-content\/uploads\/2016\/05\/img7.png 1010w, https:\/\/ws089.juntadeandalucia.es\/institutodeestadisticaycartografia\/blog\/wp-content\/uploads\/2016\/05\/img7-300x259.png 300w\" sizes=\"(max-width: 1010px) 100vw, 1010px\" \/><\/a>\n<\/p>\n<p style=\"text-align: justify;\">\n\t<span style=\"font-size:11px;\">Plan Nacional de Ortofotograf&iacute;a A&eacute;rea, 2010<\/span>\n<\/p>\n<p style=\"text-align: justify;\">\n\tEn la ortofotograf&iacute;a de 2010 contrasta la amplitud de la cantera de SIMOSA, frente al peque&ntilde;o tama&ntilde;o de las canteras tradicionales, con cuatro secciones de extracci&oacute;n situadas linealmente, con orientaci&oacute;n este-oeste. La aldea de Calera de la Sierra empieza a recuperar poblaci&oacute;n (111 habitantes en el 2015), si bien de forma muy limitada, acus&aacute;ndose el proceso de rururbanizaci&oacute;n del asentamiento y de p&eacute;rdida de las tipolog&iacute;as tradicionales.\n<\/p>\n<p style=\"text-align: justify;\">\n\t<a href=\"http:\/\/www.juntadeandalucia.es\/institutodeestadisticaycartografia\/blog\/wp-content\/uploads\/2016\/05\/img8.png\"><img alt=\"Mapa de la Serran\u00eda Suroeste de Sevilla, escala 1.50.000, 2009\" class=\"alignnone size-full wp-image-6190\" src=\"http:\/\/www.juntadeandalucia.es\/institutodeestadisticaycartografia\/blog\/wp-content\/uploads\/2016\/05\/img8.png\" width=\"600\" srcset=\"https:\/\/ws089.juntadeandalucia.es\/institutodeestadisticaycartografia\/blog\/wp-content\/uploads\/2016\/05\/img8.png 643w, https:\/\/ws089.juntadeandalucia.es\/institutodeestadisticaycartografia\/blog\/wp-content\/uploads\/2016\/05\/img8-300x196.png 300w\" sizes=\"(max-width: 643px) 100vw, 643px\" \/><\/a>\n<\/p>\n<p style=\"text-align: justify;\">\n\t<span style=\"font-size:11px;\">Mapa de la Serran&iacute;a Suroeste de Sevilla, escala 1.50.000, 2009. Instituto de Estad&iacute;stica y Cartograf&iacute;a de Andaluc&iacute;a.<br \/>\n\t<a href=\"http:\/\/www.juntadeandalucia.es\/institutodeestadisticaycartografia\/lineav2\/web\/\">http:\/\/www.juntadeandalucia.es\/institutodeestadisticaycartografia\/lineav2\/web\/<\/a><\/span><\/p>\n<!-- AddThis Advanced Settings generic via filter on the_content --><!-- AddThis Share Buttons generic via filter on the_content -->","protected":false},"excerpt":{"rendered":"<p>Situada al suroeste de la ciudad de Mor&oacute;n, la Sierra de Esparteros o de Montegil constituye un hito paisaj&iacute;stico visible desde buena parte de la provincia al destacarse sobre las llanuras de la campi&ntilde;a sevillana. Est&aacute; formada, principalmente, por terrenos margo-calizos, arenosos y arcillosos con afloramientos de roca caliza del per&iacute;odo Jur&aacute;sico. La base de [&hellip;]<!-- AddThis Advanced Settings generic via filter on wp_trim_excerpt --><!-- AddThis Share Buttons generic via filter on wp_trim_excerpt --><\/p>\n","protected":false},"author":2,"featured_media":0,"comment_status":"open","ping_status":"open","sticky":false,"template":"","format":"standard","meta":{"_mi_skip_tracking":false},"categories":[2],"tags":[51,441,83],"_links":{"self":[{"href":"https:\/\/ws089.juntadeandalucia.es\/institutodeestadisticaycartografia\/blog\/wp-json\/wp\/v2\/posts\/6182"}],"collection":[{"href":"https:\/\/ws089.juntadeandalucia.es\/institutodeestadisticaycartografia\/blog\/wp-json\/wp\/v2\/posts"}],"about":[{"href":"https:\/\/ws089.juntadeandalucia.es\/institutodeestadisticaycartografia\/blog\/wp-json\/wp\/v2\/types\/post"}],"author":[{"embeddable":true,"href":"https:\/\/ws089.juntadeandalucia.es\/institutodeestadisticaycartografia\/blog\/wp-json\/wp\/v2\/users\/2"}],"replies":[{"embeddable":true,"href":"https:\/\/ws089.juntadeandalucia.es\/institutodeestadisticaycartografia\/blog\/wp-json\/wp\/v2\/comments?post=6182"}],"version-history":[{"count":14,"href":"https:\/\/ws089.juntadeandalucia.es\/institutodeestadisticaycartografia\/blog\/wp-json\/wp\/v2\/posts\/6182\/revisions"}],"predecessor-version":[{"id":6530,"href":"https:\/\/ws089.juntadeandalucia.es\/institutodeestadisticaycartografia\/blog\/wp-json\/wp\/v2\/posts\/6182\/revisions\/6530"}],"wp:attachment":[{"href":"https:\/\/ws089.juntadeandalucia.es\/institutodeestadisticaycartografia\/blog\/wp-json\/wp\/v2\/media?parent=6182"}],"wp:term":[{"taxonomy":"category","embeddable":true,"href":"https:\/\/ws089.juntadeandalucia.es\/institutodeestadisticaycartografia\/blog\/wp-json\/wp\/v2\/categories?post=6182"},{"taxonomy":"post_tag","embeddable":true,"href":"https:\/\/ws089.juntadeandalucia.es\/institutodeestadisticaycartografia\/blog\/wp-json\/wp\/v2\/tags?post=6182"}],"curies":[{"name":"wp","href":"https:\/\/api.w.org\/{rel}","templated":true}]}}