{"id":5842,"date":"2016-03-04T09:52:41","date_gmt":"2016-03-04T08:52:41","guid":{"rendered":"http:\/\/www.juntadeandalucia.es\/institutodeestadisticaycartografia\/blog\/?p=5842"},"modified":"2016-03-07T09:19:52","modified_gmt":"2016-03-07T08:19:52","slug":"agenda-marzo16","status":"publish","type":"post","link":"https:\/\/ws089.juntadeandalucia.es\/institutodeestadisticaycartografia\/blog\/2016\/03\/agenda-marzo16\/","title":{"rendered":"&#8230;Y la agenda de marzo"},"content":{"rendered":"<p style=\"text-align: justify;\">\n\tEstas son las publicaciones del Instituto de Estad&iacute;stica y Cartograf&iacute;a de Andaluc&iacute;a previstas para el mes de marzo seg&uacute;n el <a href=\"http:\/\/www.juntadeandalucia.es\/institutodeestadisticaycartografia\/ieagen\/calendario\/index.htm\">calendario<\/a> establecido.\n<\/p>\n<p>\n\t<a href=\"http:\/\/www.juntadeandalucia.es\/institutodeestadisticaycartografia\/blog\/wp-content\/uploads\/2016\/03\/graf9-0316.png\"><img alt=\"Calendario marzo 2016\" class=\"alignnone size-full wp-image-5843\" src=\"http:\/\/www.juntadeandalucia.es\/institutodeestadisticaycartografia\/blog\/wp-content\/uploads\/2016\/03\/graf9-0316.png\" width=\"600\" srcset=\"https:\/\/ws089.juntadeandalucia.es\/institutodeestadisticaycartografia\/blog\/wp-content\/uploads\/2016\/03\/graf9-0316.png 704w, https:\/\/ws089.juntadeandalucia.es\/institutodeestadisticaycartografia\/blog\/wp-content\/uploads\/2016\/03\/graf9-0316-283x300.png 283w\" sizes=\"(max-width: 704px) 100vw, 704px\" \/><\/a>\n<\/p>\n<p>\n\tAdem&aacute;s, a lo largo de este mes se tiene previsto difundir las siguientes actividades:\n<\/p>\n<ul>\n<li>\n\t\t<a href=\"http:\/\/www.juntadeandalucia.es\/institutodeestadisticaycartografia\/eoh\/index.htm\" title=\"Encuesta de Ocupaci\u00f3n Hotelera. A\u00f1o 2015. Datos provisionales\">Encuesta de Ocupaci&oacute;n Hotelera. A&ntilde;o 2015. Datos provisionales<\/a>\n\t<\/li>\n<li>\n\t\t<a href=\"http:\/\/www.juntadeandalucia.es\/institutodeestadisticaycartografia\/invesdesa\/index.htm\" title=\"Estad\u00edstica sobre actividades de I+D. A\u00f1o 2014\">Estad&iacute;stica sobre actividades de I+D. A&ntilde;o 2014<\/a>\n\t<\/li>\n<li>\n\t\t<a href=\"http:\/\/www.juntadeandalucia.es\/institutodeestadisticaycartografia\/innova\/index.htm\" title=\"Encuesta sobre Innovaci\u00f3n en las Empresas. A\u00f1o 2014\">Encuesta sobre Innovaci&oacute;n en las Empresas. A&ntilde;o 2014<\/a>\n\t<\/li>\n<li>\n\t\t<a href=\"http:\/\/www.juntadeandalucia.es\/institutodeestadisticaycartografia\/ema\/index.htm\" title=\"Estad\u00edsticas de Mortalidad por Causas de Andaluc\u00eda. A\u00f1o 2014. Datos definitivos\">Estad&iacute;sticas de Mortalidad por Causas de Andaluc&iacute;a. A&ntilde;o 2014. Datos definitivos<\/a>\n\t<\/li>\n<li>\n\t\t<a href=\"http:\/\/www.juntadeandalucia.es\/institutodeestadisticaycartografia\/longevidad\/index.htm\" title=\"Estad\u00edsticas Longitudinales de Supervivencia y Longevidad en Andaluc\u00eda, 2002-2013\">Estad&iacute;sticas Longitudinales de Supervivencia y Longevidad en Andaluc&iacute;a, 2002-2013<\/a>\n\t<\/li>\n<\/ul>\n<!-- AddThis Advanced Settings generic via filter on the_content --><!-- AddThis Share Buttons generic via filter on the_content -->","protected":false},"excerpt":{"rendered":"<p>Estas son las publicaciones del Instituto de Estad&iacute;stica y Cartograf&iacute;a de Andaluc&iacute;a previstas para el mes de marzo seg&uacute;n el calendario establecido. Adem&aacute;s, a lo largo de este mes se tiene previsto difundir las siguientes actividades: Encuesta de Ocupaci&oacute;n Hotelera. A&ntilde;o 2015. Datos provisionales Estad&iacute;stica sobre actividades de I+D. A&ntilde;o 2014 Encuesta sobre Innovaci&oacute;n en [&hellip;]<!-- AddThis Advanced Settings generic via filter on wp_trim_excerpt --><!-- AddThis Share Buttons generic via filter on wp_trim_excerpt --><\/p>\n","protected":false},"author":2,"featured_media":0,"comment_status":"open","ping_status":"open","sticky":false,"template":"","format":"standard","meta":{"_mi_skip_tracking":false},"categories":[2,1],"tags":[90],"_links":{"self":[{"href":"https:\/\/ws089.juntadeandalucia.es\/institutodeestadisticaycartografia\/blog\/wp-json\/wp\/v2\/posts\/5842"}],"collection":[{"href":"https:\/\/ws089.juntadeandalucia.es\/institutodeestadisticaycartografia\/blog\/wp-json\/wp\/v2\/posts"}],"about":[{"href":"https:\/\/ws089.juntadeandalucia.es\/institutodeestadisticaycartografia\/blog\/wp-json\/wp\/v2\/types\/post"}],"author":[{"embeddable":true,"href":"https:\/\/ws089.juntadeandalucia.es\/institutodeestadisticaycartografia\/blog\/wp-json\/wp\/v2\/users\/2"}],"replies":[{"embeddable":true,"href":"https:\/\/ws089.juntadeandalucia.es\/institutodeestadisticaycartografia\/blog\/wp-json\/wp\/v2\/comments?post=5842"}],"version-history":[{"count":4,"href":"https:\/\/ws089.juntadeandalucia.es\/institutodeestadisticaycartografia\/blog\/wp-json\/wp\/v2\/posts\/5842\/revisions"}],"predecessor-version":[{"id":5866,"href":"https:\/\/ws089.juntadeandalucia.es\/institutodeestadisticaycartografia\/blog\/wp-json\/wp\/v2\/posts\/5842\/revisions\/5866"}],"wp:attachment":[{"href":"https:\/\/ws089.juntadeandalucia.es\/institutodeestadisticaycartografia\/blog\/wp-json\/wp\/v2\/media?parent=5842"}],"wp:term":[{"taxonomy":"category","embeddable":true,"href":"https:\/\/ws089.juntadeandalucia.es\/institutodeestadisticaycartografia\/blog\/wp-json\/wp\/v2\/categories?post=5842"},{"taxonomy":"post_tag","embeddable":true,"href":"https:\/\/ws089.juntadeandalucia.es\/institutodeestadisticaycartografia\/blog\/wp-json\/wp\/v2\/tags?post=5842"}],"curies":[{"name":"wp","href":"https:\/\/api.w.org\/{rel}","templated":true}]}}