{"id":5764,"date":"2016-03-02T12:12:03","date_gmt":"2016-03-02T11:12:03","guid":{"rendered":"http:\/\/www.juntadeandalucia.es\/institutodeestadisticaycartografia\/blog\/?p=5764"},"modified":"2016-03-08T18:31:16","modified_gmt":"2016-03-08T17:31:16","slug":"sabinillas-manilva","status":"publish","type":"post","link":"https:\/\/ws089.juntadeandalucia.es\/institutodeestadisticaycartografia\/blog\/2016\/03\/sabinillas-manilva\/","title":{"rendered":"San Luis de Sabinillas (Manilva): de colonia agr\u00edcola azucarera y asentamiento pesquero a poblaci\u00f3n tur\u00edstica de la Costa del Sol Occidental"},"content":{"rendered":"<p style=\"text-align: justify;\">\n\tLa costa comprendida entre Estepona y Algeciras ha sido hist&oacute;ricamente un territorio relativamente despoblado. La desembocadura del rio Guadiaro en la frontera entre los reinos nazar&iacute; y castellano condicion&oacute; que fuese un espacio en disputa deshabitado. A partir del siglo XVI, la amenaza turca y de los piratas berberiscos oblig&oacute; a establecer un sistema defensivo de torres-atalayas conectadas con las principales poblaciones pr&oacute;ximas: Casares, Estepona y Gibraltar, sedes de las guarniciones y refugio de los habitantes que explotaban los recursos primarios existentes.\n<\/p>\n<p style=\"text-align: justify;\">\n\tLa colonizaci&oacute;n econ&oacute;mica de este territorio no se culmina hasta finales del siglo XIX, cuando la familia Larios, una de las dinast&iacute;as que mayor impronta ha dejado en el territorio y que moderniz&oacute; el tejido econ&oacute;mico andaluz, compra tierras en la costa de Manilva. Aprovecha la preexistencia de trapiches e ingenios azucareros y de cultivos de ca&ntilde;a de az&uacute;car pertenecientes al Duque de Arcos, e implanta una moderna industria: el Ingenio de San Luis de Sabinillas, la colonia-factor&iacute;a azucarera m&aacute;s occidental de cuantas existieron en el litoral mediterr&aacute;neo. La crisis del cultivo en el primer tercio del siglo XX por la desigual competencia con el az&uacute;car de remolacha, oblig&oacute; al cierre del complejo industrial. La actividad pesquera se convirti&oacute; entonces en el principal medio de vida, visible con la consolidaci&oacute;n de dos peque&ntilde;os n&uacute;cleos muy pr&oacute;ximos, San Luis de Sabinillas y El Castillo, situados sobre la playa y poblados por pescadores artesanales.\n<\/p>\n<p style=\"text-align: justify;\">\n\tLa posici&oacute;n de este tramo litoral, en el extremo occidental de la Costa del Sol, condicion&oacute; que su desarrollo tur&iacute;stico llegase con retraso respecto a otras poblaciones del litoral malague&ntilde;o. La construcci&oacute;n del puerto deportivo y el campo de golf de la Duquesa a partir de 1977 fueron los hitos que facilitaron el despegue de la nueva vocaci&oacute;n tur&iacute;stica. Curiosamente el mayor crecimiento demogr&aacute;fico de este n&uacute;cleo no ocurrir&aacute; hasta inicios del nuevo milenio, cuando Manilva fue uno de los municipios de mayor crecimiento demogr&aacute;fico interanuales de Andaluc&iacute;a, gracias al desarrollo de importantes proyectos inmobiliarios que consolidaron un importante sector de la construcci&oacute;n. La crisis econ&oacute;mica y el pinchazo de la burbuja inmobiliaria ha tenido una importante trascendencia local.\n<\/p>\n<p>\n\t<!--more-->\n<\/p>\n<p style=\"text-align: justify;\">\n\t<strong>Ingenios y ca&ntilde;a de az&uacute;car en la costa de M&aacute;laga y establecimiento de la colonia en San Luis de Sabinillas<\/strong>\n<\/p>\n<p style=\"text-align: justify;\">\n\tLos primeros asentamientos en la zona tienen que ver con la necesidad de defender este tramo de costa, especialmente del fondeadero de Sabinillas, de inter&eacute;s por su proximidad con Gibraltar. Para ello se construyeron las torres de la Duquesa y de la Chullera en el siglo XVI y el castillo de la Duquesa en 1767, fortificaci&oacute;n de mayor entidad, edificada con motivo de los intentos espa&ntilde;oles de recuperar la plaza de Gibraltar, y destinada a alojar una compa&ntilde;&iacute;a de caballer&iacute;a y varias piezas de artiller&iacute;a que defend&iacute;an el fondeadero.\n<\/p>\n<p style=\"text-align: justify;\">\n\t<a href=\"http:\/\/www.juntadeandalucia.es\/institutodeestadisticaycartografia\/blog\/wp-content\/uploads\/2016\/02\/img1.png\"><img alt=\"Plano y perfil del Castillo de Manilva\" class=\"alignnone size-large wp-image-5765\" src=\"http:\/\/www.juntadeandalucia.es\/institutodeestadisticaycartografia\/blog\/wp-content\/uploads\/2016\/02\/img1-755x1024.png\" width=\"600\" srcset=\"https:\/\/ws089.juntadeandalucia.es\/institutodeestadisticaycartografia\/blog\/wp-content\/uploads\/2016\/02\/img1-755x1024.png 755w, https:\/\/ws089.juntadeandalucia.es\/institutodeestadisticaycartografia\/blog\/wp-content\/uploads\/2016\/02\/img1-221x300.png 221w, https:\/\/ws089.juntadeandalucia.es\/institutodeestadisticaycartografia\/blog\/wp-content\/uploads\/2016\/02\/img1.png 1120w\" sizes=\"(max-width: 755px) 100vw, 755px\" \/><\/a>\n<\/p>\n<p style=\"text-align: justify;\">\n\t<span style=\"font-size:11px;\">Plano y perfil del Castillo de Manilva, conocido como el Castillo de la Duquesa. 1780. Instituto de Historia y Cultura Militar (Madrid) IECA1989001843<br \/>\n\t<a href=\"http:\/\/www.juntadeandalucia.es\/institutodeestadisticaycartografia\/cartoteca\/buscar\/getisbn\/id\/1782\">http:\/\/www.juntadeandalucia.es\/institutodeestadisticaycartografia\/cartoteca\/buscar\/getisbn\/id\/1782<\/a><\/span>\n<\/p>\n<p style=\"text-align: justify;\">\n\tLa puesta en valor econ&oacute;mico de este territorio est&aacute; ligado al denominado &ldquo;oro blanco&rdquo;, explotaci&oacute;n y transformaci&oacute;n de la ca&ntilde;a de az&uacute;car, que se extendi&oacute; por la costa malague&ntilde;a desde el siglo XVI y lleg&oacute; a contar con 37 ingenios, trapiches, maquinillas y f&aacute;bricas de az&uacute;car, instalaciones preindustriales movidas a sangre o por la fuerza hidr&aacute;ulica que facilitaron la consolidaci&oacute;n del cultivo y facilitaron el desarrollo del sector tras la revoluci&oacute;n industrial. La instalaci&oacute;n de ingenios en la costa de Manilva para transformar la ca&ntilde;a de az&uacute;car es muy antigua: en 1545 el Duque de Arcos, se&ntilde;or de Casares, construye un ingenio, al que sigui&oacute; en el siglo XVII el ingenio de San Luis, o Ingenio Chico, en las proximidades del r&iacute;o Manilva, cuyos restos aun son visibles.\n<\/p>\n<p style=\"text-align: justify;\">\n\tLa industria del az&uacute;car y del alcohol que molturaba ca&ntilde;a o remolacha en Andaluc&iacute;a Oriental tuvo un desarrollo importante desde mediados del siglo XIX hasta finales del siglo XX. El n&uacute;mero de f&aacute;bricas en la provincia de M&aacute;laga fue de 31, en Granada hubo 39 y 7 en Almer&iacute;a, localizadas en el espacio geogr&aacute;fico comprendido por la costa mediterr&aacute;nea, la Vega de Granada, las Vegas de Guadix-Baza y la Vega de Antequera. El desarrollo de esta potente industria se debi&oacute; a la iniciativa de un grupo de empresarios y comerciantes bien relacionados pol&iacute;ticamente. La arquitectura relacionada con este sector, hoy pr&aacute;cticamente sin uso y abandonada, es uno de los recursos de mayor inter&eacute;s del patrimonio cultural industrial andaluz y es merecedora de atenci&oacute;n para su protecci&oacute;n y puesta en valor.\n<\/p>\n<p style=\"text-align: justify;\">\n\tEn el caso concreto del az&uacute;car de ca&ntilde;a, su periodo m&aacute;s pujante fue muy breve, se corresponde con el &uacute;ltimo tercio del siglo XIX cuando se introduce la m&aacute;quina de vapor en los procesos de producci&oacute;n. Lleg&oacute; entonces a ocupar a miles de personas en la zafra o en las f&aacute;bricas, y a abarcar 5.000 hect&aacute;reas de suelo cultivado que proporcionaba anualmente m&aacute;s de 100.000 toneladas de ca&ntilde;a, molturadas y convertidas en az&uacute;car y otros productos de la destilaci&oacute;n en f&aacute;bricas de grandes dimensiones. La causa de la prematura decadencia de la producci&oacute;n fabril de az&uacute;car de ca&ntilde;a fue la introducci&oacute;n a partir de 1882 del az&uacute;car de remolacha, aunque la dif&iacute;cil convivencia entre el az&uacute;car de ca&ntilde;a y el de remolacha se hizo posible transitoriamente gracias a los elevados precios que alcanz&oacute; el az&uacute;car tras la p&eacute;rdida de las &uacute;ltimas colonias. El cultivo de la ca&ntilde;a sobrevivi&oacute; hasta nuestros d&iacute;as, de manera testimonial, gracias al aumento de los rendimientos por la introduci&oacute;n en 1925 de las variedades de ca&ntilde;a de Java, desapareciendo de sus &uacute;ltimos reductos de las vegas de Motril y Almu&ntilde;ecar en el 2006 cuando tras la &uacute;ltima zafra cerr&oacute; el ingenio que permanec&iacute;a en activo.\n<\/p>\n<p style=\"text-align: justify;\">\n\tEl impulso de la industria azucarera en la provincia de M&aacute;laga es facilitado por la &eacute;lite burguesa del XIX, liderado por las familias Heredia, Loring, Huelin y Larios, que convirtieron a M&aacute;laga en una potencia industrial y metal&uacute;rgica. Las grandes familias se encargaron de captar a los mejores ingenieros de la siderurgia inglesa para que montaran las f&aacute;bricas m&aacute;s modernas de la &eacute;poca, y as&iacute; fue como aquella econom&iacute;a, asentada sobre la metalurgia, el textil, el az&uacute;car y los vinos, vivi&oacute; una gran expansi&oacute;n internacional, apoyada en otra gran baza, el puerto. Ello hizo posible que Marbella tuviera los primeros altos hornos de Espa&ntilde;a, mucho antes que el Pa&iacute;s Vasco.\n<\/p>\n<p style=\"text-align: justify;\">\n\tRespecto al litoral de Manilva, los art&iacute;fices de la ubicaci&oacute;n de una moderna f&aacute;brica fueron la familia Larios y la Sociedad Industrial y Agr&iacute;cola de Guadiaro. A partir de 1869, las dos ramas de la familia Larios comenzaron una compra masiva de tierras en el Campo de Gibraltar, sobre todo en los municipios de Jimena de la Frontera, Los Barrios, Algeciras, La L&iacute;nea de la Concepci&oacute;n y San Roque, as&iacute; como en Manilva, Gauc&iacute;n y Casares. De &eacute;stas, el grueso de las tierras situadas en las inmediaciones del valle del Guadiaro fueron adquiridas por la familia a la Casa de Medina-Sidonia, y se dedicaron al cultivo de la ca&ntilde;a de az&uacute;car, cereales y olivar. Se iniciaron una serie de obras hidr&aacute;ulicas para aprovechar el agua de los r&iacute;os Guadiaro y Genal y se fundaron las colonias agr&iacute;colas de San Pablo de Buceite y San Mart&iacute;n del Tesorillo (Jimena de la Frontera), a las que se sum&oacute; la colonia de San Luis de Sabinillas, adquirida por los Larios poco despu&eacute;s. En el a&ntilde;o 1879 la totalidad de las fincas r&uacute;sticas propiedad de los Larios supon&iacute;an 12.846 hect&aacute;reas, de las cuales, a la zona gaditana le correspond&iacute;an 11.530 hect&aacute;reas. El resto, 1.316 hect&aacute;reas, pertenec&iacute;an al espacio geogr&aacute;fico que iba desde San Lu&iacute;s de Sabinillas hasta la localidad granadina de Motril.\n<\/p>\n<p style=\"text-align: justify;\">\n\tFinalmente, en 1887 se fund&oacute; la Sociedad Industrial y Agr&iacute;cola de Guadiaro, con un capital repartido entre las dos ramas de la familia. Las explotaciones se especializaron construy&eacute;ndose numerosas factor&iacute;as industriales: en San Luis de Sabinillas se concentr&oacute; el cultivo de la ca&ntilde;a de az&uacute;car, que era transformada en el ingenio all&iacute; situado; la producci&oacute;n de trigo se trataba en el molino de San Mart&iacute;n del Tesorillo; las almazaras se concentraron en San Pablo de Buceite; se instal&oacute; una f&aacute;brica de corcho en La L&iacute;nea de la Concepci&oacute;n, surtida de la abundante materia prima procedente de los alcornocales del Campo de Gibraltar. En 1930 la sociedad fue vendida a Juan March, empresario y financiero mallorqu&iacute;n y una de las mayores fortunas del pa&iacute;s cuya contribuci&oacute;n al golpe de Estado de 1936 fue clave para el &eacute;xito de los sublevados. Entre 1944 y 1950 liquid&oacute; la empresa tras parcelar las propiedades y venderlas por separado.\n<\/p>\n<p style=\"text-align: justify;\">\n\t<a href=\"http:\/\/www.juntadeandalucia.es\/institutodeestadisticaycartografia\/blog\/wp-content\/uploads\/2016\/03\/img2.png\"><img alt=\"Carta na\u00fatica y detalle: Mar Mediterr\u00e1neo : Costa Sur de Espa\u00f1a. Plano del Fondeadero de la Sabinilla\" class=\"alignnone size-large wp-image-5767\" src=\"http:\/\/www.juntadeandalucia.es\/institutodeestadisticaycartografia\/blog\/wp-content\/uploads\/2016\/03\/img2-1024x653.png\" width=\"600\" srcset=\"https:\/\/ws089.juntadeandalucia.es\/institutodeestadisticaycartografia\/blog\/wp-content\/uploads\/2016\/03\/img2-1024x653.png 1024w, https:\/\/ws089.juntadeandalucia.es\/institutodeestadisticaycartografia\/blog\/wp-content\/uploads\/2016\/03\/img2-300x191.png 300w\" sizes=\"(max-width: 1024px) 100vw, 1024px\" \/><\/a>\n<\/p>\n<p style=\"text-align: justify;\">\n\t<a href=\"http:\/\/www.juntadeandalucia.es\/institutodeestadisticaycartografia\/blog\/wp-content\/uploads\/2016\/03\/img3.png\"><img alt=\"Carta na\u00fatica y detalle: Mar Mediterr\u00e1neo : Costa Sur de Espa\u00f1a. Plano del Fondeadero de la Sabinilla\" class=\"alignnone size-full wp-image-5768\" src=\"http:\/\/www.juntadeandalucia.es\/institutodeestadisticaycartografia\/blog\/wp-content\/uploads\/2016\/03\/img3.png\" width=\"600\" srcset=\"https:\/\/ws089.juntadeandalucia.es\/institutodeestadisticaycartografia\/blog\/wp-content\/uploads\/2016\/03\/img3.png 643w, https:\/\/ws089.juntadeandalucia.es\/institutodeestadisticaycartografia\/blog\/wp-content\/uploads\/2016\/03\/img3-300x174.png 300w\" sizes=\"(max-width: 643px) 100vw, 643px\" \/><\/a>\n<\/p>\n<p style=\"text-align: justify;\">\n\t<span style=\"font-size:11px;\">Carta na&uacute;tica y detalle: Mar Mediterr&aacute;neo: Costa Sur de Espa&ntilde;a. Plano del Fondeadero de la Sabinilla. Levantado en 1888 por la Comisi&oacute;n Hidrogr&aacute;fica al mando del capit&aacute;n de fragata D. Jos&eacute; G&oacute;mez Imaz; Centro Geogr&aacute;fico del Ej&eacute;rcito IECA1988000497<br \/>\n\t<a href=\"http:\/\/www.juntadeandalucia.es\/institutodeestadisticaycartografia\/cartoteca\/buscar\/getisbn\/startid\/10\/id\/5514\">http:\/\/www.juntadeandalucia.es\/institutodeestadisticaycartografia\/cartoteca\/buscar\/getisbn\/startid\/10\/id\/5514<\/a><\/span>\n<\/p>\n<p style=\"text-align: justify;\">\n\tMerece la pena detenerse en el an&aacute;lisis detallado de la carta n&aacute;utica dedicada al &ldquo;Fondeadero de La Sabinilla&rdquo;, elaborada en 1888, cuando el ingenio ya estaba operativo. La creaci&oacute;n en 1860 de la Comisi&oacute;n Hidrogr&aacute;fica de la Pen&iacute;nsula por la Marina para llevar a cabo el levantamiento de sus costas con m&eacute;todos geod&eacute;sicos precisos, permiti&oacute; que se elaborasen las cartas del litoral andaluz con una gran exactitud y adem&aacute;s con una estampaci&oacute;n de gran belleza gr&aacute;fica, que inclu&iacute;a una expresiva representaci&oacute;n de las vistas del litoral desde el mar. La cartograf&iacute;a incluye adem&aacute;s numerosa informaci&oacute;n del espacio terrestre a una escala 1:11.000, con la representaci&oacute;n del relieve, de los usos del suelo y de la toponimia, por lo que constituye una cartograf&iacute;a que a&uacute;na un dise&ntilde;o gr&aacute;fico atractivo, informaci&oacute;n y precisi&oacute;n geogr&aacute;fica, dif&iacute;cilmente superada desde entonces.\n<\/p>\n<p style=\"text-align: justify;\">\n\tLa carta del fondeadero de la Sabinilla muestra la envergadura de las instalaciones fabriles de la Colonia de San Luis, la extensi&oacute;n de las plantaciones de ca&ntilde;a de az&uacute;car por las vegas, y los poblados situados en las inmediaciones de El Castillo y de la carretera a Manilva, con un tama&ntilde;o muy similar al reflejado en los primeros vuelos a&eacute;reos de 1946, aunque aparecen sin denominar. Los top&oacute;nimos de estos dos n&uacute;cleos ir&aacute;n conociendo diversas variantes, lo que da idea del car&aacute;cter precario de estos asentamientos. El Nomencl&aacute;tor de 1860 precisa que el tipo de viviendas existentes era &ldquo;casas y chozas de pescadores&rdquo;, definidas como &ldquo;albergues&rdquo; por su car&aacute;cter precario. As&iacute;, El Castillo de la Duquesa aparece como La Duquesita (1860), Sabinilla (1910), Castillo de la Duquesa o Sabinilla (1930), Castillo de Sabinillas (1940 y 1950); mientras que el segundo n&uacute;cleo aparece denominado como Los Sabinillos (1860) y desde 1910 como San Luis de Sabinilla. Los distintos nomencl&aacute;tores consultados muestran un aumento sostenido en la primera mitad del siglo XX de la poblaci&oacute;n de los dos n&uacute;cleos (223 y 453 habitantes respectivamente en 1910), con un dinamismo mayor de San Luis y la reducci&oacute;n progresiva de los albergues o viviendas precarias.\n<\/p>\n<p style=\"text-align: justify;\">\n\tEn la primera edici&oacute;n del Mapa Topogr&aacute;fico Nacional de 1917 se observa perfectamente la extensi&oacute;n de las plantaciones de ca&ntilde;a az&uacute;car, sobre todo en la vega del rio Manilva desde el conocido como Molino del Duque, donde se inicia la captaci&oacute;n de aguas y la conducci&oacute;n del canal de riego, que continua paralelo al litoral hasta el Castillo de la Duquesa, as&iacute; como la envergadura de la f&aacute;brica de az&uacute;car.\n<\/p>\n<p style=\"text-align: justify;\">\n\tLa instalaci&oacute;n de estos complejos fabriles se realizaba necesariamente en las proximidades de las zonas productoras debido al volumen de materia prima que se movilizaba en la zafra, y llevaba aparejada una compleja sucesi&oacute;n de actividades: la compra de tierras, o el arrendamiento y acuerdo con los productores locales para garantizar el suministro de la ca&ntilde;a; la b&uacute;squeda de agua para facilitar el riego de las plantaciones y el proceso de fabricaci&oacute;n del az&uacute;car y del alcohol, ya que sin el abastecimiento garantizado era imposible la erecci&oacute;n de la f&aacute;brica, debido a la ingente cantidad del l&iacute;quido elemento en el proceso productivo; tambi&eacute;n era necesaria la existencia de infraestructuras viarias para la provisi&oacute;n de la materia prima o la salida de los productos elaborados, que en este caso era facilitada por la existencia de la carretera M&aacute;laga-San Roque, futura Barcelona-C&aacute;diz (N-340). Tambi&eacute;n era utilizado el transporte mar&iacute;timo para esos menesteres, y de hecho este ingenio lleg&oacute; a tener un embarcadero.\n<\/p>\n<p style=\"text-align: justify;\">\n\t<a href=\"http:\/\/www.juntadeandalucia.es\/institutodeestadisticaycartografia\/blog\/wp-content\/uploads\/2016\/03\/img4.png\"><img alt=\"Mapa Topogr\u00e1fico Nacional,  primera edici\u00f3n. Jimena de la Frontera. 1071. Formado y publicado por la Direcci\u00f3n General del Instituto Geogr\u00e1fico y Estad\u00edstico. A\u00f1o de 1917\" class=\"alignnone size-full wp-image-5770\" src=\"http:\/\/www.juntadeandalucia.es\/institutodeestadisticaycartografia\/blog\/wp-content\/uploads\/2016\/03\/img4.png\" width=\"600\" srcset=\"https:\/\/ws089.juntadeandalucia.es\/institutodeestadisticaycartografia\/blog\/wp-content\/uploads\/2016\/03\/img4.png 643w, https:\/\/ws089.juntadeandalucia.es\/institutodeestadisticaycartografia\/blog\/wp-content\/uploads\/2016\/03\/img4-300x202.png 300w\" sizes=\"(max-width: 643px) 100vw, 643px\" \/><\/a>\n<\/p>\n<p style=\"text-align: justify;\">\n\t<span style=\"font-size:11px;\">Mapa Topogr&aacute;fico Nacional, primera edici&oacute;n. Jimena de la Frontera. 1071. Formado y publicado por la Direcci&oacute;n General del Instituto Geogr&aacute;fico y Estad&iacute;stico. A&ntilde;o de 1917.<br \/>\n\t<a href=\"http:\/\/www.juntadeandalucia.es\/institutodeestadisticaycartografia\/cartoteca\/buscar\/getisbn\/id\/1077\">http:\/\/www.juntadeandalucia.es\/institutodeestadisticaycartografia\/cartoteca\/buscar\/getisbn\/id\/1077<\/a><\/span>\n<\/p>\n<p style=\"text-align: justify;\">\n\t<a href=\"http:\/\/www.juntadeandalucia.es\/institutodeestadisticaycartografia\/blog\/wp-content\/uploads\/2016\/03\/img5.png\"><img alt=\"Enciclopedia Universal Espasa Calpe, 1925, tomo 22, pag. 804.\" class=\"alignnone size-full wp-image-5771\" src=\"http:\/\/www.juntadeandalucia.es\/institutodeestadisticaycartografia\/blog\/wp-content\/uploads\/2016\/03\/img5.png\" width=\"600\" srcset=\"https:\/\/ws089.juntadeandalucia.es\/institutodeestadisticaycartografia\/blog\/wp-content\/uploads\/2016\/03\/img5.png 944w, https:\/\/ws089.juntadeandalucia.es\/institutodeestadisticaycartografia\/blog\/wp-content\/uploads\/2016\/03\/img5-300x208.png 300w\" sizes=\"(max-width: 944px) 100vw, 944px\" \/><\/a>\n<\/p>\n<p style=\"text-align: justify;\">\n\t<span style=\"font-size:11px;\">Enciclopedia Universal Espasa Calpe, 1925, tomo 22, pag. 804.<\/span>\n<\/p>\n<p style=\"text-align: justify;\">\n\t<strong>Los poblados pesqueros<\/strong>\n<\/p>\n<p style=\"text-align: justify;\">\n\tUna vez cerrada y desmantelada la f&aacute;brica de az&uacute;car, los asentamientos de San Luis de Sabinillas y El Castillo de la Duquesa tuvieron en la pesca la principal fuente de riqueza. Un importante n&uacute;mero de vecinos se dedic&oacute; a esta actividad faenando en los caladeros locales de Punta Chullera y de la Torre de la Sal. Obten&iacute;an numerosos productos del mar, fundamentalmente sardinas y boquerones, capturados con m&eacute;todos muy artesanales, pues los medios disponibles eran muy limitados: peque&ntilde;as embarcaciones varadas en la playa, chozos que se usaban para guardar las redes y los modestos enseres de pesca y que muchas veces serv&iacute;an tambi&eacute;n como refugio ocasional o permanente de personas. De la precariedad existente por la falta de viviendas y servicios es muestra que en El Castillo residieron 70 personas y 15 familias hasta muy avanzado el siglo (1975) en la abandonada fortaleza de La Duquesa.\n<\/p>\n<p style=\"text-align: justify;\">\n\tPese al cierre de la factor&iacute;a, el impacto sobre los efectivos demogr&aacute;ficos no es perceptible: entre los nomencl&aacute;tores de 1940 y 1950 la poblaci&oacute;n crece tanto en El Castillo como en San Luis, y el n&uacute;mero de viviendas pr&aacute;cticamente se duplica. As&iacute;, en este periodo intercensal en El Castillo la poblaci&oacute;n pasa de 268 a 282 habitantes y las viviendas de 38 a 74; y en San Luis de Sabinillas la poblaci&oacute;n aumenta de 507 a 712 habitantes, y las viviendas de 70 a 138, de lo que se deduce que la factor&iacute;a ya empleaba a muy pocos trabajadores, o que este era un empleo muy estacional.\n<\/p>\n<p style=\"text-align: justify;\">\n\tLa cartograf&iacute;a elaborada por el Instituto Nacional de Colonizaci&oacute;n en 1944 sobre la poblaci&oacute;n y las masas de cultivos muestra la distribuci&oacute;n del parcelario agr&iacute;cola de este entorno litoral, organizado a partir del canal de riego alimentado por las aguas del r&iacute;o Manilva, as&iacute; como la estructura de los poblados, muy simples, organizada por manzanas regulares en el caso de San Luis, lo que sugiere una intervenci&oacute;n p&uacute;blica, o de la propia empresa propietaria del ingenio, la Sociedad Industrial y Agr&iacute;cola de Guadiaro.\n<\/p>\n<p style=\"text-align: justify;\">\n\t<a href=\"http:\/\/www.juntadeandalucia.es\/institutodeestadisticaycartografia\/blog\/wp-content\/uploads\/2016\/03\/img6.png\"><img alt=\"Poblado de Sabinilla. Instituto Nacional de Colonizaci\u00f3n. Escala 1:1000. 1944\" class=\"alignnone size-large wp-image-5773\" src=\"http:\/\/www.juntadeandalucia.es\/institutodeestadisticaycartografia\/blog\/wp-content\/uploads\/2016\/03\/img6-1024x720.png\" width=\"600\" srcset=\"https:\/\/ws089.juntadeandalucia.es\/institutodeestadisticaycartografia\/blog\/wp-content\/uploads\/2016\/03\/img6-1024x720.png 1024w, https:\/\/ws089.juntadeandalucia.es\/institutodeestadisticaycartografia\/blog\/wp-content\/uploads\/2016\/03\/img6-300x211.png 300w, https:\/\/ws089.juntadeandalucia.es\/institutodeestadisticaycartografia\/blog\/wp-content\/uploads\/2016\/03\/img6.png 1920w\" sizes=\"(max-width: 1024px) 100vw, 1024px\" \/><\/a>\n<\/p>\n<p style=\"text-align: justify;\">\n\t<span style=\"font-size:11px;\">Poblado de Sabinilla. Instituto Nacional de Colonizaci&oacute;n. Escala 1:1000. 1944. IECA1988018537<br \/>\n\t<a href=\"http:\/\/www.juntadeandalucia.es\/institutodeestadisticaycartografia\/cartoteca\/buscar\/getisbn\/startid\/20\/id\/23282\">http:\/\/www.juntadeandalucia.es\/institutodeestadisticaycartografia\/cartoteca\/buscar\/getisbn\/startid\/20\/id\/23282<\/a><\/span>\n<\/p>\n<p style=\"text-align: justify;\">\n\t<a href=\"http:\/\/www.juntadeandalucia.es\/institutodeestadisticaycartografia\/blog\/wp-content\/uploads\/2016\/03\/img7.png\"><img alt=\"Sabinilla: masas de cultivos. Instituto Nacional de Colonizaci\u00f3n. 1944\" class=\"alignnone size-large wp-image-5774\" src=\"http:\/\/www.juntadeandalucia.es\/institutodeestadisticaycartografia\/blog\/wp-content\/uploads\/2016\/03\/img7-1024x705.png\" width=\"600\" srcset=\"https:\/\/ws089.juntadeandalucia.es\/institutodeestadisticaycartografia\/blog\/wp-content\/uploads\/2016\/03\/img7-1024x705.png 1024w, https:\/\/ws089.juntadeandalucia.es\/institutodeestadisticaycartografia\/blog\/wp-content\/uploads\/2016\/03\/img7-300x206.png 300w, https:\/\/ws089.juntadeandalucia.es\/institutodeestadisticaycartografia\/blog\/wp-content\/uploads\/2016\/03\/img7.png 1920w\" sizes=\"(max-width: 1024px) 100vw, 1024px\" \/><\/a>\n<\/p>\n<p style=\"text-align: justify;\">\n\t<span style=\"font-size:11px;\">Sabinilla: masas de cultivos. Instituto Nacional de Colonizaci&oacute;n. 1944. Escala 1:5000. IECA1988018467<br \/>\n\t<a href=\"http:\/\/www.juntadeandalucia.es\/institutodeestadisticaycartografia\/cartoteca\/buscar\/getisbn\/startid\/20\/id\/23212\">http:\/\/www.juntadeandalucia.es\/institutodeestadisticaycartografia\/cartoteca\/buscar\/getisbn\/startid\/20\/id\/23212<\/a><\/span>\n<\/p>\n<p style=\"text-align: justify;\">\n\tEl fotograma del <strong>vuelo americano de 1945-46 (serie B)<\/strong> es la primera fotograf&iacute;a a&eacute;rea disponible, y en ella no se puede interpretar si el ingenio permanec&iacute;a activo, teniendo en cuenta que estas f&aacute;bricas solo funcionaban en temporada, unos cien d&iacute;as al a&ntilde;o. S&iacute; se aprecian con claridad los usos agr&iacute;colas m&aacute;s intensivos de las parcelas pr&oacute;ximas al litoral y el canal de riego que corr&iacute;a de forma paralela a la carretera, acomod&aacute;ndose a la topograf&iacute;a de los valles fluviales de los arroyos de la Pe&ntilde;uela y del Estanquillo. Al norte de la imagen se aprecian las manzanas rectangulares de las viviendas de San Luis y la peque&ntilde;a iglesia. Una ladrillera se sit&uacute;a en el lado sur de las inmediaciones del ingenio. Al sur de la imagen, en el entorno del Castillo de la Duquesa, el cuartel de la Guardia Civil y las viviendas del poblado pesquero.\n<\/p>\n<p style=\"text-align: justify;\">\n\tSi hacemos una pasada por la historia reciente de Manilva, es necesario resaltar la importancia del vi&ntilde;edo, cultivo que le ha dado car&aacute;cter y ha sido motor de la econom&iacute;a de este pueblo desde el siglo XVI, cuando el duque de Arcos, se&ntilde;or del Condado de Casares, concedi&oacute; las primeras tierras para vi&ntilde;as, que se extendieron por muchas de sus lomas ocupando la mayor parte de las tierras aptas para este cultivo, por lo que no compet&iacute;a con los cultivos del litoral. En el siglo XIX sufri&oacute; una grave crisis por la filoxera, quedando como un cultivo residual. La introducci&oacute;n en la d&eacute;cada de 1920 de la cepa de moscatel supuso una nueva expansi&oacute;n de la vid por el ruedo agrario pr&oacute;ximo a Manilva, que ha llegado hasta el d&iacute;a de hoy con una fuerte impronta en el paisaje y en la personalidad de esta poblaci&oacute;n, que ha pervivido hasta el d&iacute;a de hoy en una creciente competencia con los usos urbanos y edificaciones que han proliferado en el medio rural. Con la implantaci&oacute;n de la variedad de moscatel la orientaci&oacute;n del cultivo cambia radicalmente hacia la uva de mesa, y la producci&oacute;n de vinos queda en un segundo plano.\n<\/p>\n<p style=\"text-align: justify;\">\n\t<a href=\"http:\/\/www.juntadeandalucia.es\/institutodeestadisticaycartografia\/blog\/wp-content\/uploads\/2016\/03\/img8.png\"><img alt=\"Vuelo Americano, Serie A. 1945-46 CECAF. Ministerio de Defensa\" class=\"alignnone size-full wp-image-5775\" src=\"http:\/\/www.juntadeandalucia.es\/institutodeestadisticaycartografia\/blog\/wp-content\/uploads\/2016\/03\/img8.png\" width=\"600\" srcset=\"https:\/\/ws089.juntadeandalucia.es\/institutodeestadisticaycartografia\/blog\/wp-content\/uploads\/2016\/03\/img8.png 643w, https:\/\/ws089.juntadeandalucia.es\/institutodeestadisticaycartografia\/blog\/wp-content\/uploads\/2016\/03\/img8-300x295.png 300w\" sizes=\"(max-width: 643px) 100vw, 643px\" \/><\/a>\n<\/p>\n<p style=\"text-align: justify;\">\n\t<span style=\"font-size:11px;\">Vuelo Americano, Serie A. 1945-46 CECAF. Ministerio de Defensa<\/span>\n<\/p>\n<p style=\"text-align: justify;\">\n\t<strong>Constituci&oacute;n, desarrollo e impulso exponencial del n&uacute;cleo tur&iacute;stico de San Luis de Sabinillas<\/strong>\n<\/p>\n<p style=\"text-align: justify;\">\n\tDurante las d&eacute;cadas comprendidas entre 1950 y 1980, este tramo del litoral malague&ntilde;o sufri&oacute; muy escasas transformaciones, comparativamente con los convulsos cambios que se sucedieron en la Costa del Sol. Ello fue debido a su situaci&oacute;n perif&eacute;rica, alejada del n&uacute;cleo comprendido entre Torremolinos y Marbella, donde se produce el desarrollo de una potente industria tur&iacute;stica, y del aeropuerto de M&aacute;laga. En el muy interesante vuelo del litoral malague&ntilde;o a escala 1:12.000 de julio de 1963, procedente de los fondos de CETFA y adquiridos para la fototeca del IECA, se observan muy pocos cambios en los dos n&uacute;cleos de poblaci&oacute;n, solo en San Luis se levanta un edificio de varias plantas localizado en el cruce de la carretera Nacional 340 y la carretera local que une a esta poblaci&oacute;n con Manilva, que se corresponde con la primera construcci&oacute;n en este tramo del litoral de car&aacute;cter plurifamiliar destinado al turismo residencial. Llama la atenci&oacute;n el gran n&uacute;mero de construcciones existentes sobre la playa, probablemente vinculadas tanto a la actividad de la pesca, como al uso recreativo de la playa en verano, ya que entonces se permit&iacute;an instalaciones ef&iacute;meras sobre la playa, utilizadas por veraneantes locales como alojamiento, albergue o vestuario.\n<\/p>\n<p style=\"text-align: justify;\">\n\tEn la imagen tiene gran protagonismo el recinto de nueve hect&aacute;reas donde se localizaba la f&aacute;brica de az&uacute;car. Hab&iacute;a sido adquirido por la Caja de Ahorros de Ronda, que construye las instalaciones deportivas y residenciales de una colonia escolar destinada a residencia estival de los hijos del personal de la Caja, respetando la planta de la cerca exterior. Este uso se ha mantenido hasta el d&iacute;a de hoy, ahora gestionado por Unicaja y abierto a todos los ciudadanos. Por su envergadura, estas instalaciones son de las mayores de este tipo existentes en Andaluc&iacute;a, con una capacidad para m&aacute;s de 600 menores, y por ellas han pasado miles de ni&ntilde;os y ni&ntilde;as.\n<\/p>\n<p style=\"text-align: justify;\">\n\t<a href=\"http:\/\/www.juntadeandalucia.es\/institutodeestadisticaycartografia\/blog\/wp-content\/uploads\/2016\/03\/img9.png\"><img alt=\"Vuelo CETFA del litoral malague\u00f1o 1:12.000, julio 1963\" class=\"alignnone size-large wp-image-5776\" src=\"http:\/\/www.juntadeandalucia.es\/institutodeestadisticaycartografia\/blog\/wp-content\/uploads\/2016\/03\/img9-1024x914.png\" width=\"600\" srcset=\"https:\/\/ws089.juntadeandalucia.es\/institutodeestadisticaycartografia\/blog\/wp-content\/uploads\/2016\/03\/img9-1024x914.png 1024w, https:\/\/ws089.juntadeandalucia.es\/institutodeestadisticaycartografia\/blog\/wp-content\/uploads\/2016\/03\/img9-300x267.png 300w\" sizes=\"(max-width: 1024px) 100vw, 1024px\" \/><\/a>\n<\/p>\n<p style=\"text-align: justify;\">\n\t<span style=\"font-size:11px;\">Vuelo CETFA del litoral malague&ntilde;o 1:12.000, julio 1963<\/span>\n<\/p>\n<p style=\"text-align: justify;\">\n\tEl conocido como <strong>Vuelo Interministerial<\/strong> ofrece una imagen de este tramo litoral en julio de 1977, y en &eacute;l ya se observan importantes transformaciones, especialmente visibles en San Luis. A ambos lados de la Colonia se construyen bloques de viviendas plurifamiliares, la mayor&iacute;a de car&aacute;cter social, lo que indica que el desarrollo del turismo residencial era a&uacute;n muy incipiente. Al norte de la Colonia sobre la playa, ocupando la zona mar&iacute;tima terrestre, se construyen unos nuevos colegios. Es importante destacar que aparece la primera urbanizaci&oacute;n con vocaci&oacute;n tur&iacute;stica, el denominado Pueblo Mejicano, situado m&aacute;s all&aacute; de la carretera N-340 y sobre el antiguo camino del Pe&ntilde;oncillo, inici&aacute;ndose el proceso por el cual poco a poco este tramo de carretera se convertir&aacute; en una traves&iacute;a.\n<\/p>\n<p style=\"text-align: justify;\">\n\tEl hito m&aacute;s significativo, ya visible, que impuls&oacute; la vocaci&oacute;n tur&iacute;stica de esta poblaci&oacute;n, fue el inicio de los movimientos de tierras entre la Colonia y El Castillo, realizados para construir el puerto deportivo de La Duquesa. As&iacute; como la apertura de viales sobre el monte Hacho, en cuyas faldas se construir&iacute;a el campo de golf y las urbanizaciones ligadas al puerto por la existencia de una promotora com&uacute;n.\n<\/p>\n<p style=\"text-align: justify;\">\n\t<a href=\"http:\/\/www.juntadeandalucia.es\/institutodeestadisticaycartografia\/blog\/wp-content\/uploads\/2016\/03\/img10.png\"><img alt=\"Vuelo Interministerial, Julio de 1977\" class=\"alignnone size-full wp-image-5777\" src=\"http:\/\/www.juntadeandalucia.es\/institutodeestadisticaycartografia\/blog\/wp-content\/uploads\/2016\/03\/img10.png\" width=\"600\" srcset=\"https:\/\/ws089.juntadeandalucia.es\/institutodeestadisticaycartografia\/blog\/wp-content\/uploads\/2016\/03\/img10.png 1010w, https:\/\/ws089.juntadeandalucia.es\/institutodeestadisticaycartografia\/blog\/wp-content\/uploads\/2016\/03\/img10-300x259.png 300w\" sizes=\"(max-width: 1010px) 100vw, 1010px\" \/><\/a>\n<\/p>\n<p style=\"text-align: justify;\">\n\t<span style=\"font-size:11px;\">Vuelo Interministerial, Julio de 1977<\/span>\n<\/p>\n<p style=\"text-align: justify;\">\n\tEn la <strong>ortofotograf&iacute;a del Instituto Geogr&aacute;fico Nacional de 1984<\/strong> se observa en primer lugar que el puerto deportivo est&aacute; construido, as&iacute; como una serie de nuevas urbanizaciones localizadas en su proximidad y directamente ligadas a esta operaci&oacute;n. El puerto, gestionado por Marinas del Mediterr&aacute;neo, tiene una capacidad de 328 atraques, de un tama&ntilde;o medio y supone un salto cualitativo en la oferta tur&iacute;stica de la costa de Manilva.\n<\/p>\n<p style=\"text-align: justify;\">\n\tLa construcci&oacute;n de su espig&oacute;n de abrigo ha ocasionado un efecto de barrera al detener los sedimentos en suspensi&oacute;n por las corrientes dominantes, lo que ha provocado la acumulaci&oacute;n de arenas al norte y una grave afecci&oacute;n sobre las playas existentes al sur, que han retrocedido, siendo necesario construir una escollera y defender el frente litoral pr&oacute;ximo a El Castillo, ya que las casas se vieron amenazadas en los periodos de temporales. Adem&aacute;s, las embarcaciones de pesca que varaban en esta playa -pr&aacute;cticamente desaparecida- se han tenido que trasladar al sur del arroyo del Estanquillo.\n<\/p>\n<p style=\"text-align: justify;\">\n\t<a href=\"http:\/\/www.juntadeandalucia.es\/institutodeestadisticaycartografia\/blog\/wp-content\/uploads\/2016\/03\/img11.png\"><img alt=\"Vuelo del Instituto Geogr\u00e1fico Nacional, septiembre de 1984\" class=\"alignnone size-full wp-image-5778\" src=\"http:\/\/www.juntadeandalucia.es\/institutodeestadisticaycartografia\/blog\/wp-content\/uploads\/2016\/03\/img11.png\" width=\"600\" srcset=\"https:\/\/ws089.juntadeandalucia.es\/institutodeestadisticaycartografia\/blog\/wp-content\/uploads\/2016\/03\/img11.png 1010w, https:\/\/ws089.juntadeandalucia.es\/institutodeestadisticaycartografia\/blog\/wp-content\/uploads\/2016\/03\/img11-300x259.png 300w\" sizes=\"(max-width: 1010px) 100vw, 1010px\" \/><\/a>\n<\/p>\n<p style=\"text-align: justify;\">\n\t<span style=\"font-size:11px;\">Vuelo del Instituto Geogr&aacute;fico Nacional, septiembre de 1984<\/span>\n<\/p>\n<p style=\"text-align: justify;\">\n\tLa confirmaci&oacute;n de la vocaci&oacute;n tur&iacute;stica de este tramo del litoral se produce en la &uacute;ltima d&eacute;cada del siglo XX. Se fundamenta tanto en el atractivo de sus playas como en su papel de eslab&oacute;n entre la Costa del Sol Occidental y los nuevos desarrollos tur&iacute;sticos que se consolidan en torno a Sotogrande y el turismo del golf. En la <strong>ortofotograf&iacute;a de la Junta de Andaluc&iacute;a de 2001<\/strong> se observa un notable crecimiento de las dos poblaciones ya que se configura pr&aacute;cticamente un continuo urbano en este tramo litoral entre San Luis, que ahora por el norte se extiende hasta el r&iacute;o Manilva con la construcci&oacute;n de la urbanizaci&oacute;n de La Noria, y El Castillo, quedando sin edificar solo una gran parcela pr&oacute;xima a la vieja fortaleza, donde exist&iacute;a el cuartel de la Guardia Civil, terrenos que permanecen libres gracias al hallazgo de un importante yacimiento arqueol&oacute;gico con unas termas y f&aacute;bricas de salaz&oacute;n de origen romano.\n<\/p>\n<p style=\"text-align: justify;\">\n\tEn la &uacute;ltima d&eacute;cada y media del siglo se inicia la construcci&oacute;n de un conjunto de urbanizaciones en torno al cerro del Hacho y muy pr&oacute;ximos a La Duquesa Golf, campo de 18 hoyos en el que se construye el hotel de la m&aacute;xima categor&iacute;a, La Duquesa Golf. Estas operaciones pretenden captar un turismo cualificado y al que se vinculan un amplio conjunto de promociones inmobiliarias residenciales que rodean el campo deportivo, como Los Hidalgos, Jardines del Golf, Carmenes del Hacho, Cortijos del Golf, etc.\n<\/p>\n<p style=\"text-align: justify;\">\n\t<a href=\"http:\/\/www.juntadeandalucia.es\/institutodeestadisticaycartografia\/blog\/wp-content\/uploads\/2016\/03\/img12.png\"><img alt=\"Ortofotograf\u00eda de la Junta de  Andaluc\u00eda 2001\" class=\"alignnone size-full wp-image-5779\" src=\"http:\/\/www.juntadeandalucia.es\/institutodeestadisticaycartografia\/blog\/wp-content\/uploads\/2016\/03\/img12.png\" width=\"600\" srcset=\"https:\/\/ws089.juntadeandalucia.es\/institutodeestadisticaycartografia\/blog\/wp-content\/uploads\/2016\/03\/img12.png 1010w, https:\/\/ws089.juntadeandalucia.es\/institutodeestadisticaycartografia\/blog\/wp-content\/uploads\/2016\/03\/img12-300x259.png 300w\" sizes=\"(max-width: 1010px) 100vw, 1010px\" \/><\/a>\n<\/p>\n<p style=\"text-align: justify;\">\n\t<span style=\"font-size:11px;\">Ortofotograf&iacute;a de la Junta de Andaluc&iacute;a 2001<\/span>\n<\/p>\n<p style=\"text-align: justify;\">\n\tSin embargo, es en los primeros a&ntilde;os del siglo XXI cuando se produce la gran ocupaci&oacute;n urbanistica en este tramo del litoral, que se observa en las <strong>ortofotograf&iacute;as del Plan Nacional de Ortofotograf&iacute;a A&eacute;rea (2010-2013)<\/strong>. Se impulsa el crecimiento de Manilva, triplicando su poblaci&oacute;n desde los 5.768 habitantes (2000) y a los 14.587 (2015), de los cuales 6.206 se localizan en San Luis de Sabinillas y 2.772 en El Castillo, apareciendo con fuerza dos nuevos n&uacute;cleos en el litoral: Alcorr&iacute;n y La Chullera (1.485 y 485 habitantes). Este impulso adem&aacute;s se ha concentrado temporalmente entre en el 2003 y el 2006, con tasas interanuales de crecimiento comprendidas entre 13,4% y 16,7%, que han convertido a este municipio en uno de los l&iacute;deres a nivel andaluz en crecimiento demogr&aacute;fico en este periodo, lo que es particularmente notable por su tama&ntilde;o medio.\n<\/p>\n<p style=\"text-align: justify;\">\n\t<a href=\"http:\/\/www.juntadeandalucia.es\/institutodeestadisticaycartografia\/blog\/wp-content\/uploads\/2016\/03\/img15.png\"><img alt=\"Crecimiento anual de la poblaci\u00f3n por municipios, 2005\" class=\"alignnone size-full wp-image-5821\" src=\"http:\/\/www.juntadeandalucia.es\/institutodeestadisticaycartografia\/blog\/wp-content\/uploads\/2016\/03\/img15.png\" width=\"600\" srcset=\"https:\/\/ws089.juntadeandalucia.es\/institutodeestadisticaycartografia\/blog\/wp-content\/uploads\/2016\/03\/img15.png 991w, https:\/\/ws089.juntadeandalucia.es\/institutodeestadisticaycartografia\/blog\/wp-content\/uploads\/2016\/03\/img15-300x207.png 300w\" sizes=\"(max-width: 991px) 100vw, 991px\" \/><\/a>\n<\/p>\n<p style=\"text-align: justify;\">\n\t<span style=\"font-size:11px;\">Crecimiento anual de la poblaci&oacute;n por municipios, 2005. Sistema de Informaci&oacute;n GeoEstad&iacute;stica de Andaluc&iacute;a (SIGEA)<br \/>\n\t<a href=\"http:\/\/www.juntadeandalucia.es\/institutodeestadisticaycartografia\/SIGEA\/poblacion.html#menu\">http:\/\/www.juntadeandalucia.es\/institutodeestadisticaycartografia\/SIGEA\/poblacion.html#menu<\/a><\/span>\n<\/p>\n<p style=\"text-align: justify;\">\n\tEste crecimiento ha estado basado fundamentalmente en el desarrollo del sector de la construcci&oacute;n, ya que se observa un acentuado crecimiento urban&iacute;stico que ha hecho crecer el parque de vivienda destinado tanto a residentes extranjeros como a segunda residencia de turistas nacionales. Este desarrollo no era sostenible, y la crisis del sector de la construcci&oacute;n a partir del 2007 ha detenido la extensi&oacute;n urbana y provocado desde el a&ntilde;o 2010 un estancamiento demogr&aacute;fico, incluso con valores negativos los a&ntilde;os 2010, 2011 y 2013.\n<\/p>\n<p style=\"text-align: justify;\">\n\tLos valores demogr&aacute;ficos de Manilva son muy caracter&iacute;sticos: una poblaci&oacute;n joven (22,4% menores de 20 a&ntilde;os), con una importante poblaci&oacute;n extranjera empadronada (el 41,3% del total el a&ntilde;o 2014), por lo que constituye el 8&ordm; municipio andaluz con mayor poblaci&oacute;n for&aacute;nea, con predominio de brit&aacute;nicos, y cuenta con un importante parque de viviendas de segunda residencia que hace que su poblaci&oacute;n se multiplique por cinco en verano. Sin embargo, hasta el momento ha fracasado en su aspiraci&oacute;n de acoger un turismo de calidad por su incapacidad para aumentar la oferta, ya que solo existen 121 plazas hoteleras y el hotel de mayor categor&iacute;a ligado al campo de golf se ha visto obligado a cerrar.\n<\/p>\n<p style=\"text-align: justify;\">\n\tLos problemas de tr&aacute;fico que ocasionaban las carencias de la N-340 para acoger el tr&aacute;fico urbano e interurbano a su paso por la traves&iacute;a de Sabinillas se resolvieron en el primer lustro del siglo con la construcci&oacute;n de la autopista de peaje AP-4, al norte de la ciudad de Manilva y, sobre todo, con el desdoble de la vieja carretera, ahora denominada A-4 y la construcci&oacute;n de un paso subterr&aacute;neo.\n<\/p>\n<p style=\"text-align: justify;\">\n\tPasada la fiebre del ladrillo por la crisis, este territorio litoral de Manilva debe aprender de las ense&ntilde;anzas de su historia reciente, aprovechar su situaci&oacute;n privilegiada entre el Campo de Gibraltar y la Costa del Sol, y la concurrencia de importantes cualidades, adem&aacute;s del sol y de las playas, para apostar por un modelo de desarrollo tur&iacute;stico diversificado y de mayor calidad, abandonando definitivamente la fracasada apuesta por la extensi&oacute;n ilimitada del turismo residencial que tan escasos r&eacute;ditos ha producido, y que es un alto consumidor de recursos territoriales.\n<\/p>\n<p style=\"text-align: justify;\">\n\t<a href=\"http:\/\/www.juntadeandalucia.es\/institutodeestadisticaycartografia\/blog\/wp-content\/uploads\/2016\/03\/img13.png\"><img alt=\"Plan  Nacional de Ortofotograf\u00eda  A\u00e9rea, 2010\" class=\"alignnone size-full wp-image-5780\" src=\"http:\/\/www.juntadeandalucia.es\/institutodeestadisticaycartografia\/blog\/wp-content\/uploads\/2016\/03\/img13.png\" width=\"600\" srcset=\"https:\/\/ws089.juntadeandalucia.es\/institutodeestadisticaycartografia\/blog\/wp-content\/uploads\/2016\/03\/img13.png 1010w, https:\/\/ws089.juntadeandalucia.es\/institutodeestadisticaycartografia\/blog\/wp-content\/uploads\/2016\/03\/img13-300x259.png 300w\" sizes=\"(max-width: 1010px) 100vw, 1010px\" \/><\/a>\n<\/p>\n<p style=\"text-align: justify;\">\n\t<span style=\"font-size:11px;\">Plan Nacional de Ortofotograf&iacute;a A&eacute;rea, 2010<\/span>\n<\/p>\n<p style=\"text-align: justify;\">\n\t<a href=\"http:\/\/www.juntadeandalucia.es\/institutodeestadisticaycartografia\/blog\/wp-content\/uploads\/2016\/03\/img14.png\"><img alt=\"Ortofotomapa de Andaluc\u00eda 2010\" class=\"alignnone size-full wp-image-5781\" src=\"http:\/\/www.juntadeandalucia.es\/institutodeestadisticaycartografia\/blog\/wp-content\/uploads\/2016\/03\/img14.png\" width=\"600\" srcset=\"https:\/\/ws089.juntadeandalucia.es\/institutodeestadisticaycartografia\/blog\/wp-content\/uploads\/2016\/03\/img14.png 643w, https:\/\/ws089.juntadeandalucia.es\/institutodeestadisticaycartografia\/blog\/wp-content\/uploads\/2016\/03\/img14-300x200.png 300w\" sizes=\"(max-width: 643px) 100vw, 643px\" \/><\/a>\n<\/p>\n<p style=\"text-align: justify;\">\n\t<span style=\"font-size:11px;\">Ortofotomapa de Andaluc&iacute;a 2010<br \/>\n\t<a href=\"http:\/\/www.juntadeandalucia.es\/institutodeestadisticaycartografia\/lineav2\/web\">http:\/\/www.juntadeandalucia.es\/institutodeestadisticaycartografia\/lineav2\/web<\/a><\/span><\/p>\n<!-- AddThis Advanced Settings generic via filter on the_content --><!-- AddThis Share Buttons generic via filter on the_content -->","protected":false},"excerpt":{"rendered":"<p>La costa comprendida entre Estepona y Algeciras ha sido hist&oacute;ricamente un territorio relativamente despoblado. La desembocadura del rio Guadiaro en la frontera entre los reinos nazar&iacute; y castellano condicion&oacute; que fuese un espacio en disputa deshabitado. A partir del siglo XVI, la amenaza turca y de los piratas berberiscos oblig&oacute; a establecer un sistema defensivo [&hellip;]<!-- AddThis Advanced Settings generic via filter on wp_trim_excerpt --><!-- AddThis Share Buttons generic via filter on wp_trim_excerpt --><\/p>\n","protected":false},"author":2,"featured_media":0,"comment_status":"open","ping_status":"open","sticky":false,"template":"","format":"standard","meta":{"_mi_skip_tracking":false},"categories":[2],"tags":[51,352,58],"_links":{"self":[{"href":"https:\/\/ws089.juntadeandalucia.es\/institutodeestadisticaycartografia\/blog\/wp-json\/wp\/v2\/posts\/5764"}],"collection":[{"href":"https:\/\/ws089.juntadeandalucia.es\/institutodeestadisticaycartografia\/blog\/wp-json\/wp\/v2\/posts"}],"about":[{"href":"https:\/\/ws089.juntadeandalucia.es\/institutodeestadisticaycartografia\/blog\/wp-json\/wp\/v2\/types\/post"}],"author":[{"embeddable":true,"href":"https:\/\/ws089.juntadeandalucia.es\/institutodeestadisticaycartografia\/blog\/wp-json\/wp\/v2\/users\/2"}],"replies":[{"embeddable":true,"href":"https:\/\/ws089.juntadeandalucia.es\/institutodeestadisticaycartografia\/blog\/wp-json\/wp\/v2\/comments?post=5764"}],"version-history":[{"count":16,"href":"https:\/\/ws089.juntadeandalucia.es\/institutodeestadisticaycartografia\/blog\/wp-json\/wp\/v2\/posts\/5764\/revisions"}],"predecessor-version":[{"id":5824,"href":"https:\/\/ws089.juntadeandalucia.es\/institutodeestadisticaycartografia\/blog\/wp-json\/wp\/v2\/posts\/5764\/revisions\/5824"}],"wp:attachment":[{"href":"https:\/\/ws089.juntadeandalucia.es\/institutodeestadisticaycartografia\/blog\/wp-json\/wp\/v2\/media?parent=5764"}],"wp:term":[{"taxonomy":"category","embeddable":true,"href":"https:\/\/ws089.juntadeandalucia.es\/institutodeestadisticaycartografia\/blog\/wp-json\/wp\/v2\/categories?post=5764"},{"taxonomy":"post_tag","embeddable":true,"href":"https:\/\/ws089.juntadeandalucia.es\/institutodeestadisticaycartografia\/blog\/wp-json\/wp\/v2\/tags?post=5764"}],"curies":[{"name":"wp","href":"https:\/\/api.w.org\/{rel}","templated":true}]}}