{"id":5620,"date":"2016-02-01T09:35:28","date_gmt":"2016-02-01T08:35:28","guid":{"rendered":"http:\/\/www.juntadeandalucia.es\/institutodeestadisticaycartografia\/blog\/?p=5620"},"modified":"2016-02-01T10:12:46","modified_gmt":"2016-02-01T09:12:46","slug":"agenda-febrero16","status":"publish","type":"post","link":"https:\/\/ws089.juntadeandalucia.es\/institutodeestadisticaycartografia\/blog\/2016\/02\/agenda-febrero16\/","title":{"rendered":"&#8230;Y la agenda de febrero"},"content":{"rendered":"<p style=\"text-align: justify;\">\n\tEstas son las publicaciones del Instituto de Estad&iacute;stica y Cartograf&iacute;a de Andaluc&iacute;a previstas para el mes de febrero seg&uacute;n el <a href=\"http:\/\/www.juntadeandalucia.es\/institutodeestadisticaycartografia\/ieagen\/calendario\/index.htm\">calendario<\/a> establecido.\n<\/p>\n<p>\n\t<a href=\"http:\/\/www.juntadeandalucia.es\/institutodeestadisticaycartografia\/blog\/wp-content\/uploads\/2016\/01\/grafX1.png\"><img alt=\"Calendario de Difusi\u00f3n de Actividades Estad\u00edsticas y Cartogr\u00e1ficas. Febrero 2016\" class=\"alignnone size-full wp-image-5656\" src=\"http:\/\/www.juntadeandalucia.es\/institutodeestadisticaycartografia\/blog\/wp-content\/uploads\/2016\/01\/grafX1.png\" width=\"600\" srcset=\"https:\/\/ws089.juntadeandalucia.es\/institutodeestadisticaycartografia\/blog\/wp-content\/uploads\/2016\/01\/grafX1.png 718w, https:\/\/ws089.juntadeandalucia.es\/institutodeestadisticaycartografia\/blog\/wp-content\/uploads\/2016\/01\/grafX1-273x300.png 273w\" sizes=\"(max-width: 718px) 100vw, 718px\" \/><\/a>\n<\/p>\n<p>\n\tAdem&aacute;s, a lo largo de este mes se tiene previsto difundir las siguientes actividades:\n<\/p>\n<ul>\n<li>\n\t\t<a href=\"http:\/\/www.juntadeandalucia.es\/institutodeestadisticaycartografia\/socmer\/index.htm\" title=\"Estad\u00edstica sobre Sociedades Mercantiles de Andaluc\u00eda. A\u00f1o 2015. Datos provisionales\">Estad&iacute;stica sobre Sociedades Mercantiles de Andaluc&iacute;a. A&ntilde;o 2015. Datos provisionales<\/a>\n\t<\/li>\n<li>\n\t\t<a href=\"http:\/\/www.juntadeandalucia.es\/institutodeestadisticaycartografia\/epd\/index.htm\" title=\"El Empleo de las Personas con Discapacidad. A\u00f1o 2014\">El Empleo de las Personas con Discapacidad. A&ntilde;o 2014<\/a>\n\t<\/li>\n<li>\n\t\t<a href=\"http:\/\/www.juntadeandalucia.es\/institutodeestadisticaycartografia\/longevidad\/index.htm\" title=\"Estad\u00edsticas Longitudinales de Supervivencia y Longevidad en Andaluc\u00eda, 2002-2013\">Estad&iacute;sticas Longitudinales de Supervivencia y Longevidad en Andaluc&iacute;a, 2002-2013<\/a>\n\t<\/li>\n<\/ul>\n<p>\n\tSi bien por motivos t&eacute;cnicos los datos correspondientes a diciembre de 2015 de los datos de Campings se publicar&aacute;n el d&iacute;a 12 de febrero de 2016.<\/p>\n<!-- AddThis Advanced Settings generic via filter on the_content --><!-- AddThis Share Buttons generic via filter on the_content -->","protected":false},"excerpt":{"rendered":"<p>Estas son las publicaciones del Instituto de Estad&iacute;stica y Cartograf&iacute;a de Andaluc&iacute;a previstas para el mes de febrero seg&uacute;n el calendario establecido. Adem&aacute;s, a lo largo de este mes se tiene previsto difundir las siguientes actividades: Estad&iacute;stica sobre Sociedades Mercantiles de Andaluc&iacute;a. A&ntilde;o 2015. Datos provisionales El Empleo de las Personas con Discapacidad. A&ntilde;o 2014 [&hellip;]<!-- AddThis Advanced Settings generic via filter on wp_trim_excerpt --><!-- AddThis Share Buttons generic via filter on wp_trim_excerpt --><\/p>\n","protected":false},"author":2,"featured_media":0,"comment_status":"open","ping_status":"open","sticky":false,"template":"","format":"standard","meta":{"_mi_skip_tracking":false},"categories":[2,1],"tags":[90],"_links":{"self":[{"href":"https:\/\/ws089.juntadeandalucia.es\/institutodeestadisticaycartografia\/blog\/wp-json\/wp\/v2\/posts\/5620"}],"collection":[{"href":"https:\/\/ws089.juntadeandalucia.es\/institutodeestadisticaycartografia\/blog\/wp-json\/wp\/v2\/posts"}],"about":[{"href":"https:\/\/ws089.juntadeandalucia.es\/institutodeestadisticaycartografia\/blog\/wp-json\/wp\/v2\/types\/post"}],"author":[{"embeddable":true,"href":"https:\/\/ws089.juntadeandalucia.es\/institutodeestadisticaycartografia\/blog\/wp-json\/wp\/v2\/users\/2"}],"replies":[{"embeddable":true,"href":"https:\/\/ws089.juntadeandalucia.es\/institutodeestadisticaycartografia\/blog\/wp-json\/wp\/v2\/comments?post=5620"}],"version-history":[{"count":7,"href":"https:\/\/ws089.juntadeandalucia.es\/institutodeestadisticaycartografia\/blog\/wp-json\/wp\/v2\/posts\/5620\/revisions"}],"predecessor-version":[{"id":5684,"href":"https:\/\/ws089.juntadeandalucia.es\/institutodeestadisticaycartografia\/blog\/wp-json\/wp\/v2\/posts\/5620\/revisions\/5684"}],"wp:attachment":[{"href":"https:\/\/ws089.juntadeandalucia.es\/institutodeestadisticaycartografia\/blog\/wp-json\/wp\/v2\/media?parent=5620"}],"wp:term":[{"taxonomy":"category","embeddable":true,"href":"https:\/\/ws089.juntadeandalucia.es\/institutodeestadisticaycartografia\/blog\/wp-json\/wp\/v2\/categories?post=5620"},{"taxonomy":"post_tag","embeddable":true,"href":"https:\/\/ws089.juntadeandalucia.es\/institutodeestadisticaycartografia\/blog\/wp-json\/wp\/v2\/tags?post=5620"}],"curies":[{"name":"wp","href":"https:\/\/api.w.org\/{rel}","templated":true}]}}