{"id":5529,"date":"2016-01-11T09:32:37","date_gmt":"2016-01-11T08:32:37","guid":{"rendered":"http:\/\/www.juntadeandalucia.es\/institutodeestadisticaycartografia\/blog\/?p=5529"},"modified":"2016-01-11T09:32:37","modified_gmt":"2016-01-11T08:32:37","slug":"y-la-agenda-de-enero-2","status":"publish","type":"post","link":"https:\/\/ws089.juntadeandalucia.es\/institutodeestadisticaycartografia\/blog\/2016\/01\/y-la-agenda-de-enero-2\/","title":{"rendered":"&#8230;Y la agenda de enero"},"content":{"rendered":"<p style=\"text-align: justify;\">\n\tEstas son las publicaciones del Instituto de Estad&iacute;stica y Cartograf&iacute;a de Andaluc&iacute;a previstas para el mes de enero seg&uacute;n el <a href=\"http:\/\/www.juntadeandalucia.es\/institutodeestadisticaycartografia\/ieagen\/calendario\/index.htm\">calendario<\/a> establecido.\n<\/p>\n<p>\n\t<a href=\"http:\/\/www.juntadeandalucia.es\/institutodeestadisticaycartografia\/blog\/wp-content\/uploads\/2016\/01\/enero2016.png\"><img alt=\"Calendario enero 2016\" class=\"alignnone size-full wp-image-5531\" src=\"http:\/\/www.juntadeandalucia.es\/institutodeestadisticaycartografia\/blog\/wp-content\/uploads\/2016\/01\/enero2016.png\" width=\"600\" srcset=\"https:\/\/ws089.juntadeandalucia.es\/institutodeestadisticaycartografia\/blog\/wp-content\/uploads\/2016\/01\/enero2016.png 752w, https:\/\/ws089.juntadeandalucia.es\/institutodeestadisticaycartografia\/blog\/wp-content\/uploads\/2016\/01\/enero2016-278x300.png 278w\" sizes=\"(max-width: 752px) 100vw, 752px\" \/><\/a>\n<\/p>\n<p>\n\tAdem&aacute;s, a lo largo de este mes se tiene previsto difundir las siguientes actividades:\n<\/p>\n<ul>\n<li>\n\t\t<a href=\"http:\/\/www.juntadeandalucia.es\/institutodeestadisticaycartografia\/cuentasProteccionSocial\/index.htm\" title=\"Cuentas Integradas de Protecci\u00f3n Social en Andaluc\u00eda. 2012-2013\">Cuentas Integradas de Protecci&oacute;n Social en Andaluc&iacute;a. 2012-2013<\/a>\n\t<\/li>\n<li>\n\t\t<a href=\"http:\/\/www.juntadeandalucia.es\/institutodeestadisticaycartografia\/sid\/index.htm\" title=\"Sistema de Informaci\u00f3n Demogr\u00e1fica de Andaluc\u00eda. A\u00f1o 2014. Datos definitivos\">Sistema de Informaci&oacute;n Demogr&aacute;fica de Andaluc&iacute;a. A&ntilde;o 2014. Datos definitivos<\/a>\n\t<\/li>\n<li>\n\t\t<a href=\"http:\/\/www.juntadeandalucia.es\/institutodeestadisticaycartografia\/eindus\/index.htm\" title=\"Encuesta Industrial Anual de Empresas. A\u00f1o 2014\">Encuesta Industrial Anual de Empresas. A&ntilde;o 2014<\/a>\n\t<\/li>\n<\/ul>\n<!-- AddThis Advanced Settings generic via filter on the_content --><!-- AddThis Share Buttons generic via filter on the_content -->","protected":false},"excerpt":{"rendered":"<p>Estas son las publicaciones del Instituto de Estad&iacute;stica y Cartograf&iacute;a de Andaluc&iacute;a previstas para el mes de enero seg&uacute;n el calendario establecido. Adem&aacute;s, a lo largo de este mes se tiene previsto difundir las siguientes actividades: Cuentas Integradas de Protecci&oacute;n Social en Andaluc&iacute;a. 2012-2013 Sistema de Informaci&oacute;n Demogr&aacute;fica de Andaluc&iacute;a. A&ntilde;o 2014. Datos definitivos Encuesta [&hellip;]<!-- AddThis Advanced Settings generic via filter on wp_trim_excerpt --><!-- AddThis Share Buttons generic via filter on wp_trim_excerpt --><\/p>\n","protected":false},"author":2,"featured_media":0,"comment_status":"open","ping_status":"open","sticky":false,"template":"","format":"standard","meta":{"_mi_skip_tracking":false},"categories":[2,1],"tags":[90],"_links":{"self":[{"href":"https:\/\/ws089.juntadeandalucia.es\/institutodeestadisticaycartografia\/blog\/wp-json\/wp\/v2\/posts\/5529"}],"collection":[{"href":"https:\/\/ws089.juntadeandalucia.es\/institutodeestadisticaycartografia\/blog\/wp-json\/wp\/v2\/posts"}],"about":[{"href":"https:\/\/ws089.juntadeandalucia.es\/institutodeestadisticaycartografia\/blog\/wp-json\/wp\/v2\/types\/post"}],"author":[{"embeddable":true,"href":"https:\/\/ws089.juntadeandalucia.es\/institutodeestadisticaycartografia\/blog\/wp-json\/wp\/v2\/users\/2"}],"replies":[{"embeddable":true,"href":"https:\/\/ws089.juntadeandalucia.es\/institutodeestadisticaycartografia\/blog\/wp-json\/wp\/v2\/comments?post=5529"}],"version-history":[{"count":6,"href":"https:\/\/ws089.juntadeandalucia.es\/institutodeestadisticaycartografia\/blog\/wp-json\/wp\/v2\/posts\/5529\/revisions"}],"predecessor-version":[{"id":5585,"href":"https:\/\/ws089.juntadeandalucia.es\/institutodeestadisticaycartografia\/blog\/wp-json\/wp\/v2\/posts\/5529\/revisions\/5585"}],"wp:attachment":[{"href":"https:\/\/ws089.juntadeandalucia.es\/institutodeestadisticaycartografia\/blog\/wp-json\/wp\/v2\/media?parent=5529"}],"wp:term":[{"taxonomy":"category","embeddable":true,"href":"https:\/\/ws089.juntadeandalucia.es\/institutodeestadisticaycartografia\/blog\/wp-json\/wp\/v2\/categories?post=5529"},{"taxonomy":"post_tag","embeddable":true,"href":"https:\/\/ws089.juntadeandalucia.es\/institutodeestadisticaycartografia\/blog\/wp-json\/wp\/v2\/tags?post=5529"}],"curies":[{"name":"wp","href":"https:\/\/api.w.org\/{rel}","templated":true}]}}