{"id":4761,"date":"2015-10-21T09:24:04","date_gmt":"2015-10-21T07:24:04","guid":{"rendered":"http:\/\/www.juntadeandalucia.es\/institutodeestadisticaycartografia\/blog\/?p=4761"},"modified":"2015-10-21T09:27:35","modified_gmt":"2015-10-21T07:27:35","slug":"comision-interdepartamental","status":"publish","type":"post","link":"https:\/\/ws089.juntadeandalucia.es\/institutodeestadisticaycartografia\/blog\/2015\/10\/comision-interdepartamental\/","title":{"rendered":"Los \u00f3rganos del Sistema Estad\u00edstico y Cartogr\u00e1fico andaluz: Comisi\u00f3n Interdepartamental Estad\u00edstica y Cartogr\u00e1fica"},"content":{"rendered":"<p style=\"text-align: justify;\">\n\tLa Comisi&oacute;n Interdepartamental Estad&iacute;stica y Cartogr&aacute;fica es el &oacute;rgano de direcci&oacute;n y coordinaci&oacute;n del Sistema Estad&iacute;stico y Cartogr&aacute;fico de Andaluc&iacute;a, adscrito a la Consejer&iacute;a de Econom&iacute;a y Conocimiento. Est&aacute; presidida por la persona titular de dicha Consejer&iacute;a, ocupando la vicepresidencia la persona titular del Instituto de Estad&iacute;stica y Cartograf&iacute;a de Andaluc&iacute;a. Los vocales son las personas que presiden la Comisi&oacute;n Estad&iacute;stica y Cartogr&aacute;fica en cada una de las Consejer&iacute;as.\n<\/p>\n<p style=\"text-align: justify;\">\n\tPor otro lado, la presidencia designa, entre el personal funcionario adscrito al Instituto de Estad&iacute;stica y Cartograf&iacute;a de Andaluc&iacute;a, la persona que ejerce la secretar&iacute;a, que tendr&aacute; voz, pero no voto.\n<\/p>\n<p>\n\t<a href=\"http:\/\/www.juntadeandalucia.es\/institutodeestadisticaycartografia\/blog\/wp-content\/uploads\/2015\/09\/ciec.png\"><img alt=\"Composici\u00f3n de la Comisi\u00f3n Interdepartamental Estad\u00edstica y Cartogr\u00e1fica\" class=\"alignnone size-full wp-image-4762\" src=\"http:\/\/www.juntadeandalucia.es\/institutodeestadisticaycartografia\/blog\/wp-content\/uploads\/2015\/09\/ciec.png\" width=\"600\" srcset=\"https:\/\/ws089.juntadeandalucia.es\/institutodeestadisticaycartografia\/blog\/wp-content\/uploads\/2015\/09\/ciec.png 1050w, https:\/\/ws089.juntadeandalucia.es\/institutodeestadisticaycartografia\/blog\/wp-content\/uploads\/2015\/09\/ciec-300x87.png 300w, https:\/\/ws089.juntadeandalucia.es\/institutodeestadisticaycartografia\/blog\/wp-content\/uploads\/2015\/09\/ciec-1024x297.png 1024w\" sizes=\"(max-width: 1050px) 100vw, 1050px\" \/><\/a>\n<\/p>\n<p style=\"text-align: justify;\">\n\t<span style=\"font-size:11px;\">Composici&oacute;n de la Comisi&oacute;n Interdepartamental Estad&iacute;stica y Cartogr&aacute;fica<\/span>\n<\/p>\n<p>\n\t<!--more-->\n<\/p>\n<p style=\"text-align: justify;\">\n\t<strong>&iquest;Cu&aacute;les son las funciones de este &oacute;rgano? <\/strong>\n<\/p>\n<p style=\"text-align: justify;\">\n\tLas funciones espec&iacute;ficas de este &oacute;rgano se recogen en el art&iacute;culo 28 y en la disposici&oacute;n adicional segunda de la Ley 4\/1989 de Estad&iacute;stica de la Comunidad Aut&oacute;noma de Andaluc&iacute;a (seg&uacute;n la modificaci&oacute;n introducida por la Ley 4\/2011). Estas son:\n<\/p>\n<ul>\n<li>\n\t\tDeterminar las l&iacute;neas de coordinaci&oacute;n del Sistema Estad&iacute;stico y Cartogr&aacute;fico de Andaluc&iacute;a y garantizar la ejecuci&oacute;n y desarrollo de los planes y programas estad&iacute;sticos y cartogr&aacute;ficos anuales.\n\t<\/li>\n<li>\n\t\tInformar el Anteproyecto de Ley del Plan Estad&iacute;stico y Cartogr&aacute;fico de Andaluc&iacute;a.\n\t<\/li>\n<li>\n\t\tAprobar la propuesta de los programas estad&iacute;sticos y cartogr&aacute;ficos anuales para su elevaci&oacute;n al Consejo de Gobierno.\n\t<\/li>\n<li>\n\t\tAprobar la memoria de la actividad del Sistema Estad&iacute;stico y Cartogr&aacute;fico de Andaluc&iacute;a elaborada por el Instituto de Estad&iacute;stica y Cartograf&iacute;a de Andaluc&iacute;a, para su remisi&oacute;n al Parlamento de Andaluc&iacute;a.\n\t<\/li>\n<li>\n\t\tEmitir los informes sobre cuestiones estad&iacute;sticas y cartogr&aacute;ficas que sean solicitados por el Consejo de Gobierno.\n\t<\/li>\n<li>\n\t\tFormular propuestas en materia estad&iacute;stica y cartogr&aacute;fica para su elevaci&oacute;n al Consejo de Gobierno.\n\t<\/li>\n<li>\n\t\tImpulsar que la informaci&oacute;n estad&iacute;stica y cartogr&aacute;fica contribuya al objetivo de la igualdad por raz&oacute;n de g&eacute;nero.\n\t<\/li>\n<li>\n\t\tImpulsar la ejecuci&oacute;n, seguimiento y evaluaci&oacute;n de la programaci&oacute;n anual.\n\t<\/li>\n<li>\n\t\tAsegurar el desarrollo, implantaci&oacute;n y mantenimiento de la Infraestructura de Datos Espaciales de Andaluc&iacute;a.\n\t<\/li>\n<li>\n\t\tAprobar las normas t&eacute;cnicas que regir&aacute;n la producci&oacute;n de la cartograf&iacute;a oficial de Andaluc&iacute;a.\n\t<\/li>\n<li>\n\t\tCualquier otra funci&oacute;n que se le atribuya.\n\t<\/li>\n<\/ul>\n<p>\n\t&nbsp;<\/p>\n<!-- AddThis Advanced Settings generic via filter on the_content --><!-- AddThis Share Buttons generic via filter on the_content -->","protected":false},"excerpt":{"rendered":"<p>La Comisi&oacute;n Interdepartamental Estad&iacute;stica y Cartogr&aacute;fica es el &oacute;rgano de direcci&oacute;n y coordinaci&oacute;n del Sistema Estad&iacute;stico y Cartogr&aacute;fico de Andaluc&iacute;a, adscrito a la Consejer&iacute;a de Econom&iacute;a y Conocimiento. Est&aacute; presidida por la persona titular de dicha Consejer&iacute;a, ocupando la vicepresidencia la persona titular del Instituto de Estad&iacute;stica y Cartograf&iacute;a de Andaluc&iacute;a. Los vocales son las [&hellip;]<!-- AddThis Advanced Settings generic via filter on wp_trim_excerpt --><!-- AddThis Share Buttons generic via filter on wp_trim_excerpt --><\/p>\n","protected":false},"author":2,"featured_media":0,"comment_status":"open","ping_status":"open","sticky":false,"template":"","format":"standard","meta":{"_mi_skip_tracking":false},"categories":[2,1],"tags":[220,56,221],"_links":{"self":[{"href":"https:\/\/ws089.juntadeandalucia.es\/institutodeestadisticaycartografia\/blog\/wp-json\/wp\/v2\/posts\/4761"}],"collection":[{"href":"https:\/\/ws089.juntadeandalucia.es\/institutodeestadisticaycartografia\/blog\/wp-json\/wp\/v2\/posts"}],"about":[{"href":"https:\/\/ws089.juntadeandalucia.es\/institutodeestadisticaycartografia\/blog\/wp-json\/wp\/v2\/types\/post"}],"author":[{"embeddable":true,"href":"https:\/\/ws089.juntadeandalucia.es\/institutodeestadisticaycartografia\/blog\/wp-json\/wp\/v2\/users\/2"}],"replies":[{"embeddable":true,"href":"https:\/\/ws089.juntadeandalucia.es\/institutodeestadisticaycartografia\/blog\/wp-json\/wp\/v2\/comments?post=4761"}],"version-history":[{"count":7,"href":"https:\/\/ws089.juntadeandalucia.es\/institutodeestadisticaycartografia\/blog\/wp-json\/wp\/v2\/posts\/4761\/revisions"}],"predecessor-version":[{"id":5013,"href":"https:\/\/ws089.juntadeandalucia.es\/institutodeestadisticaycartografia\/blog\/wp-json\/wp\/v2\/posts\/4761\/revisions\/5013"}],"wp:attachment":[{"href":"https:\/\/ws089.juntadeandalucia.es\/institutodeestadisticaycartografia\/blog\/wp-json\/wp\/v2\/media?parent=4761"}],"wp:term":[{"taxonomy":"category","embeddable":true,"href":"https:\/\/ws089.juntadeandalucia.es\/institutodeestadisticaycartografia\/blog\/wp-json\/wp\/v2\/categories?post=4761"},{"taxonomy":"post_tag","embeddable":true,"href":"https:\/\/ws089.juntadeandalucia.es\/institutodeestadisticaycartografia\/blog\/wp-json\/wp\/v2\/tags?post=4761"}],"curies":[{"name":"wp","href":"https:\/\/api.w.org\/{rel}","templated":true}]}}