{"id":2838,"date":"2014-12-10T12:08:16","date_gmt":"2014-12-10T11:08:16","guid":{"rendered":"http:\/\/www.juntadeandalucia.es\/institutodeestadisticaycartografia\/blog\/?p=2838"},"modified":"2015-01-15T12:59:00","modified_gmt":"2015-01-15T11:59:00","slug":"visualizacion-por-primera-vez-de-informacion-sobre-afiliados-en-cuadriculas-de-250x250-metros","status":"publish","type":"post","link":"https:\/\/ws089.juntadeandalucia.es\/institutodeestadisticaycartografia\/blog\/2014\/12\/visualizacion-por-primera-vez-de-informacion-sobre-afiliados-en-cuadriculas-de-250x250-metros\/","title":{"rendered":"Visualizaci\u00f3n por primera vez de informaci\u00f3n sobre afiliados en cuadr\u00edculas de 250&#215;250 metros"},"content":{"rendered":"<p style=\"text-align: justify;\">\n\tHace un a&ntilde;o, el Instituto de Estad&iacute;stica y Cartograf&iacute;a de Andaluc&iacute;a (IECA) public&oacute; la primera edici&oacute;n de la <a href=\"http:\/\/www.juntadeandalucia.es\/institutodeestadisticaycartografia\/distribucionpob\/\" target=\"_Blank\">Distribuci&oacute;n espacial de la poblaci&oacute;n en Andaluc&iacute;a<\/a> con la finalidad de poner a disposici&oacute;n de la sociedad el primer documento de cartograf&iacute;a tem&aacute;tica en la que visualizar con gran nivel de detalle la distribuci&oacute;n territorial de las variables fundamentales de la poblaci&oacute;n.\n<\/p>\n<p style=\"text-align: justify;\">\n\tHoy, consolidando esta l&iacute;nea de trabajo, el IECA incorpora m&aacute;s informaci&oacute;n: la procedente de las cuentas de cotizaci&oacute;n a la Seguridad Social de Andaluc&iacute;a. Esta nueva edici&oacute;n ofrece, igualmente, una actualizaci&oacute;n de la poblaci&oacute;n residente en Andaluc&iacute;a a 1 de enero de 2013.\n<\/p>\n<p>\n\t<!--more-->\n<\/p>\n<p style=\"text-align: justify;\">\n\tLos resultados de este trabajo pueden verse a trav&eacute;s de un visualizador cartogr&aacute;fico en <a href=\"http:\/\/www.juntadeandalucia.es\/institutodeestadisticaycartografia\/bd\/GRIDvisor\/\" target=\"_Blank\">http:\/\/www.juntadeandalucia.es\/institutodeestadisticaycartografia\/bd\/GRIDvisor\/<\/a>, y, a su vez, est&aacute;n disponibles para su descarga como datos espaciales dentro de la colecci&oacute;n <em>Datos Espaciales de Referencia de Andaluc&iacute;a (DERA)<\/em>.\n<\/p>\n<p style=\"text-align: justify;\">\n\tLa publicaci&oacute;n relaciona el territorio y la poblaci&oacute;n que habita en &eacute;l a trav&eacute;s de la georreferenciaci&oacute;n de toda la poblaci&oacute;n residente en Andaluc&iacute;a, de acuerdo con la informaci&oacute;n administrativa incorporada en la Base de Datos Longitudinal de Poblaci&oacute;n de Andaluc&iacute;a (BDLPA). De esta manera, se vinculan las variables socio-demogr&aacute;ficas disponibles del individuo con su lugar de residencia, georreferenciando este &uacute;ltimo en el territorio. Esta operaci&oacute;n de georreferenciaci&oacute;n del lugar de residencia permite obtener informaci&oacute;n precisa sobre la distribuci&oacute;n territorial de la poblaci&oacute;n total, poblaci&oacute;n por grupos de edad, poblaci&oacute;n por nacionalidades y seg&uacute;n afiliaci&oacute;n a la Seguridad Social.\n<\/p>\n<p style=\"text-align: justify;\">\n\tPara ello, se ha &ldquo;particionado&rdquo; todo el territorio de la comunidad andaluza en una malla de celdas uniformes de 250 m de lado, siguiendo los est&aacute;ndares europeos. La informaci&oacute;n geolocalizada se ha agregado en las diferentes celdas de esta malla regular, con el fin de ofrecer la m&aacute;xima desagregaci&oacute;n territorial de la informaci&oacute;n y proteger, a la vez, la confidencialidad de la informaci&oacute;n estad&iacute;stica. Este sistema de representaci&oacute;n por celdas uniformes responde a un modelo normalizado en el marco de la UE, lo cual favorece la comparabilidad y capacidad de integraci&oacute;n con otras regiones, as&iacute; como con otras variables cuyos modelos de representaci&oacute;n sigan estos est&aacute;ndares.\n<\/p>\n<p style=\"text-align: justify;\">\n\tLa malla regular est&aacute; formada por 1.416.093 celdas con las que se cubren los m&aacute;s de 87.000 km2 que ocupa el territorio andaluz. De &eacute;stas, s&oacute;lo 48.187 cuentan con al menos un habitante, es decir, el 3,4% del total de las celdas.\n<\/p>\n<p style=\"text-align: justify;\">\n\tLa ocupaci&oacute;n de las celdas presenta un alto rango de variaci&oacute;n, registr&aacute;ndose un n&uacute;mero elevado de celdas escasamente pobladas (con menos de 10 habitantes), lo que supone el 34,5% del total de celdas habitadas, frente a 1.788 celdas densamente pobladas con valores superiores a los 1.000 habitantes. De estas &uacute;ltimas, las m&aacute;s pobladas, con m&aacute;s de 4.000 habitantes, se encuentran en las ciudades de C&aacute;diz y M&aacute;laga, concretamente en la zona de Segunda Aguada en la primera y en la zona de la carretera de C&aacute;diz en la ciudad de M&aacute;laga.\n<\/p>\n<p style=\"text-align: justify;\">\n\tEn lo que respecta a los datos provenientes de la afiliaci&oacute;n a la Seguridad Social, se observa que, en l&iacute;neas generales, la mayor presencia de personas afiliadas a la Seguridad Social en alta laboral en Andaluc&iacute;a se localiza en las celdas m&aacute;s pobladas. De este modo, las celdas con m&aacute;s de 1.000 afiliados coinciden con las mencionadas anteriormente de C&aacute;diz y M&aacute;laga, a&ntilde;adi&eacute;ndose alguna del barrio de la capital sevillana Pino Montano.\n<\/p>\n<p>\n\t<strong>Distribuci&oacute;n de la afiliaci&oacute;n a la Seguridad Social seg&uacute;n relaci&oacute;n laboral en M&aacute;laga capital<\/strong>\n<\/p>\n<p style=\"text-align: justify;\">\n\t<a href=\"http:\/\/www.juntadeandalucia.es\/institutodeestadisticaycartografia\/blog\/wp-content\/uploads\/2014\/12\/mapAfiliados.png\"><img alt=\"mapAfiliados\" class=\"alignnone size-full wp-image-2840\" src=\"http:\/\/www.juntadeandalucia.es\/institutodeestadisticaycartografia\/blog\/wp-content\/uploads\/2014\/12\/mapAfiliados.png\" width=\"600\" srcset=\"https:\/\/ws089.juntadeandalucia.es\/institutodeestadisticaycartografia\/blog\/wp-content\/uploads\/2014\/12\/mapAfiliados.png 939w, https:\/\/ws089.juntadeandalucia.es\/institutodeestadisticaycartografia\/blog\/wp-content\/uploads\/2014\/12\/mapAfiliados-300x159.png 300w\" sizes=\"(max-width: 939px) 100vw, 939px\" \/><\/a>\n<\/p>\n<p style=\"text-align: justify;\">\n\tA su vez, la relaci&oacute;n entre el n&uacute;mero de afiliados y la poblaci&oacute;n en edad de trabajar en cada una de las celdas revela ciertas pautas espaciales: las zonas con una relaci&oacute;n m&aacute;s alta, de m&aacute;s del 50%, se localizan en aglomeraciones urbanas, concretamente en los grandes barrios de expansi&oacute;n reciente con una fuerte presencia de poblaci&oacute;n en edad de trabajar. Este es el caso de Sevilla Este y Los Bermejales en Sevilla, Teatinos en M&aacute;laga, o Torreblanca-Do&ntilde;a Manuela y Parque Figueroa-Huerta de los Pavos en C&oacute;rdoba.\n<\/p>\n<p style=\"text-align: justify;\">\n\tAsimismo, la proporci&oacute;n de personas afiliadas por cuenta propia permite reconocer en el territorio patrones de polarizaci&oacute;n socioespacial, al identificarse &aacute;reas con celdas en las que este colectivo representa m&aacute;s del 40% del total de afiliados. Algunos ejemplos de esta pauta se dan en las zonas de Santa Clara, La Palmera-Reina Mercedes, Zaud&iacute;n y La Motilla en Sevilla, Vistahermosa en la Bah&iacute;a de C&aacute;diz, El Brillante en C&oacute;rdoba y en la costa del Sol, destacando El Limonar y Cerrado Calder&oacute;n en M&aacute;laga capital.\n<\/p>\n<p style=\"text-align: justify;\">\n\tEl IECA contin&uacute;a con este trabajo la l&iacute;nea de producci&oacute;n de informaci&oacute;n que aprovecha el potencial de la integraci&oacute;n de la estad&iacute;stica, la cartograf&iacute;a y la explotaci&oacute;n de registros administrativos. En ediciones futuras se integrar&aacute; informaci&oacute;n relativa a educaci&oacute;n, empleo, etc., todo ello a partir del aprovechamiento de las fuentes administrativas existentes.<\/p>\n<!-- AddThis Advanced Settings generic via filter on the_content --><!-- AddThis Share Buttons generic via filter on the_content -->","protected":false},"excerpt":{"rendered":"<p>Hace un a&ntilde;o, el Instituto de Estad&iacute;stica y Cartograf&iacute;a de Andaluc&iacute;a (IECA) public&oacute; la primera edici&oacute;n de la Distribuci&oacute;n espacial de la poblaci&oacute;n en Andaluc&iacute;a con la finalidad de poner a disposici&oacute;n de la sociedad el primer documento de cartograf&iacute;a tem&aacute;tica en la que visualizar con gran nivel de detalle la distribuci&oacute;n territorial de las [&hellip;]<!-- AddThis Advanced Settings generic via filter on wp_trim_excerpt --><!-- AddThis Share Buttons generic via filter on wp_trim_excerpt --><\/p>\n","protected":false},"author":2,"featured_media":0,"comment_status":"open","ping_status":"open","sticky":false,"template":"","format":"standard","meta":{"_mi_skip_tracking":false},"categories":[2,1],"tags":[132,311,206,19,125],"_links":{"self":[{"href":"https:\/\/ws089.juntadeandalucia.es\/institutodeestadisticaycartografia\/blog\/wp-json\/wp\/v2\/posts\/2838"}],"collection":[{"href":"https:\/\/ws089.juntadeandalucia.es\/institutodeestadisticaycartografia\/blog\/wp-json\/wp\/v2\/posts"}],"about":[{"href":"https:\/\/ws089.juntadeandalucia.es\/institutodeestadisticaycartografia\/blog\/wp-json\/wp\/v2\/types\/post"}],"author":[{"embeddable":true,"href":"https:\/\/ws089.juntadeandalucia.es\/institutodeestadisticaycartografia\/blog\/wp-json\/wp\/v2\/users\/2"}],"replies":[{"embeddable":true,"href":"https:\/\/ws089.juntadeandalucia.es\/institutodeestadisticaycartografia\/blog\/wp-json\/wp\/v2\/comments?post=2838"}],"version-history":[{"count":5,"href":"https:\/\/ws089.juntadeandalucia.es\/institutodeestadisticaycartografia\/blog\/wp-json\/wp\/v2\/posts\/2838\/revisions"}],"predecessor-version":[{"id":2844,"href":"https:\/\/ws089.juntadeandalucia.es\/institutodeestadisticaycartografia\/blog\/wp-json\/wp\/v2\/posts\/2838\/revisions\/2844"}],"wp:attachment":[{"href":"https:\/\/ws089.juntadeandalucia.es\/institutodeestadisticaycartografia\/blog\/wp-json\/wp\/v2\/media?parent=2838"}],"wp:term":[{"taxonomy":"category","embeddable":true,"href":"https:\/\/ws089.juntadeandalucia.es\/institutodeestadisticaycartografia\/blog\/wp-json\/wp\/v2\/categories?post=2838"},{"taxonomy":"post_tag","embeddable":true,"href":"https:\/\/ws089.juntadeandalucia.es\/institutodeestadisticaycartografia\/blog\/wp-json\/wp\/v2\/tags?post=2838"}],"curies":[{"name":"wp","href":"https:\/\/api.w.org\/{rel}","templated":true}]}}