{"id":1486,"date":"2014-05-23T12:32:25","date_gmt":"2014-05-23T10:32:25","guid":{"rendered":"http:\/\/www.juntadeandalucia.es\/institutodeestadisticaycartografia\/blog\/?p=1486"},"modified":"2014-05-23T12:32:25","modified_gmt":"2014-05-23T10:32:25","slug":"antonio-y-maria-del-carmen-nombres-mas-comunes-entre-la-poblacion-andaluza","status":"publish","type":"post","link":"https:\/\/ws089.juntadeandalucia.es\/institutodeestadisticaycartografia\/blog\/2014\/05\/antonio-y-maria-del-carmen-nombres-mas-comunes-entre-la-poblacion-andaluza\/","title":{"rendered":"Antonio y Mar\u00eda del Carmen, nombres m\u00e1s comunes entre la  poblaci\u00f3n andaluza"},"content":{"rendered":"<p style=\"margin-bottom: 0.28cm; line-height: 125%\">\n\t<font color=\"#000000\"><font face=\"Arial, sans-serif\"><font size=\"2\">Un a&ntilde;o m&aacute;s, los nombres m&aacute;s comunes entre los andaluces y andaluzas son Antonio y Mar&iacute;a del Carmen, seg&uacute;n la<a href=\"http:\/\/www.juntadeandalucia.es\/institutodeestadisticaycartografia\/nombresyapellidos\/index.htm\" target=\"_blank\"> <i>Estad&iacute;stica de nombres y apellidos de los andaluces<\/i> <\/a>con referencia a 1 de enero de 2014 que publica hoy el Instituto de Estad&iacute;stica y Cartograf&iacute;a de Andaluc&iacute;a. La edad media de las personas con estos nombres se sit&uacute;a por encima de los 47 a&ntilde;os.<\/font><\/font><\/font>\n<\/p>\n<p style=\"margin-bottom: 0.28cm; line-height: 125%\">\n\t<a href=\"http:\/\/www.juntadeandalucia.es\/institutodeestadisticaycartografia\/blog\/wp-content\/uploads\/2014\/05\/grafico12.png\"><img loading=\"lazy\" alt=\"grafico1\" class=\"alignnone size-full wp-image-1487\" height=\"288\" src=\"http:\/\/www.juntadeandalucia.es\/institutodeestadisticaycartografia\/blog\/wp-content\/uploads\/2014\/05\/grafico12.png\" width=\"600\" srcset=\"https:\/\/ws089.juntadeandalucia.es\/institutodeestadisticaycartografia\/blog\/wp-content\/uploads\/2014\/05\/grafico12.png 600w, https:\/\/ws089.juntadeandalucia.es\/institutodeestadisticaycartografia\/blog\/wp-content\/uploads\/2014\/05\/grafico12-300x144.png 300w\" sizes=\"(max-width: 600px) 100vw, 600px\" \/><\/a>\n<\/p>\n<p>\n\t<!--more-->\n<\/p>\n<p style=\"margin-bottom: 0.28cm; line-height: 125%\">\n\t<font color=\"#000000\"><font face=\"Arial, sans-serif\"><font size=\"2\">De los cinco nombres m&aacute;s frecuentes por sexo, todos experimentan un aumento de su edad media a excepci&oacute;n de Mar&iacute;a, que es adem&aacute;s el nombre de mujer m&aacute;s utilizado en las ni&ntilde;as nacidas durante 2013. Antonio es el nombre masculino m&aacute;s frecuente en las cinco provincias m&aacute;s orientales, siendo Manuel el m&aacute;s empleado en el resto. En mujeres, Mar&iacute;a es el m&aacute;s empleado en cuatro de las provincias y Mar&iacute;a del Carmen en las otras cuatro, si bien no hay evidencia de un patr&oacute;n geogr&aacute;fico claro. <\/font><\/font><\/font>\n<\/p>\n<p style=\"margin-bottom: 0.28cm; line-height: 125%\">\n\t<font color=\"#000000\"><font face=\"Arial, sans-serif\"><font size=\"2\">Separando los nombres m&aacute;s frecuentes por grupos de edad, se observan patrones claramente diferentes. Mar&iacute;a es el nombre de mujer m&aacute;s utilizado tanto en las generaciones de menores como en las de mayores, siendo junto con Carmen los &uacute;nicos nombres que permanecen presentes en la lista de 10 m&aacute;s frecuentes en todos los grupos de edad.<\/font><\/font><\/font>\n<\/p>\n<p style=\"margin-bottom: 0.28cm; line-height: 125%\">\n\t<font color=\"#000000\"><font face=\"Arial, sans-serif\"><font size=\"2\">En el caso de los hombres, en cada grupo de edad var&iacute;an las tendencias, siendo Alejandro, Antonio y Jos&eacute; los nombres m&aacute;s frecuentes en los ni&ntilde;os, adultos y mayores, respectivamente. En la lista de 10 nombres m&aacute;s frecuentes &uacute;nicamente Antonio y Manuel se mantienen a trav&eacute;s de todas las generaciones, si bien su frecuencia se reduce en las generaciones m&aacute;s j&oacute;venes.<\/font><\/font><\/font>\n<\/p>\n<p style=\"margin-bottom: 0.28cm; line-height: 125%\">\n\t<font color=\"#000000\"><font face=\"Arial, sans-serif\"><font size=\"2\">Cabe rese&ntilde;ar que en las edades intermedias (nacidos entre 1949 y 1995) es mucho m&aacute;s habitual el uso de los nombres compuestos. As&iacute;, mientras en los 10 primeros nombres de las generaciones m&aacute;s j&oacute;venes no aparece ning&uacute;n nombre compuesto (tanto en hombres como en mujeres), en la generaci&oacute;n de adultos aparecen 4 en hombres y otros 4 en mujeres. Y en las generaciones de mayores solo aparece Mar&iacute;a del Carmen como &uacute;nico nombre compuesto frecuente.<\/font><\/font><\/font>\n<\/p>\n<p style=\"margin-bottom: 0.28cm; line-height: 125%\">\n\t<font color=\"#000000\"><font face=\"Arial, sans-serif\"><font size=\"2\">Antonio es el nombre masculino m&aacute;s frecuente en la zona oriental, destacando en las provincias de Almer&iacute;a, C&oacute;rdoba, Ja&eacute;n, Granada y M&aacute;laga, aunque con distinta intensidad. Por ejemplo, mientras en C&oacute;rdoba al menos 7 de cada 100 hombres se llaman Antonio, en Almer&iacute;a es la mitad. Finalmente, Manuel es el nombre masculino predominante en las restantes provincias.<\/font><\/font><\/font>\n<\/p>\n<p style=\"margin-bottom: 0.28cm; line-height: 125%\">\n\t<font color=\"#000000\"><font face=\"Arial, sans-serif\"><font size=\"2\">En mujeres, el nombre m&aacute;s frecuente de cada provincia alcanza un porcentaje similar (en torno al 4%), siendo Mar&iacute;a el m&aacute;s empleado en Almer&iacute;a, Huelva, Ja&eacute;n y M&aacute;laga, mientras que Mar&iacute;a del Carmen lo es en C&aacute;diz, C&oacute;rdoba, Granada y Sevilla.<\/font><\/font><\/font>\n<\/p>\n<p style=\"margin-bottom: 0.28cm; line-height: 125%\">\n\t<font color=\"#000000\"><font face=\"Arial, sans-serif\"><font size=\"2\">En lo relativo a los apellidos, Garc&iacute;a sigue siendo el apellido mayoritario entre la poblaci&oacute;n andaluza con un 6,49%, si bien no es predominante en todo el territorio, ya que Mart&iacute;nez destaca en la parte m&aacute;s oriental de Andaluc&iacute;a (2,72%) y Rodr&iacute;guez en la occidental (2,75%).<\/font><\/font><\/font><\/p>\n<!-- AddThis Advanced Settings generic via filter on the_content --><!-- AddThis Share Buttons generic via filter on the_content -->","protected":false},"excerpt":{"rendered":"<p>Un a&ntilde;o m&aacute;s, los nombres m&aacute;s comunes entre los andaluces y andaluzas son Antonio y Mar&iacute;a del Carmen, seg&uacute;n la Estad&iacute;stica de nombres y apellidos de los andaluces con referencia a 1 de enero de 2014 que publica hoy el Instituto de Estad&iacute;stica y Cartograf&iacute;a de Andaluc&iacute;a. La edad media de las personas con estos [&hellip;]<!-- AddThis Advanced Settings generic via filter on wp_trim_excerpt --><!-- AddThis Share Buttons generic via filter on wp_trim_excerpt --><\/p>\n","protected":false},"author":2,"featured_media":0,"comment_status":"open","ping_status":"open","sticky":false,"template":"","format":"standard","meta":{"_mi_skip_tracking":false},"categories":[1],"tags":[],"_links":{"self":[{"href":"https:\/\/ws089.juntadeandalucia.es\/institutodeestadisticaycartografia\/blog\/wp-json\/wp\/v2\/posts\/1486"}],"collection":[{"href":"https:\/\/ws089.juntadeandalucia.es\/institutodeestadisticaycartografia\/blog\/wp-json\/wp\/v2\/posts"}],"about":[{"href":"https:\/\/ws089.juntadeandalucia.es\/institutodeestadisticaycartografia\/blog\/wp-json\/wp\/v2\/types\/post"}],"author":[{"embeddable":true,"href":"https:\/\/ws089.juntadeandalucia.es\/institutodeestadisticaycartografia\/blog\/wp-json\/wp\/v2\/users\/2"}],"replies":[{"embeddable":true,"href":"https:\/\/ws089.juntadeandalucia.es\/institutodeestadisticaycartografia\/blog\/wp-json\/wp\/v2\/comments?post=1486"}],"version-history":[{"count":5,"href":"https:\/\/ws089.juntadeandalucia.es\/institutodeestadisticaycartografia\/blog\/wp-json\/wp\/v2\/posts\/1486\/revisions"}],"predecessor-version":[{"id":1492,"href":"https:\/\/ws089.juntadeandalucia.es\/institutodeestadisticaycartografia\/blog\/wp-json\/wp\/v2\/posts\/1486\/revisions\/1492"}],"wp:attachment":[{"href":"https:\/\/ws089.juntadeandalucia.es\/institutodeestadisticaycartografia\/blog\/wp-json\/wp\/v2\/media?parent=1486"}],"wp:term":[{"taxonomy":"category","embeddable":true,"href":"https:\/\/ws089.juntadeandalucia.es\/institutodeestadisticaycartografia\/blog\/wp-json\/wp\/v2\/categories?post=1486"},{"taxonomy":"post_tag","embeddable":true,"href":"https:\/\/ws089.juntadeandalucia.es\/institutodeestadisticaycartografia\/blog\/wp-json\/wp\/v2\/tags?post=1486"}],"curies":[{"name":"wp","href":"https:\/\/api.w.org\/{rel}","templated":true}]}}