{"id":14028,"date":"2023-05-09T11:08:20","date_gmt":"2023-05-09T09:08:20","guid":{"rendered":"https:\/\/ws089.juntadeandalucia.es\/institutodeestadisticaycartografia\/blog\/?p=14028"},"modified":"2023-05-09T13:42:25","modified_gmt":"2023-05-09T11:42:25","slug":"aumenta-un-265-el-numero-de-turistas-que-visito-andalucia-en-el-primer-trimestre-del-ano","status":"publish","type":"post","link":"https:\/\/ws089.juntadeandalucia.es\/institutodeestadisticaycartografia\/blog\/2023\/05\/aumenta-un-265-el-numero-de-turistas-que-visito-andalucia-en-el-primer-trimestre-del-ano\/","title":{"rendered":"Aumenta un 26,5% el n\u00famero de turistas que visit\u00f3 Andaluc\u00eda en el primer trimestre del a\u00f1o"},"content":{"rendered":"<p style=\"text-align: justify;\">El n\u00famero de turistas que visit\u00f3 Andaluc\u00eda en el primer trimestre de 2023 super\u00f3 los cinco millones ochocientos mil, seg\u00fan los resultados de la <a href=\"http:\/\/www.juntadeandalucia.es\/institutodeestadisticaycartografia\/turismo\/index.htm\" target=\"_blank\" rel=\"noopener\">Encuesta de Coyuntura Tur\u00edstica de Andaluc\u00eda<\/a> que realiza trimestralmente el Instituto de Estad\u00edstica y Cartograf\u00eda de Andaluc\u00eda, lo que supone un aumento de un 26,5% con respecto al mismo trimestre del a\u00f1o anterior.<\/p>\n<p class=\"titgraf\" style=\"text-align: center;\"><strong>Evoluci\u00f3n del n\u00famero de turistas en Andaluc\u00eda (millones)<\/strong><br \/>\n<a href=\"https:\/\/ws089.juntadeandalucia.es\/institutodeestadisticaycartografia\/blog\/wp-content\/uploads\/2023\/05\/ecta-1.jpg\"><img class=\"alignnone size-full wp-image-14029\" src=\"https:\/\/ws089.juntadeandalucia.es\/institutodeestadisticaycartografia\/blog\/wp-content\/uploads\/2023\/05\/ecta-1.jpg\" alt=\"Evoluci\u00f3n del n\u00famero de turistas en Andaluc\u00eda (millones)\" width=\"620\" srcset=\"https:\/\/ws089.juntadeandalucia.es\/institutodeestadisticaycartografia\/blog\/wp-content\/uploads\/2023\/05\/ecta-1.jpg 630w, https:\/\/ws089.juntadeandalucia.es\/institutodeestadisticaycartografia\/blog\/wp-content\/uploads\/2023\/05\/ecta-1-300x119.jpg 300w\" sizes=\"(max-width: 630px) 100vw, 630px\" \/><\/a><\/p>\n<p><!--more--><\/p>\n<p style=\"text-align: justify;\">Durante este per\u00edodo, de los turistas que visitaron Andaluc\u00eda, el 37,4% eran andaluces, el 26,9% eran del resto de Espa\u00f1a, el 26,1% proced\u00edan de la UE (excluida Espa\u00f1a) y el 9,6% del resto del mundo.<\/p>\n<p style=\"text-align: justify;\">El 85,3% de los turistas que visitaron Andaluc\u00eda lo hicieron por vacaciones, el 8,5% para visitar a familiares y amigos, el 4,3% por trabajo o negocios y el 1,9% restante alegaron otras motivaciones.<\/p>\n<p style=\"text-align: justify;\">En el primer trimestre de 2023, el 66,8% de los viajeros se aloj\u00f3 en establecimientos hoteleros, mientras que el 27,4% utiliz\u00f3 apartamento, piso o chalet. Por otra parte, la estancia media, o n\u00famero de d\u00edas que por t\u00e9rmino medio permanece un turista en Andaluc\u00eda, se situ\u00f3 en 6,0 d\u00edas, un 7,1% m\u00e1s que un a\u00f1o antes, lo que supone 0,4 d\u00edas m\u00e1s.<\/p>\n<p class=\"titgraf\" style=\"text-align: center;\"><strong>Evoluci\u00f3n de la estancia media en Andaluc\u00eda (d\u00edas)<\/strong><br \/>\n<a href=\"https:\/\/ws089.juntadeandalucia.es\/institutodeestadisticaycartografia\/blog\/wp-content\/uploads\/2023\/05\/ecta-2.jpg\"><img loading=\"lazy\" class=\"alignnone size-full wp-image-14030\" src=\"https:\/\/ws089.juntadeandalucia.es\/institutodeestadisticaycartografia\/blog\/wp-content\/uploads\/2023\/05\/ecta-2.jpg\" alt=\"Evoluci\u00f3n de la estancia media en Andaluc\u00eda (d\u00edas)\" width=\"618\" height=\"249\" srcset=\"https:\/\/ws089.juntadeandalucia.es\/institutodeestadisticaycartografia\/blog\/wp-content\/uploads\/2023\/05\/ecta-2.jpg 618w, https:\/\/ws089.juntadeandalucia.es\/institutodeestadisticaycartografia\/blog\/wp-content\/uploads\/2023\/05\/ecta-2-300x121.jpg 300w\" sizes=\"(max-width: 618px) 100vw, 618px\" \/><\/a><\/p>\n<p style=\"text-align: justify;\">En cuanto a la distribuci\u00f3n de los turistas por provincias, M\u00e1laga concentr\u00f3 el 27,2% de los mismos, seguida de Sevilla (18,6%), Granada (18,1%) y C\u00e1diz (13,1%).<\/p>\n<p class=\"titgraf\" style=\"text-align: center;\"><strong>Distribuci\u00f3n porcentual de los turistas por provincia<\/strong><br \/>\n<a href=\"https:\/\/ws089.juntadeandalucia.es\/institutodeestadisticaycartografia\/blog\/wp-content\/uploads\/2023\/05\/ecta-3.jpg\"><img class=\"alignnone size-full wp-image-14031\" src=\"https:\/\/ws089.juntadeandalucia.es\/institutodeestadisticaycartografia\/blog\/wp-content\/uploads\/2023\/05\/ecta-3.jpg\" alt=\"Distribuci\u00f3n porcentual de los turistas por provincia\" width=\"620\" srcset=\"https:\/\/ws089.juntadeandalucia.es\/institutodeestadisticaycartografia\/blog\/wp-content\/uploads\/2023\/05\/ecta-3.jpg 623w, https:\/\/ws089.juntadeandalucia.es\/institutodeestadisticaycartografia\/blog\/wp-content\/uploads\/2023\/05\/ecta-3-300x187.jpg 300w\" sizes=\"(max-width: 623px) 100vw, 623px\" \/><\/a><\/p>\n<p style=\"text-align: justify;\">El gasto medio diario que realizaron los turistas en Andaluc\u00eda en el primer trimestre se estima en 74,32 euros por turista, un 9,5% superior al del mismo trimestre del a\u00f1o anterior. La procedencia del turista establece diferencias en este gasto, que var\u00eda desde los 59,76 euros que gastaron los turistas andaluces hasta los 96,47 euros que gastaron los procedentes del resto del mundo.<\/p>\n<p class=\"titgraf\" style=\"text-align: center;\"><strong>Gasto medio diario seg\u00fan procedencia (euros)<\/strong><br \/>\n<a href=\"https:\/\/ws089.juntadeandalucia.es\/institutodeestadisticaycartografia\/blog\/wp-content\/uploads\/2023\/05\/ecta-4.jpg\"><img class=\"alignnone size-full wp-image-14032\" src=\"https:\/\/ws089.juntadeandalucia.es\/institutodeestadisticaycartografia\/blog\/wp-content\/uploads\/2023\/05\/ecta-4.jpg\" alt=\"Gasto medio diario seg\u00fan procedencia (euros)\" width=\"620\" srcset=\"https:\/\/ws089.juntadeandalucia.es\/institutodeestadisticaycartografia\/blog\/wp-content\/uploads\/2023\/05\/ecta-4.jpg 631w, https:\/\/ws089.juntadeandalucia.es\/institutodeestadisticaycartografia\/blog\/wp-content\/uploads\/2023\/05\/ecta-4-300x134.jpg 300w\" sizes=\"(max-width: 631px) 100vw, 631px\" \/><\/a><\/p>\n<p style=\"text-align: justify;\">En cuanto a la valoraci\u00f3n de uno a diez del viaje realizado, los turistas que visitaron Andaluc\u00eda durante el trimestre concedieron un 8,4 a su estancia en la regi\u00f3n. Las provincias m\u00e1s valoradas fueron Sevilla (8,8), C\u00e1diz (8,7) y C\u00f3rdoba (8,6). Los aspectos mejor valorados por los visitantes fueron los relacionados con los paisajes y parques naturales, la atenci\u00f3n y el trato, el patrimonio cultural y la seguridad.<\/p>\n<p class=\"titgraf\" style=\"text-align: center;\"><strong>Calificaci\u00f3n del viaje por provincia (sobre 10 puntos)<\/strong><br \/>\n<a href=\"https:\/\/ws089.juntadeandalucia.es\/institutodeestadisticaycartografia\/blog\/wp-content\/uploads\/2023\/05\/ecta-5.jpg\"><img loading=\"lazy\" class=\"alignnone size-full wp-image-14033\" src=\"https:\/\/ws089.juntadeandalucia.es\/institutodeestadisticaycartografia\/blog\/wp-content\/uploads\/2023\/05\/ecta-5.jpg\" alt=\"Calificaci\u00f3n del viaje por provincia (sobre 10 puntos)\" width=\"500\" height=\"252\" srcset=\"https:\/\/ws089.juntadeandalucia.es\/institutodeestadisticaycartografia\/blog\/wp-content\/uploads\/2023\/05\/ecta-5.jpg 500w, https:\/\/ws089.juntadeandalucia.es\/institutodeestadisticaycartografia\/blog\/wp-content\/uploads\/2023\/05\/ecta-5-300x151.jpg 300w\" sizes=\"(max-width: 500px) 100vw, 500px\" \/><\/a><\/p>\n<p style=\"text-align: justify;\">A la pregunta realizada a los turistas sobre si se hab\u00edan visto cubiertas sus expectativas con respecto a Andaluc\u00eda, el 32,9% de los viajeros consider\u00f3 que el trato fue mejor del esperado, mientras que el 7,7% consider\u00f3 que los precios fueron peor de lo esperado.<\/p>\n<p><span style=\"color: #a9a9a9;\">Esta actividad ha sido financiada con fondos FEDER<\/span><\/p>\n<p><a href=\"http:\/\/www.juntadeandalucia.es\/institutodeestadisticaycartografia\/blog\/wp-content\/uploads\/2017\/03\/Logo_UE_FEDER.gif\"><span style=\"color: #a9a9a9;\"><img loading=\"lazy\" class=\"aligncenter size-full wp-image-8048\" style=\"float: left;\" src=\"http:\/\/www.juntadeandalucia.es\/institutodeestadisticaycartografia\/blog\/wp-content\/uploads\/2017\/03\/Logo_UE_FEDER.gif\" alt=\"\" width=\"161\" height=\"30\" \/><\/span><\/a><\/p>\n<p style=\"text-align: justify;\">\n<!-- AddThis Advanced Settings generic via filter on the_content --><!-- AddThis Share Buttons generic via filter on the_content -->","protected":false},"excerpt":{"rendered":"<p>El n\u00famero de turistas que visit\u00f3 Andaluc\u00eda en el primer trimestre de 2023 super\u00f3 los cinco millones ochocientos mil, seg\u00fan los resultados de la Encuesta de Coyuntura Tur\u00edstica de Andaluc\u00eda que realiza trimestralmente el Instituto de Estad\u00edstica y Cartograf\u00eda de Andaluc\u00eda, lo que supone un aumento de un 26,5% con respecto al mismo trimestre del [&hellip;]<!-- AddThis Advanced Settings generic via filter on wp_trim_excerpt --><!-- AddThis Share Buttons generic via filter on wp_trim_excerpt --><\/p>\n","protected":false},"author":2,"featured_media":0,"comment_status":"open","ping_status":"open","sticky":false,"template":"","format":"standard","meta":{"_mi_skip_tracking":false},"categories":[1],"tags":[],"_links":{"self":[{"href":"https:\/\/ws089.juntadeandalucia.es\/institutodeestadisticaycartografia\/blog\/wp-json\/wp\/v2\/posts\/14028"}],"collection":[{"href":"https:\/\/ws089.juntadeandalucia.es\/institutodeestadisticaycartografia\/blog\/wp-json\/wp\/v2\/posts"}],"about":[{"href":"https:\/\/ws089.juntadeandalucia.es\/institutodeestadisticaycartografia\/blog\/wp-json\/wp\/v2\/types\/post"}],"author":[{"embeddable":true,"href":"https:\/\/ws089.juntadeandalucia.es\/institutodeestadisticaycartografia\/blog\/wp-json\/wp\/v2\/users\/2"}],"replies":[{"embeddable":true,"href":"https:\/\/ws089.juntadeandalucia.es\/institutodeestadisticaycartografia\/blog\/wp-json\/wp\/v2\/comments?post=14028"}],"version-history":[{"count":4,"href":"https:\/\/ws089.juntadeandalucia.es\/institutodeestadisticaycartografia\/blog\/wp-json\/wp\/v2\/posts\/14028\/revisions"}],"predecessor-version":[{"id":14039,"href":"https:\/\/ws089.juntadeandalucia.es\/institutodeestadisticaycartografia\/blog\/wp-json\/wp\/v2\/posts\/14028\/revisions\/14039"}],"wp:attachment":[{"href":"https:\/\/ws089.juntadeandalucia.es\/institutodeestadisticaycartografia\/blog\/wp-json\/wp\/v2\/media?parent=14028"}],"wp:term":[{"taxonomy":"category","embeddable":true,"href":"https:\/\/ws089.juntadeandalucia.es\/institutodeestadisticaycartografia\/blog\/wp-json\/wp\/v2\/categories?post=14028"},{"taxonomy":"post_tag","embeddable":true,"href":"https:\/\/ws089.juntadeandalucia.es\/institutodeestadisticaycartografia\/blog\/wp-json\/wp\/v2\/tags?post=14028"}],"curies":[{"name":"wp","href":"https:\/\/api.w.org\/{rel}","templated":true}]}}