{"id":13863,"date":"2023-02-07T14:11:00","date_gmt":"2023-02-07T13:11:00","guid":{"rendered":"https:\/\/ws089.juntadeandalucia.es\/institutodeestadisticaycartografia\/blog\/?p=13863"},"modified":"2023-02-07T14:31:55","modified_gmt":"2023-02-07T13:31:55","slug":"aumenta-un-163-el-numero-de-turistas-que-visito-andalucia-en-el-cuarto-trimestre-del-ano-en-el-conjunto-del-ano-el-aumento-fue-del-536","status":"publish","type":"post","link":"https:\/\/ws089.juntadeandalucia.es\/institutodeestadisticaycartografia\/blog\/2023\/02\/aumenta-un-163-el-numero-de-turistas-que-visito-andalucia-en-el-cuarto-trimestre-del-ano-en-el-conjunto-del-ano-el-aumento-fue-del-536\/","title":{"rendered":"Aumenta un 16,3% el n\u00famero de turistas que visit\u00f3 Andaluc\u00eda en el cuarto trimestre del a\u00f1o. En el conjunto del a\u00f1o el aumento fue del 53,6%"},"content":{"rendered":"<p style=\"text-align: justify;\">El n\u00famero de turistas que visit\u00f3 Andaluc\u00eda en el cuarto trimestre de 2022 alcanz\u00f3 los 6,1 millones, seg\u00fan los resultados de la <a href=\"https:\/\/www.juntadeandalucia.es\/institutodeestadisticaycartografia\/turismo\/index.htm\" target=\"_blank\" rel=\"noopener\">Encuesta de Coyuntura Tur\u00edstica de Andaluc\u00eda<\/a> que realiza trimestralmente el Instituto de Estad\u00edstica y Cartograf\u00eda de Andaluc\u00eda, lo que supone un aumento de un 16,3% con respecto al mismo trimestre del a\u00f1o anterior. Si se compara con el periodo anterior a la pandemia COVID-19, esta cifra es un 4,2% inferior a la alcanzada en el cuarto trimestre de 2019.<\/p>\n<p class=\"titgraf\" style=\"text-align: center;\"><strong>Evoluci\u00f3n del n\u00famero de turistas en Andaluc\u00eda (millones)<\/strong><br \/>\n<a href=\"https:\/\/ws089.juntadeandalucia.es\/institutodeestadisticaycartografia\/blog\/wp-content\/uploads\/2023\/02\/ecta1.jpg\"><img loading=\"lazy\" class=\"alignnone size-full wp-image-13864\" src=\"https:\/\/ws089.juntadeandalucia.es\/institutodeestadisticaycartografia\/blog\/wp-content\/uploads\/2023\/02\/ecta1.jpg\" alt=\"Evoluci\u00f3n del n\u00famero de turistas en Andaluc\u00eda (millones)\" width=\"537\" height=\"230\" srcset=\"https:\/\/ws089.juntadeandalucia.es\/institutodeestadisticaycartografia\/blog\/wp-content\/uploads\/2023\/02\/ecta1.jpg 537w, https:\/\/ws089.juntadeandalucia.es\/institutodeestadisticaycartografia\/blog\/wp-content\/uploads\/2023\/02\/ecta1-300x128.jpg 300w\" sizes=\"(max-width: 537px) 100vw, 537px\" \/><\/a><\/p>\n<p><!--more--><\/p>\n<p style=\"text-align: justify;\">Durante este per\u00edodo, de los turistas que visitaron Andaluc\u00eda, el 35,5% eran andaluces, el 30,5% eran del resto de Espa\u00f1a, el 25,0% proced\u00edan de la UE (excluida Espa\u00f1a) y el 9,0% del resto del mundo.<\/p>\n<p style=\"text-align: justify;\">El 86,7% de los turistas que visitaron Andaluc\u00eda lo hicieron por vacaciones, el 8,6% para visitar a familiares y amigos y el 4,7% restante alegaron otras motivaciones.<\/p>\n<p style=\"text-align: justify;\">En el cuarto trimestre de 2022, el 65,4% de los viajeros se aloj\u00f3 en establecimientos hoteleros, mientras que el 28,6% utiliz\u00f3 apartamento, piso o chalet. Por otra parte, la estancia media, o n\u00famero de d\u00edas que por t\u00e9rmino medio permanece un turista en Andaluc\u00eda, se situ\u00f3 en 4,8 d\u00edas, un 9,8% inferior que un a\u00f1o antes, lo que supone 0,5 d\u00edas menos.<\/p>\n<p class=\"titgraf\" style=\"text-align: center;\"><strong>Evoluci\u00f3n de la estancia media en Andaluc\u00eda (d\u00edas)<\/strong><br \/>\n<a href=\"https:\/\/ws089.juntadeandalucia.es\/institutodeestadisticaycartografia\/blog\/wp-content\/uploads\/2023\/02\/ecta2.jpg\"><img loading=\"lazy\" class=\"alignnone size-full wp-image-13865\" src=\"https:\/\/ws089.juntadeandalucia.es\/institutodeestadisticaycartografia\/blog\/wp-content\/uploads\/2023\/02\/ecta2.jpg\" alt=\"Evoluci\u00f3n de la estancia media en Andaluc\u00eda (d\u00edas)\" width=\"529\" height=\"223\" srcset=\"https:\/\/ws089.juntadeandalucia.es\/institutodeestadisticaycartografia\/blog\/wp-content\/uploads\/2023\/02\/ecta2.jpg 529w, https:\/\/ws089.juntadeandalucia.es\/institutodeestadisticaycartografia\/blog\/wp-content\/uploads\/2023\/02\/ecta2-300x126.jpg 300w\" sizes=\"(max-width: 529px) 100vw, 529px\" \/><\/a><\/p>\n<p style=\"text-align: justify;\">En cuanto a la distribuci\u00f3n de los turistas por provincias, M\u00e1laga concentr\u00f3 el 26,6% de los mismos, seguida de Sevilla (17,5%), Granada (15,6%) y C\u00e1diz (14,1%).<\/p>\n<p class=\"titgraf\" style=\"text-align: center;\"><strong>Distribuci\u00f3n porcentual de los turistas por provincia<\/strong><br \/>\n<a href=\"https:\/\/ws089.juntadeandalucia.es\/institutodeestadisticaycartografia\/blog\/wp-content\/uploads\/2023\/02\/ecta3.jpg\"><img loading=\"lazy\" class=\"alignnone size-full wp-image-13866\" src=\"https:\/\/ws089.juntadeandalucia.es\/institutodeestadisticaycartografia\/blog\/wp-content\/uploads\/2023\/02\/ecta3.jpg\" alt=\"Distribuci\u00f3n porcentual de los turistas por provincia\" width=\"530\" height=\"353\" srcset=\"https:\/\/ws089.juntadeandalucia.es\/institutodeestadisticaycartografia\/blog\/wp-content\/uploads\/2023\/02\/ecta3.jpg 530w, https:\/\/ws089.juntadeandalucia.es\/institutodeestadisticaycartografia\/blog\/wp-content\/uploads\/2023\/02\/ecta3-300x200.jpg 300w\" sizes=\"(max-width: 530px) 100vw, 530px\" \/><\/a><\/p>\n<p style=\"text-align: justify;\">El gasto medio diario que realizaron los turistas en Andaluc\u00eda en el cuarto trimestre se estima en 73,89 euros por turista, un 9,8% superior al del mismo trimestre del a\u00f1o anterior. La procedencia del turista establece diferencias en este gasto, que var\u00eda desde los 62,14 euros que gastaron los turistas andaluces hasta los 100,52 euros que gastaron los procedentes del resto del mundo.<\/p>\n<p class=\"titgraf\" style=\"text-align: center;\"><strong>Gasto medio diario seg\u00fan procedencia (euros)<\/strong><br \/>\n<a href=\"https:\/\/ws089.juntadeandalucia.es\/institutodeestadisticaycartografia\/blog\/wp-content\/uploads\/2023\/02\/ecta4.jpg\"><img loading=\"lazy\" class=\"alignnone size-full wp-image-13867\" src=\"https:\/\/ws089.juntadeandalucia.es\/institutodeestadisticaycartografia\/blog\/wp-content\/uploads\/2023\/02\/ecta4.jpg\" alt=\"Gasto medio diario seg\u00fan procedencia (euros)\" width=\"540\" height=\"261\" srcset=\"https:\/\/ws089.juntadeandalucia.es\/institutodeestadisticaycartografia\/blog\/wp-content\/uploads\/2023\/02\/ecta4.jpg 540w, https:\/\/ws089.juntadeandalucia.es\/institutodeestadisticaycartografia\/blog\/wp-content\/uploads\/2023\/02\/ecta4-300x145.jpg 300w\" sizes=\"(max-width: 540px) 100vw, 540px\" \/><\/a><\/p>\n<p style=\"text-align: justify;\">En cuanto a la valoraci\u00f3n del viaje realizado, los turistas que visitaron Andaluc\u00eda durante el trimestre, concedieron un 8,5 a su estancia en la regi\u00f3n. Las provincias m\u00e1s valoradas fueron Sevilla con un 8,9 y C\u00f3rdoba con un 8,8. Los aspectos mejor valorados por los visitantes fueron los relacionados con la atenci\u00f3n y el trato recibidos, los parques naturales, la seguridad, la relaci\u00f3n calidad-precio y el patrimonio.<\/p>\n<p class=\"titgraf\" style=\"text-align: center;\"><strong>Calificaci\u00f3n del viaje por provincia (sobre 10 puntos)<\/strong><br \/>\n<a href=\"https:\/\/ws089.juntadeandalucia.es\/institutodeestadisticaycartografia\/blog\/wp-content\/uploads\/2023\/02\/ecta5.jpg\"><img loading=\"lazy\" class=\"alignnone size-full wp-image-13868\" src=\"https:\/\/ws089.juntadeandalucia.es\/institutodeestadisticaycartografia\/blog\/wp-content\/uploads\/2023\/02\/ecta5.jpg\" alt=\"Calificaci\u00f3n del viaje por provincia (sobre 10 puntos)\" width=\"542\" height=\"231\" srcset=\"https:\/\/ws089.juntadeandalucia.es\/institutodeestadisticaycartografia\/blog\/wp-content\/uploads\/2023\/02\/ecta5.jpg 542w, https:\/\/ws089.juntadeandalucia.es\/institutodeestadisticaycartografia\/blog\/wp-content\/uploads\/2023\/02\/ecta5-300x128.jpg 300w\" sizes=\"(max-width: 542px) 100vw, 542px\" \/><\/a><\/p>\n<p style=\"text-align: justify;\">A la pregunta realizada a los turistas sobre si se hab\u00edan visto cubiertas sus expectativas con respecto a Andaluc\u00eda, el 30,8% y el 30,1% de los viajeros consider\u00f3 que el trato y atenci\u00f3n recibida y el alojamiento, respectivamente, fueron mejor de lo esperado; mientras que el 4,3% y el 4,2% consider\u00f3 que la conservaci\u00f3n del medioambiente y los precios, respectivamente, fueron peor de lo esperado.<\/p>\n<p style=\"text-align: justify;\"><strong>A\u00f1o 2022<\/strong><\/p>\n<p style=\"text-align: justify;\">El n\u00famero de turistas que visit\u00f3 Andaluc\u00eda en el conjunto del a\u00f1o 2022 alcanz\u00f3 los 30,7 millones, lo que supone un aumento de un 53,6% con respecto al a\u00f1o anterior, y un 5,4% menos que en el a\u00f1o anterior a la pandemia.<\/p>\n<p style=\"text-align: justify;\">Durante el a\u00f1o 2022, de los turistas que visitaron Andaluc\u00eda, el 36,9% eran andaluces, el 31,8% eran del resto de Espa\u00f1a, el 24,3% proced\u00edan de la UE excluida Espa\u00f1a y el 7,0% del resto del mundo.<\/p>\n<p style=\"text-align: justify;\">Las motivaciones principales de los turistas que visitaron Andaluc\u00eda fueron: el 89,2% por vacaciones, el 6,5% para visitar a familiares y amigos, 2,0% por trabajo y el 2,3% restante alegaron otras motivaciones.<\/p>\n<p style=\"text-align: justify;\">En el a\u00f1o 2022, el 63,3% de los viajeros se aloj\u00f3 en establecimientos hoteleros, mientras que el 29,8% utiliz\u00f3 apartamento, piso o chalet. Por otra parte, la estancia media, o n\u00famero de d\u00edas que por t\u00e9rmino medio permanece un turista en Andaluc\u00eda, se situ\u00f3 en 6,4 d\u00edas, un 7,2% menos que el a\u00f1o anterior, lo que supone 0,5 d\u00edas menos.<\/p>\n<p style=\"text-align: justify;\">En cuanto a la distribuci\u00f3n de los turistas por provincias, M\u00e1laga concentr\u00f3 el 27,1% de los mismos, seguida de C\u00e1diz (17,6%), Sevilla (14,4%) y Granada (13,0%).<\/p>\n<p style=\"text-align: justify;\">El gasto medio diario que realizaron los turistas en Andaluc\u00eda en el a\u00f1o se estima en 72,53 euros por turista, cifra que es un 5,8% superior a la del a\u00f1o anterior. La procedencia del turista establece diferencias en este gasto, que var\u00eda desde los 61,97 euros que gastaron los turistas andaluces hasta los 98,15 euros que gastaron los procedentes del resto del mundo.<\/p>\n<p style=\"text-align: justify;\">En cuanto a la valoraci\u00f3n del viaje realizado, los turistas que visitaron Andaluc\u00eda durante el a\u00f1o 2022 concedieron un 8,4 sobre 10 a su estancia en la regi\u00f3n. Las provincias m\u00e1s valoradas fueron C\u00f3rdoba con un 8,8, seguida de C\u00e1diz, Ja\u00e9n y Sevilla con un 8,7. Los aspectos mejor valorados por los visitantes fueron los relacionados con la atenci\u00f3n y trato, los paisajes y parques naturales y la seguridad.<\/p>\n<p style=\"text-align: justify;\">Por \u00faltimo, a la pregunta realizada a los turistas sobre si se hab\u00edan visto cubiertas sus expectativas con respecto a Andaluc\u00eda, el 32,5% y el 31,3% de los viajeros consider\u00f3 que el trato recibido y la comida, respectivamente, fueron mejor de lo esperado; mientras que el 6,6% consider\u00f3 que los precios fueron peor de lo esperado.<\/p>\n<p><span style=\"color: #a9a9a9;\">Esta actividad ha sido financiada con fondos FEDER<\/span><\/p>\n<p><a href=\"http:\/\/www.juntadeandalucia.es\/institutodeestadisticaycartografia\/blog\/wp-content\/uploads\/2017\/03\/Logo_UE_FEDER.gif\"><span style=\"color: #a9a9a9;\"><img loading=\"lazy\" class=\"aligncenter size-full wp-image-8048\" style=\"float: left;\" src=\"http:\/\/www.juntadeandalucia.es\/institutodeestadisticaycartografia\/blog\/wp-content\/uploads\/2017\/03\/Logo_UE_FEDER.gif\" alt=\"\" width=\"161\" height=\"30\"><\/span><\/a><\/p>\n<p style=\"text-align: justify;\">&nbsp;<\/p>\n<!-- AddThis Advanced Settings generic via filter on the_content --><!-- AddThis Share Buttons generic via filter on the_content -->","protected":false},"excerpt":{"rendered":"<p>El n\u00famero de turistas que visit\u00f3 Andaluc\u00eda en el cuarto trimestre de 2022 alcanz\u00f3 los 6,1 millones, seg\u00fan los resultados de la Encuesta de Coyuntura Tur\u00edstica de Andaluc\u00eda que realiza trimestralmente el Instituto de Estad\u00edstica y Cartograf\u00eda de Andaluc\u00eda, lo que supone un aumento de un 16,3% con respecto al mismo trimestre del a\u00f1o anterior. [&hellip;]<!-- AddThis Advanced Settings generic via filter on wp_trim_excerpt --><!-- AddThis Share Buttons generic via filter on wp_trim_excerpt --><\/p>\n","protected":false},"author":2,"featured_media":0,"comment_status":"open","ping_status":"open","sticky":false,"template":"","format":"standard","meta":{"_mi_skip_tracking":false},"categories":[1],"tags":[554,58,528],"_links":{"self":[{"href":"https:\/\/ws089.juntadeandalucia.es\/institutodeestadisticaycartografia\/blog\/wp-json\/wp\/v2\/posts\/13863"}],"collection":[{"href":"https:\/\/ws089.juntadeandalucia.es\/institutodeestadisticaycartografia\/blog\/wp-json\/wp\/v2\/posts"}],"about":[{"href":"https:\/\/ws089.juntadeandalucia.es\/institutodeestadisticaycartografia\/blog\/wp-json\/wp\/v2\/types\/post"}],"author":[{"embeddable":true,"href":"https:\/\/ws089.juntadeandalucia.es\/institutodeestadisticaycartografia\/blog\/wp-json\/wp\/v2\/users\/2"}],"replies":[{"embeddable":true,"href":"https:\/\/ws089.juntadeandalucia.es\/institutodeestadisticaycartografia\/blog\/wp-json\/wp\/v2\/comments?post=13863"}],"version-history":[{"count":3,"href":"https:\/\/ws089.juntadeandalucia.es\/institutodeestadisticaycartografia\/blog\/wp-json\/wp\/v2\/posts\/13863\/revisions"}],"predecessor-version":[{"id":13872,"href":"https:\/\/ws089.juntadeandalucia.es\/institutodeestadisticaycartografia\/blog\/wp-json\/wp\/v2\/posts\/13863\/revisions\/13872"}],"wp:attachment":[{"href":"https:\/\/ws089.juntadeandalucia.es\/institutodeestadisticaycartografia\/blog\/wp-json\/wp\/v2\/media?parent=13863"}],"wp:term":[{"taxonomy":"category","embeddable":true,"href":"https:\/\/ws089.juntadeandalucia.es\/institutodeestadisticaycartografia\/blog\/wp-json\/wp\/v2\/categories?post=13863"},{"taxonomy":"post_tag","embeddable":true,"href":"https:\/\/ws089.juntadeandalucia.es\/institutodeestadisticaycartografia\/blog\/wp-json\/wp\/v2\/tags?post=13863"}],"curies":[{"name":"wp","href":"https:\/\/api.w.org\/{rel}","templated":true}]}}