{"id":13692,"date":"2022-11-07T09:25:56","date_gmt":"2022-11-07T08:25:56","guid":{"rendered":"https:\/\/ws089.juntadeandalucia.es\/institutodeestadisticaycartografia\/blog\/?p=13692"},"modified":"2022-11-29T14:15:32","modified_gmt":"2022-11-29T13:15:32","slug":"cartografia-urbana-de-andalucia-cordoba-1851","status":"publish","type":"post","link":"https:\/\/ws089.juntadeandalucia.es\/institutodeestadisticaycartografia\/blog\/2022\/11\/cartografia-urbana-de-andalucia-cordoba-1851\/","title":{"rendered":"Cartograf\u00eda urbana de Andaluc\u00eda: C\u00f3rdoba 1851"},"content":{"rendered":"<p style=\"text-align: justify;\">Tras la primera representaci\u00f3n racionalizada de C\u00f3rdoba, el llamado \u201cPlano de los Franceses\u201d, efectuada por el Bar\u00f3n de Karvinsky en 1811 bajo la dominaci\u00f3n napole\u00f3nica, en 1851 el agrimensor Jos\u00e9 M.\u00aa de Montis (1824-1888) dibuja, bas\u00e1ndose en aquella, el plano de la ciudad a escala de \u201c500 varas castellanas\u201d, con un cuadro descriptivo del callejero, dividida la ciudad por parroquias.<\/p>\n<p style=\"text-align: justify;\">Racionalizando la orientaci\u00f3n con el norte hacia arriba \u2014el de \u201clos franceses\u201d ten\u00eda el norte hacia abajo\u2014, se observa que la situaci\u00f3n urbana a la mitad del siglo XIX no extralimitaba el recinto amurallado hist\u00f3rico, devenido desde la \u00e9poca califal del siglo X. Tan solo expresa extramuros d\u00e9biles asentamientos: el hist\u00f3rico Campo de la Verdad \u2014barrio desde la Sacunda Romana\u2014 al otro lado del r\u00edo; y los industriales del Matadero y de la cer\u00e1mica (Tejares y Oller\u00edas), al norte.<\/p>\n<p style=\"text-align: justify;\"><a href=\"https:\/\/ws089.juntadeandalucia.es\/institutodeestadisticaycartografia\/blog\/wp-content\/uploads\/2022\/10\/cordoba1851.jpg\"><img class=\"alignnone size-full wp-image-13694\" src=\"https:\/\/ws089.juntadeandalucia.es\/institutodeestadisticaycartografia\/blog\/wp-content\/uploads\/2022\/10\/cordoba1851.jpg\" alt=\"C\u00f3rdoba 1851\" width=\"620\" srcset=\"https:\/\/ws089.juntadeandalucia.es\/institutodeestadisticaycartografia\/blog\/wp-content\/uploads\/2022\/10\/cordoba1851.jpg 2400w, https:\/\/ws089.juntadeandalucia.es\/institutodeestadisticaycartografia\/blog\/wp-content\/uploads\/2022\/10\/cordoba1851-300x232.jpg 300w, https:\/\/ws089.juntadeandalucia.es\/institutodeestadisticaycartografia\/blog\/wp-content\/uploads\/2022\/10\/cordoba1851-1024x790.jpg 1024w, https:\/\/ws089.juntadeandalucia.es\/institutodeestadisticaycartografia\/blog\/wp-content\/uploads\/2022\/10\/cordoba1851-768x593.jpg 768w, https:\/\/ws089.juntadeandalucia.es\/institutodeestadisticaycartografia\/blog\/wp-content\/uploads\/2022\/10\/cordoba1851-1536x1185.jpg 1536w, https:\/\/ws089.juntadeandalucia.es\/institutodeestadisticaycartografia\/blog\/wp-content\/uploads\/2022\/10\/cordoba1851-2048x1580.jpg 2048w\" sizes=\"(max-width: 2400px) 100vw, 2400px\" \/><\/a><\/p>\n<p style=\"text-align: justify;\"><span style=\"font-size: 9px;\">Plano de Cordoba<br \/>\nBar\u00f3n de Karvinsky, Joaqu\u00edn Rillo, Jos\u00e9 M.\u00aa de Montis y Fern\u00e1ndez,<br \/>\nPedro Nolasco Mel\u00e9ndrez. Madrid, Lit. Bachiller, 1851.<br \/>\nLitograf\u00eda, 56 x 74 cm. Escala [ca. 1:5.000].<br \/>\nInstituto Geogr\u00e1fico Nacional, Madrid, 31-C-12<br \/>\n<a href=\"https:\/\/www.juntadeandalucia.es\/institutodeestadisticaycartografia\/prodCartografia\/cartoteca\/galeria\/cordoba1851.htm\">https:\/\/www.juntadeandalucia.es\/institutodeestadisticaycartografia\/prodCartografia\/cartoteca\/galeria\/cordoba1851.htm<\/a><br \/>\n<\/span><\/p>\n<p><!--more--><\/p>\n<p style=\"text-align: justify;\">La delicada representaci\u00f3n gr\u00e1fica de Montis \u2014trabajada a base de rayado de l\u00edneas de distinta separaci\u00f3n y orientaci\u00f3n\u2014 resulta de una estudiada fidelidad a la realidad urban\u00edstica, pudi\u00e9ndose comprobar con la actualidad en los sitios y calles no alterados. Representadas las manzanas de manera uniforme, una numeraci\u00f3n en sus bordes nos remite a los elementos arquitect\u00f3nicos m\u00e1s importantes, y aparecen nombrados los espacios urbanos de mayor relevancia.<\/p>\n<p style=\"text-align: justify;\">La poblaci\u00f3n de la ciudad no sobrepasaba los 45.000 habitantes y el reciclado del suelo tras la reciente desamortizaci\u00f3n va absorbiendo el lento proceso de crecimiento demogr\u00e1fico. La transformaci\u00f3n de conventos y palacios en espacios urbanos o en casas de vecinos apenas se habr\u00eda de notar en el entramado heredado del Medioevo isl\u00e1mico, tocado puntualmente en el Renacimiento y en el Barroco.<\/p>\n<p style=\"text-align: justify;\">Plano apenas diferenciado del de 1811 \u2014excepto por la mayor precisi\u00f3n en la definici\u00f3n gr\u00e1fica\u2014, todav\u00eda se distingue la Alcaicer\u00eda junto a la Catedral, encontr\u00e1ndose la novedad m\u00e1s llamativa en la desaparici\u00f3n del convento de San Mart\u00edn para tender un paseo arbolado que ser\u00eda el origen del bulevar del Gran Capit\u00e1n. Tambi\u00e9n aparece la plaza de toros, conocida por \u201cCoso de los Tejares\u201d. El convento de la Merced ya es nombrado como Hospicio y su \u201ccampo\u201d delantero se urbaniza. La desaparici\u00f3n del convento de la Victoria va a generar el paseo del mismo nombre. Un ordenado jard\u00edn se dibuja entre el Palacio Episcopal y el Campo Santo (de los M\u00e1rtires). El Alc\u00e1zar todav\u00eda es c\u00e1rcel. Paseos arbolados acompa\u00f1an a las principales v\u00edas de llegada a la ciudad. La azuda de Martos define un paso sobre el r\u00edo y las de Culeb y San Rafael quedan evidentemente se\u00f1aladas.<\/p>\n<!-- AddThis Advanced Settings generic via filter on the_content --><!-- AddThis Share Buttons generic via filter on the_content -->","protected":false},"excerpt":{"rendered":"<p>Tras la primera representaci\u00f3n racionalizada de C\u00f3rdoba, el llamado \u201cPlano de los Franceses\u201d, efectuada por el Bar\u00f3n de Karvinsky en 1811 bajo la dominaci\u00f3n napole\u00f3nica, en 1851 el agrimensor Jos\u00e9 M.\u00aa de Montis (1824-1888) dibuja, bas\u00e1ndose en aquella, el plano de la ciudad a escala de \u201c500 varas castellanas\u201d, con un cuadro descriptivo del callejero, [&hellip;]<!-- AddThis Advanced Settings generic via filter on wp_trim_excerpt --><!-- AddThis Share Buttons generic via filter on wp_trim_excerpt --><\/p>\n","protected":false},"author":2,"featured_media":0,"comment_status":"open","ping_status":"open","sticky":false,"template":"","format":"standard","meta":{"_mi_skip_tracking":false},"categories":[2],"tags":[475,158,81,497],"_links":{"self":[{"href":"https:\/\/ws089.juntadeandalucia.es\/institutodeestadisticaycartografia\/blog\/wp-json\/wp\/v2\/posts\/13692"}],"collection":[{"href":"https:\/\/ws089.juntadeandalucia.es\/institutodeestadisticaycartografia\/blog\/wp-json\/wp\/v2\/posts"}],"about":[{"href":"https:\/\/ws089.juntadeandalucia.es\/institutodeestadisticaycartografia\/blog\/wp-json\/wp\/v2\/types\/post"}],"author":[{"embeddable":true,"href":"https:\/\/ws089.juntadeandalucia.es\/institutodeestadisticaycartografia\/blog\/wp-json\/wp\/v2\/users\/2"}],"replies":[{"embeddable":true,"href":"https:\/\/ws089.juntadeandalucia.es\/institutodeestadisticaycartografia\/blog\/wp-json\/wp\/v2\/comments?post=13692"}],"version-history":[{"count":4,"href":"https:\/\/ws089.juntadeandalucia.es\/institutodeestadisticaycartografia\/blog\/wp-json\/wp\/v2\/posts\/13692\/revisions"}],"predecessor-version":[{"id":13697,"href":"https:\/\/ws089.juntadeandalucia.es\/institutodeestadisticaycartografia\/blog\/wp-json\/wp\/v2\/posts\/13692\/revisions\/13697"}],"wp:attachment":[{"href":"https:\/\/ws089.juntadeandalucia.es\/institutodeestadisticaycartografia\/blog\/wp-json\/wp\/v2\/media?parent=13692"}],"wp:term":[{"taxonomy":"category","embeddable":true,"href":"https:\/\/ws089.juntadeandalucia.es\/institutodeestadisticaycartografia\/blog\/wp-json\/wp\/v2\/categories?post=13692"},{"taxonomy":"post_tag","embeddable":true,"href":"https:\/\/ws089.juntadeandalucia.es\/institutodeestadisticaycartografia\/blog\/wp-json\/wp\/v2\/tags?post=13692"}],"curies":[{"name":"wp","href":"https:\/\/api.w.org\/{rel}","templated":true}]}}