{"id":13624,"date":"2022-10-17T11:20:08","date_gmt":"2022-10-17T09:20:08","guid":{"rendered":"https:\/\/ws089.juntadeandalucia.es\/institutodeestadisticaycartografia\/blog\/?p=13624"},"modified":"2022-10-17T11:20:09","modified_gmt":"2022-10-17T09:20:09","slug":"cartografia-urbana-de-andalucia-cadiz-1812","status":"publish","type":"post","link":"https:\/\/ws089.juntadeandalucia.es\/institutodeestadisticaycartografia\/blog\/2022\/10\/cartografia-urbana-de-andalucia-cadiz-1812\/","title":{"rendered":"Cartograf\u00eda urbana de Andaluc\u00eda: C\u00e1diz 1812"},"content":{"rendered":"<p style=\"text-align: justify;\">El plano firmado \u201cC. p. Jos\u00e9 D\u00edez de Bulnes\u201d se realiz\u00f3 durante el asedio franc\u00e9s de C\u00e1diz (1810-1812), como demuestra la indicaci\u00f3n de los reductos militares construidos para hacerle frente. No consta que el autor fuera ingeniero militar (\u201cC. p.\u201d parece indicar \u201cCopiado por\u2026\u201d). Se trata de un h\u00e1bil dibujante que plasm\u00f3 la estructura de la ciudad y su entorno, siguiendo la t\u00e9cnica de la cartograf\u00eda militar, tan desarrollada en esta plaza fuerte.<\/p>\n<p style=\"text-align: justify;\">El recinto intramuros queda cerrado y colmatado por la edificaci\u00f3n desde finales del XVIII, sin apenas espacios libres, aunque aparece detallada la Alameda y el inicio del paseo de El Perejil. El barrio de El Bal\u00f3n no se llega a conformar totalmente en estos a\u00f1os de crisis.<\/p>\n<p style=\"text-align: justify;\">A partir de la villa medieval, el crecimiento origin\u00f3 los arrabales de Santiago y Santa Mar\u00eda. Desde que se establece el primer muro de defensa de las Puertas de Tierra en el estrechamiento del territorio, se desarrolla la extensi\u00f3n hacia poniente enderezando las tramas medievales, con bifurcaciones que producen familias de calles paralelas en varias direcciones.<\/p>\n<p style=\"text-align: justify;\">El estamento militar organiza la venta de los terrenos del rey, definiendo las manzanas sobre los espacios yermos de jarales situados en la mitad este. En 1650 la plaza de San Antonio se establece como nuevo centro urbano alternativo al antiguo junto al puerto. La mitad oeste, ocupada por cerer\u00edas, huertas y vi\u00f1edos privados, se transforma en suelo urbano mediante acuerdos econ\u00f3micos con el Cabildo y siempre bajo control militar.<\/p>\n<p style=\"text-align: justify;\"><a href=\"https:\/\/ws089.juntadeandalucia.es\/institutodeestadisticaycartografia\/blog\/wp-content\/uploads\/2022\/10\/cadiz1812-scaled.jpg\"><img class=\"alignnone size-full wp-image-13627\" src=\"https:\/\/ws089.juntadeandalucia.es\/institutodeestadisticaycartografia\/blog\/wp-content\/uploads\/2022\/10\/cadiz1812-scaled.jpg\" alt=\"C\u00e1diz 1812\" width=\"620\" srcset=\"https:\/\/ws089.juntadeandalucia.es\/institutodeestadisticaycartografia\/blog\/wp-content\/uploads\/2022\/10\/cadiz1812-scaled.jpg 2560w, https:\/\/ws089.juntadeandalucia.es\/institutodeestadisticaycartografia\/blog\/wp-content\/uploads\/2022\/10\/cadiz1812-300x174.jpg 300w, https:\/\/ws089.juntadeandalucia.es\/institutodeestadisticaycartografia\/blog\/wp-content\/uploads\/2022\/10\/cadiz1812-1024x593.jpg 1024w, https:\/\/ws089.juntadeandalucia.es\/institutodeestadisticaycartografia\/blog\/wp-content\/uploads\/2022\/10\/cadiz1812-768x445.jpg 768w, https:\/\/ws089.juntadeandalucia.es\/institutodeestadisticaycartografia\/blog\/wp-content\/uploads\/2022\/10\/cadiz1812-1536x889.jpg 1536w, https:\/\/ws089.juntadeandalucia.es\/institutodeestadisticaycartografia\/blog\/wp-content\/uploads\/2022\/10\/cadiz1812-2048x1186.jpg 2048w\" sizes=\"(max-width: 2560px) 100vw, 2560px\" \/><\/a><\/p>\n<p style=\"text-align: justify;\"><span style=\"font-size: 9px;\">Plano de la Plaza de Cadiz y fuertes dependientes de ella hasta la Cortadura\u2026<br \/>\nJos\u00e9 D\u00edez de Bulnes. [S. l., ca. 1812].<br \/>\nManuscrito coloreado, 73 x 126 cm. Escala [ca. 1:5.000].<br \/>\nMinisterio de Cultura y Deporte. Biblioteca Nacional de Espa\u00f1a, MR\/43\/1.<br \/>\n<a href=\"https:\/\/www.juntadeandalucia.es\/institutodeestadisticaycartografia\/prodCartografia\/cartoteca\/galeria\/cadiz1812.htm\">https:\/\/www.juntadeandalucia.es\/institutodeestadisticaycartografia\/prodCartografia\/cartoteca\/galeria\/cadiz1812.htm<\/a><br \/>\n<\/span><\/p>\n<p><!--more--><\/p>\n<p style=\"text-align: justify;\">Comprimidos contra la muralla quedar\u00e1n los espacios de manejo de las tropas, que m\u00e1s tarde se transformar\u00e1n en parque p\u00fablico. Destaca en el dibujo el color verde de las huertas conventuales, presagio de su futuro como plazas y jardines en el siglo XIX.<\/p>\n<p style=\"text-align: justify;\">Extramuros, las huertas desordenadas se atraviesan por el arrecife que enfila recto hacia Cortadura y Torregorda, sustituyendo al que arruin\u00f3 el terremoto de 1755, del cual quedan restos junto al litoral del oc\u00e9ano, siendo abandonado tras el cementerio. En el nuevo arrecife se dibujan rotondas que pautan el espacio al concebirse como entronques de futuras v\u00edas transversales para el acceso a espacios laterales. No aparecen otros caminos rectos, pese a estar construidos el cementerio, la iglesia de San Jos\u00e9, y el hospital de la Aguada, en espacios libres de la servidumbre militar. Junto a la Punta de la Vaca existe una ligera concentraci\u00f3n de huertas, casas y cercados redondeados en fondo de saco, en el lugar que se conocer\u00e1 como San Severiano, sin comunicaci\u00f3n con otras zonas.<\/p>\n<p style=\"text-align: justify;\">Ante el castillo de Puntales fueron arrasadas las construcciones desordenadas que hab\u00eda, para dejar expedito el tiro de armas de fuego. En el resto, quedan lugares vac\u00edos, lagunas, caminos indecisos y reductos aislados de defensa. Con especial \u00e9nfasis se representa en todo el per\u00edmetro el espacio intermedio de las playas y arrecifes que orlan el territorio en los bordes del mar.<\/p>\n<!-- AddThis Advanced Settings generic via filter on the_content --><!-- AddThis Share Buttons generic via filter on the_content -->","protected":false},"excerpt":{"rendered":"<p>El plano firmado \u201cC. p. Jos\u00e9 D\u00edez de Bulnes\u201d se realiz\u00f3 durante el asedio franc\u00e9s de C\u00e1diz (1810-1812), como demuestra la indicaci\u00f3n de los reductos militares construidos para hacerle frente. No consta que el autor fuera ingeniero militar (\u201cC. p.\u201d parece indicar \u201cCopiado por\u2026\u201d). Se trata de un h\u00e1bil dibujante que plasm\u00f3 la estructura de [&hellip;]<!-- AddThis Advanced Settings generic via filter on wp_trim_excerpt --><!-- AddThis Share Buttons generic via filter on wp_trim_excerpt --><\/p>\n","protected":false},"author":2,"featured_media":0,"comment_status":"open","ping_status":"open","sticky":false,"template":"","format":"standard","meta":{"_mi_skip_tracking":false},"categories":[2],"tags":[162,475,81,497],"_links":{"self":[{"href":"https:\/\/ws089.juntadeandalucia.es\/institutodeestadisticaycartografia\/blog\/wp-json\/wp\/v2\/posts\/13624"}],"collection":[{"href":"https:\/\/ws089.juntadeandalucia.es\/institutodeestadisticaycartografia\/blog\/wp-json\/wp\/v2\/posts"}],"about":[{"href":"https:\/\/ws089.juntadeandalucia.es\/institutodeestadisticaycartografia\/blog\/wp-json\/wp\/v2\/types\/post"}],"author":[{"embeddable":true,"href":"https:\/\/ws089.juntadeandalucia.es\/institutodeestadisticaycartografia\/blog\/wp-json\/wp\/v2\/users\/2"}],"replies":[{"embeddable":true,"href":"https:\/\/ws089.juntadeandalucia.es\/institutodeestadisticaycartografia\/blog\/wp-json\/wp\/v2\/comments?post=13624"}],"version-history":[{"count":5,"href":"https:\/\/ws089.juntadeandalucia.es\/institutodeestadisticaycartografia\/blog\/wp-json\/wp\/v2\/posts\/13624\/revisions"}],"predecessor-version":[{"id":13671,"href":"https:\/\/ws089.juntadeandalucia.es\/institutodeestadisticaycartografia\/blog\/wp-json\/wp\/v2\/posts\/13624\/revisions\/13671"}],"wp:attachment":[{"href":"https:\/\/ws089.juntadeandalucia.es\/institutodeestadisticaycartografia\/blog\/wp-json\/wp\/v2\/media?parent=13624"}],"wp:term":[{"taxonomy":"category","embeddable":true,"href":"https:\/\/ws089.juntadeandalucia.es\/institutodeestadisticaycartografia\/blog\/wp-json\/wp\/v2\/categories?post=13624"},{"taxonomy":"post_tag","embeddable":true,"href":"https:\/\/ws089.juntadeandalucia.es\/institutodeestadisticaycartografia\/blog\/wp-json\/wp\/v2\/tags?post=13624"}],"curies":[{"name":"wp","href":"https:\/\/api.w.org\/{rel}","templated":true}]}}