{"id":13546,"date":"2023-08-16T11:00:41","date_gmt":"2023-08-16T09:00:41","guid":{"rendered":"https:\/\/ws089.juntadeandalucia.es\/institutodeestadisticaycartografia\/blog\/?p=13546"},"modified":"2023-08-16T11:00:42","modified_gmt":"2023-08-16T09:00:42","slug":"cartografia-urbana-de-andalucia-almeria-1897","status":"publish","type":"post","link":"https:\/\/ws089.juntadeandalucia.es\/institutodeestadisticaycartografia\/blog\/2023\/08\/cartografia-urbana-de-andalucia-almeria-1897\/","title":{"rendered":"Cartograf\u00eda urbana de Andaluc\u00eda: Almer\u00eda 1897"},"content":{"rendered":"<p style=\"text-align: justify;\">Gabriel Pradal representa gr\u00e1ficamente el nacimiento y expansi\u00f3n de la Almer\u00eda burguesa decimon\u00f3nica. La fase de expansi\u00f3n, amparada por el nuevo orden socioecon\u00f3mico, se desarrolla en la segunda mitad de siglo mediante la planificaci\u00f3n de ensanches como principal planteamiento urban\u00edstico.<\/p>\n<p style=\"text-align: justify;\">La conversi\u00f3n de Almer\u00eda en capital de la provincia, el crecimiento demogr\u00e1fico, las nuevas propuestas econ\u00f3micas para la industria, comercio y agricultura, junto con el auge de la miner\u00eda de hierro y plomo, cuyos yacimientos de las sierras de Almagrera y G\u00e1dor adquieren la m\u00e1xima importancia a escala internacional, impulsan la actividad econ\u00f3mica y la necesidad de fomentar la transformaci\u00f3n urbana y las infraestructuras ferroviaria y portuaria. Los cambios estratifican la sociedad, y la burgues\u00eda y el creciente n\u00famero de jornaleros configuran la comunidad urbana.<\/p>\n<p style=\"text-align: justify;\">El derribo de las murallas en 1855 establece el arranque del desarrollo urbano, que recae en su mayor parte sobre las huertas de los conventos desamortizados que pasan a manos de la burgues\u00eda. La expansi\u00f3n, controlada por las Ordenanzas Municipales de 1864, tiene dos vertientes. Por un lado se plantea la figura del ensanche o \u00e1rea planificada con su variante de barrio obrero. Por otro, se interviene en el casco hist\u00f3rico consolidado mediante el expediente t\u00e9cnico de alineaci\u00f3n de calles. Con car\u00e1cter general, la expansi\u00f3n tiene un car\u00e1cter fragmentario, tanto espacial como temporalmente. Se realiz\u00f3 sin atenerse a una visi\u00f3n de conjunto. Con este planteamiento se acomete la expansi\u00f3n interior de remodelaci\u00f3n del casco hist\u00f3rico y la expansi\u00f3n exterior con el ensanche burgu\u00e9s de levante realizada a partir del Paseo de Almer\u00eda, el ensanche obrero de poniente en el \u00e1rea del Reducto, el ensanche sur con la construcci\u00f3n del puerto, el ensanche norte sobre la Huerta de Jaruga y los barrios obreros perif\u00e9ricos. La expansi\u00f3n a levante estaba condicionada por el encauzamiento previo de la rambla del Obispo, y cuando se realiza frena los proyectos ut\u00f3picos del arquitecto municipal Trinidad Cuartara que planifica sendas ret\u00edculas de manzanas cuadradas o rectangulares con las esquinas achaflanadas.<\/p>\n<p style=\"text-align: justify;\">La Almer\u00eda burguesa decimon\u00f3nica tiene como referentes arquitect\u00f3nicos la remodelaci\u00f3n del Ayuntamiento, los teatros Apolo y Cervantes, el Instituto de Ense\u00f1anza Media, el colegio de la Pur\u00edsima, la Compa\u00f1\u00eda de Mar\u00eda, el Palacio Episcopal, el Cementerio, el cuartel de la Misericordia, la plaza de toros, el Mercado y la estaci\u00f3n de ferrocarril, evidenciando que la arquitectura y el urbanismo constituyen momentos distintos de una misma realidad operativa.<\/p>\n<p style=\"text-align: justify;\"><a href=\"https:\/\/ws089.juntadeandalucia.es\/institutodeestadisticaycartografia\/blog\/wp-content\/uploads\/2023\/08\/Almeria-1897.jpg\"><img class=\"alignnone size-full wp-image-14225\" src=\"https:\/\/ws089.juntadeandalucia.es\/institutodeestadisticaycartografia\/blog\/wp-content\/uploads\/2023\/08\/Almeria-1897.jpg\" alt=\"Almer\u00eda 1897\" width=\"620\" srcset=\"https:\/\/ws089.juntadeandalucia.es\/institutodeestadisticaycartografia\/blog\/wp-content\/uploads\/2023\/08\/Almeria-1897.jpg 2175w, https:\/\/ws089.juntadeandalucia.es\/institutodeestadisticaycartografia\/blog\/wp-content\/uploads\/2023\/08\/Almeria-1897-300x276.jpg 300w, https:\/\/ws089.juntadeandalucia.es\/institutodeestadisticaycartografia\/blog\/wp-content\/uploads\/2023\/08\/Almeria-1897-1024x942.jpg 1024w, https:\/\/ws089.juntadeandalucia.es\/institutodeestadisticaycartografia\/blog\/wp-content\/uploads\/2023\/08\/Almeria-1897-768x706.jpg 768w, https:\/\/ws089.juntadeandalucia.es\/institutodeestadisticaycartografia\/blog\/wp-content\/uploads\/2023\/08\/Almeria-1897-1536x1412.jpg 1536w, https:\/\/ws089.juntadeandalucia.es\/institutodeestadisticaycartografia\/blog\/wp-content\/uploads\/2023\/08\/Almeria-1897-2048x1883.jpg 2048w\" sizes=\"(max-width: 2175px) 100vw, 2175px\" \/><\/a><\/p>\n<p style=\"text-align: justify;\"><span style=\"font-size: 9px;\">Gabriel Pradal Ruiz. Barcelona, Henrich y C.\u00aa, 1897.<br \/>\nLitograf\u00eda, 75 x 82 cm en h. 89 x 94 cm. Escala 1:5.000.<br \/>\nEspa\u00f1a. Ministerio de Defensa. Instituto de Historia y Cultura Militar.<br \/>\nArchivo General Militar de Madrid, AL-3\/17.<br \/>\n<a href=\"https:\/\/www.juntadeandalucia.es\/institutodeestadisticaycartografia\/prodCartografia\/cartoteca\/galeria\/almeria1897.htm\">https:\/\/www.juntadeandalucia.es\/institutodeestadisticaycartografia\/prodCartografia\/cartoteca\/galeria\/almeria1897.htm<\/a><br \/>\n<\/span><\/p>\n<p style=\"text-align: justify;\"><a href=\"https:\/\/ws089.juntadeandalucia.es\/institutodeestadisticaycartografia\/blog\/wp-content\/uploads\/2023\/08\/Almeria-1897-detalle.jpg\"><img class=\"alignnone size-full wp-image-14226\" src=\"https:\/\/ws089.juntadeandalucia.es\/institutodeestadisticaycartografia\/blog\/wp-content\/uploads\/2023\/08\/Almeria-1897-detalle.jpg\" alt=\"Detalle del mapa de Almer\u00eda\" width=\"620\" srcset=\"https:\/\/ws089.juntadeandalucia.es\/institutodeestadisticaycartografia\/blog\/wp-content\/uploads\/2023\/08\/Almeria-1897-detalle.jpg 1192w, https:\/\/ws089.juntadeandalucia.es\/institutodeestadisticaycartografia\/blog\/wp-content\/uploads\/2023\/08\/Almeria-1897-detalle-300x156.jpg 300w, https:\/\/ws089.juntadeandalucia.es\/institutodeestadisticaycartografia\/blog\/wp-content\/uploads\/2023\/08\/Almeria-1897-detalle-1024x531.jpg 1024w, https:\/\/ws089.juntadeandalucia.es\/institutodeestadisticaycartografia\/blog\/wp-content\/uploads\/2023\/08\/Almeria-1897-detalle-768x398.jpg 768w\" sizes=\"(max-width: 1192px) 100vw, 1192px\" \/><\/a><\/p>\n<p style=\"text-align: justify;\"><span style=\"font-size: 9px;\">Detalle del mapa de Almer\u00eda en el entorno de la Alcazaba<\/span><\/p>\n<!-- AddThis Advanced Settings generic via filter on the_content --><!-- AddThis Share Buttons generic via filter on the_content -->","protected":false},"excerpt":{"rendered":"<p>Gabriel Pradal representa gr\u00e1ficamente el nacimiento y expansi\u00f3n de la Almer\u00eda burguesa decimon\u00f3nica. La fase de expansi\u00f3n, amparada por el nuevo orden socioecon\u00f3mico, se desarrolla en la segunda mitad de siglo mediante la planificaci\u00f3n de ensanches como principal planteamiento urban\u00edstico. La conversi\u00f3n de Almer\u00eda en capital de la provincia, el crecimiento demogr\u00e1fico, las nuevas propuestas [&hellip;]<!-- AddThis Advanced Settings generic via filter on wp_trim_excerpt --><!-- AddThis Share Buttons generic via filter on wp_trim_excerpt --><\/p>\n","protected":false},"author":2,"featured_media":0,"comment_status":"open","ping_status":"open","sticky":false,"template":"","format":"standard","meta":{"_mi_skip_tracking":false},"categories":[2],"tags":[169,475,396,497],"_links":{"self":[{"href":"https:\/\/ws089.juntadeandalucia.es\/institutodeestadisticaycartografia\/blog\/wp-json\/wp\/v2\/posts\/13546"}],"collection":[{"href":"https:\/\/ws089.juntadeandalucia.es\/institutodeestadisticaycartografia\/blog\/wp-json\/wp\/v2\/posts"}],"about":[{"href":"https:\/\/ws089.juntadeandalucia.es\/institutodeestadisticaycartografia\/blog\/wp-json\/wp\/v2\/types\/post"}],"author":[{"embeddable":true,"href":"https:\/\/ws089.juntadeandalucia.es\/institutodeestadisticaycartografia\/blog\/wp-json\/wp\/v2\/users\/2"}],"replies":[{"embeddable":true,"href":"https:\/\/ws089.juntadeandalucia.es\/institutodeestadisticaycartografia\/blog\/wp-json\/wp\/v2\/comments?post=13546"}],"version-history":[{"count":3,"href":"https:\/\/ws089.juntadeandalucia.es\/institutodeestadisticaycartografia\/blog\/wp-json\/wp\/v2\/posts\/13546\/revisions"}],"predecessor-version":[{"id":14227,"href":"https:\/\/ws089.juntadeandalucia.es\/institutodeestadisticaycartografia\/blog\/wp-json\/wp\/v2\/posts\/13546\/revisions\/14227"}],"wp:attachment":[{"href":"https:\/\/ws089.juntadeandalucia.es\/institutodeestadisticaycartografia\/blog\/wp-json\/wp\/v2\/media?parent=13546"}],"wp:term":[{"taxonomy":"category","embeddable":true,"href":"https:\/\/ws089.juntadeandalucia.es\/institutodeestadisticaycartografia\/blog\/wp-json\/wp\/v2\/categories?post=13546"},{"taxonomy":"post_tag","embeddable":true,"href":"https:\/\/ws089.juntadeandalucia.es\/institutodeestadisticaycartografia\/blog\/wp-json\/wp\/v2\/tags?post=13546"}],"curies":[{"name":"wp","href":"https:\/\/api.w.org\/{rel}","templated":true}]}}