{"id":13306,"date":"2022-05-13T15:13:00","date_gmt":"2022-05-13T13:13:00","guid":{"rendered":"https:\/\/ws089.juntadeandalucia.es\/institutodeestadisticaycartografia\/blog\/?p=13306"},"modified":"2022-06-01T12:34:13","modified_gmt":"2022-06-01T10:34:13","slug":"crta-0122","status":"publish","type":"post","link":"https:\/\/ws089.juntadeandalucia.es\/institutodeestadisticaycartografia\/blog\/2022\/05\/crta-0122\/","title":{"rendered":"La econom\u00eda andaluza creci\u00f3 en el primer trimestre de 2022 un 6,8% respecto al mismo periodo del a\u00f1o anterior y un 0,1% respecto al trimestre anterior"},"content":{"rendered":"<p style=\"text-align: justify;\">Seg\u00fan los resultados de la <a href=\"https:\/\/www.juntadeandalucia.es\/institutodeestadisticaycartografia\/crta\/index.htm\">Contabilidad Regional Trimestral de Andaluc\u00eda. Revisi\u00f3n estad\u00edstica 2019<\/a> que elabora el Instituto de Estad\u00edstica y Cartograf\u00eda de Andaluc\u00eda, la econom\u00eda andaluza registr\u00f3 un crecimiento del 6,8%<sup>1<\/sup> en el primer trimestre de 2022, respecto al mismo periodo del a\u00f1o anterior. Las cifras de crecimiento publicadas hoy coinciden con las adelantadas el pasado 3 de mayo en la estimaci\u00f3n avance del PIB.<\/p>\n<p class=\"titgraf\" style=\"text-align: center;\"><strong>Evoluci\u00f3n trimestral del PIB. Tasas de variaci\u00f3n interanual (%)<\/strong><br \/>\n<a href=\"https:\/\/ws089.juntadeandalucia.es\/institutodeestadisticaycartografia\/blog\/wp-content\/uploads\/2022\/06\/graf1-1.png\"><img loading=\"lazy\" class=\"alignnone size-full wp-image-13308\" src=\"https:\/\/ws089.juntadeandalucia.es\/institutodeestadisticaycartografia\/blog\/wp-content\/uploads\/2022\/06\/graf1-1.png\" alt=\"Evoluci\u00f3n trimestral del PIB. Tasas de variaci\u00f3n interanual (%)\" width=\"607\" height=\"342\" srcset=\"https:\/\/ws089.juntadeandalucia.es\/institutodeestadisticaycartografia\/blog\/wp-content\/uploads\/2022\/06\/graf1-1.png 607w, https:\/\/ws089.juntadeandalucia.es\/institutodeestadisticaycartografia\/blog\/wp-content\/uploads\/2022\/06\/graf1-1-300x169.png 300w\" sizes=\"(max-width: 607px) 100vw, 607px\" \/><\/a><\/p>\n<p><!--more--><\/p>\n<p style=\"text-align: justify;\">De acuerdo con la evoluci\u00f3n intertrimestral, el Producto Interior Bruto generado por la econom\u00eda andaluza registr\u00f3 un crecimiento del 0,1% en el primer trimestre del a\u00f1o.<\/p>\n<p style=\"text-align: justify;\">Desde la perspectiva de la demanda, se produjo una mejora en el primer trimestre respecto al precedente tanto para el gasto en consumo final de las AAPP e ISFLSH como para la formaci\u00f3n bruta de capital, que experimentaron crecimientos positivos del 1,2% y 1,4%, respectivamente. El resto de agregados de demanda registraron ca\u00eddas respecto al cuarto trimestre del a\u00f1o 2021.<\/p>\n<p style=\"text-align: justify;\">Para las ramas de la oferta, todos los grandes sectores de la econom\u00eda decrecen respecto al trimestre anterior, a excepci\u00f3n de las ramas de los <em>Servicios<\/em> en su conjunto. Destacan dentro del sector servicios la mejora en los subsectores de la <em>Actividades art\u00edsticas, recreativas y otros servicios<\/em> (12,7%) y las <em>Actividades inmobiliarias<\/em> (2,7%).<\/p>\n<p class=\"titgraf\" style=\"text-align: center;\"><a href=\"https:\/\/ws089.juntadeandalucia.es\/institutodeestadisticaycartografia\/blog\/wp-content\/uploads\/2022\/06\/graf2-1.png\"><img loading=\"lazy\" class=\"alignnone size-full wp-image-13309\" src=\"https:\/\/ws089.juntadeandalucia.es\/institutodeestadisticaycartografia\/blog\/wp-content\/uploads\/2022\/06\/graf2-1.png\" alt=\"PIB\" width=\"608\" height=\"600\" srcset=\"https:\/\/ws089.juntadeandalucia.es\/institutodeestadisticaycartografia\/blog\/wp-content\/uploads\/2022\/06\/graf2-1.png 608w, https:\/\/ws089.juntadeandalucia.es\/institutodeestadisticaycartografia\/blog\/wp-content\/uploads\/2022\/06\/graf2-1-300x296.png 300w\" sizes=\"(max-width: 608px) 100vw, 608px\" \/><\/a><\/p>\n<p style=\"text-align: justify;\">Analizando la informaci\u00f3n en t\u00e9rminos interanuales, y desde la \u00f3ptica de la demanda, en el primer trimestre del a\u00f1o tanto la contribuci\u00f3n de la demanda regional como el saldo exterior al crecimiento del PIB registran datos positivos de 3,15 y 3,66 puntos porcentuales, respectivamente.<\/p>\n<p class=\"titgraf\" style=\"text-align: center;\"><strong>Aportaciones al crecimiento del PIB pm (%)<\/strong><br \/>\n<a href=\"https:\/\/ws089.juntadeandalucia.es\/institutodeestadisticaycartografia\/blog\/wp-content\/uploads\/2022\/06\/graf3-1.png\"><img loading=\"lazy\" class=\"alignnone size-full wp-image-13310\" src=\"https:\/\/ws089.juntadeandalucia.es\/institutodeestadisticaycartografia\/blog\/wp-content\/uploads\/2022\/06\/graf3-1.png\" alt=\"Aportaciones al crecimiento del PIB pm (%)\" width=\"607\" height=\"342\" srcset=\"https:\/\/ws089.juntadeandalucia.es\/institutodeestadisticaycartografia\/blog\/wp-content\/uploads\/2022\/06\/graf3-1.png 607w, https:\/\/ws089.juntadeandalucia.es\/institutodeestadisticaycartografia\/blog\/wp-content\/uploads\/2022\/06\/graf3-1-300x169.png 300w\" sizes=\"(max-width: 607px) 100vw, 607px\" \/><\/a><\/p>\n<p style=\"text-align: justify;\">Por componentes de la demanda, el gasto en consumo final de los hogares regional registr\u00f3 un crecimiento del 2,9%.<\/p>\n<p style=\"text-align: justify;\">El gasto en consumo final de las Administraciones P\u00fablicas e Instituciones sin fines de lucro al servicio de los hogares registr\u00f3 un crecimiento del 1,6% en el primer trimestre del a\u00f1o.<\/p>\n<p style=\"text-align: justify;\">De esta forma, el gasto en consumo final regional creci\u00f3 un 2,5%, representando 2,2 puntos del PIB regional.<\/p>\n<p class=\"titgraf\" style=\"text-align: center;\"><a href=\"https:\/\/ws089.juntadeandalucia.es\/institutodeestadisticaycartografia\/blog\/wp-content\/uploads\/2022\/06\/graf4-1.png\"><img class=\"alignnone size-full wp-image-13311\" src=\"https:\/\/ws089.juntadeandalucia.es\/institutodeestadisticaycartografia\/blog\/wp-content\/uploads\/2022\/06\/graf4-1.png\" alt=\"PIB. Demanda\" width=\"620\" srcset=\"https:\/\/ws089.juntadeandalucia.es\/institutodeestadisticaycartografia\/blog\/wp-content\/uploads\/2022\/06\/graf4-1.png 720w, https:\/\/ws089.juntadeandalucia.es\/institutodeestadisticaycartografia\/blog\/wp-content\/uploads\/2022\/06\/graf4-1-300x140.png 300w\" sizes=\"(max-width: 720px) 100vw, 720px\" \/><\/a><\/p>\n<p style=\"text-align: justify;\">La formaci\u00f3n bruta de capital, por su parte, registr\u00f3 una tasa del 5,3% en el primer trimestre de 2022, lo que supone una repercusi\u00f3n positiva sobre el PIB de casi un punto.<\/p>\n<p style=\"text-align: justify;\">En cuanto a los agregados del sector exterior, tanto las exportaciones como las importaciones de bienes y servicios registran crecimientos positivos del 28,0% y del 14,2%, respectivamente, respecto al mismo trimestre del a\u00f1o anterior.<\/p>\n<p style=\"text-align: justify;\">Por componentes de la oferta, las ramas primarias registran un crecimiento en su actividad del 3,0%, lo que supone una repercusi\u00f3n positiva de 0,2 puntos sobre el PIB.<\/p>\n<p class=\"titgraf\" style=\"text-align: center;\"><a href=\"https:\/\/ws089.juntadeandalucia.es\/institutodeestadisticaycartografia\/blog\/wp-content\/uploads\/2022\/06\/graf5-1.png\"><img class=\"alignnone size-full wp-image-13312\" src=\"https:\/\/ws089.juntadeandalucia.es\/institutodeestadisticaycartografia\/blog\/wp-content\/uploads\/2022\/06\/graf5-1.png\" alt=\"PIB. Oferta\" width=\"620\" srcset=\"https:\/\/ws089.juntadeandalucia.es\/institutodeestadisticaycartografia\/blog\/wp-content\/uploads\/2022\/06\/graf5-1.png 765w, https:\/\/ws089.juntadeandalucia.es\/institutodeestadisticaycartografia\/blog\/wp-content\/uploads\/2022\/06\/graf5-1-300x156.png 300w\" sizes=\"(max-width: 765px) 100vw, 765px\" \/><\/a><\/p>\n<p style=\"text-align: justify;\">Las ramas industriales registraron un crecimiento en su tasa interanual del 6,4%, siendo su aportaci\u00f3n al crecimiento del PIB de 0,6 puntos. La industria manufacturera registr\u00f3 una tasa positiva del 2,7%.<\/p>\n<p style=\"text-align: justify;\">Por su parte, el sector de la construcci\u00f3n creci\u00f3 un 3,1%, aportando dos d\u00e9cimas al crecimiento del PIB del primer trimestre en la Comunidad.<\/p>\n<p style=\"text-align: justify;\">El sector servicios en su conjunto presenta una tasa de crecimiento del 7,6%, siendo su aportaci\u00f3n al crecimiento del PIB de 5,1 puntos. Por subsectores, salvo las ramas de las <em>Actividades financieras y de seguros<\/em>, que registraron una ca\u00edda del 0,1%, todas las ramas de los servicios registraron crecimientos interanuales positivos destacando las <em>Actividades de comercio, transporte y hosteler\u00eda<\/em> (19,5%), las <em>Actividades art\u00edsticas, recreativas y otros servicios<\/em> (18,1%) o las ramas de las actividades de <em>Informaci\u00f3n y comunicaciones<\/em> (8,0%), respecto al mismo trimestre del a\u00f1o anterior.<\/p>\n<p class=\"titgraf\" style=\"text-align: center;\"><strong>VAB por sectores. Primer trimestre 2022. Tasas de variaci\u00f3n interanual (%)<\/strong><br \/>\n<a href=\"https:\/\/ws089.juntadeandalucia.es\/institutodeestadisticaycartografia\/blog\/wp-content\/uploads\/2022\/06\/graf6-1.png\"><img loading=\"lazy\" class=\"alignnone size-full wp-image-13313\" src=\"https:\/\/ws089.juntadeandalucia.es\/institutodeestadisticaycartografia\/blog\/wp-content\/uploads\/2022\/06\/graf6-1.png\" alt=\"VAB por sectores. Primer trimestre 2022. Tasas de variaci\u00f3n interanual (%)\" width=\"531\" height=\"304\" srcset=\"https:\/\/ws089.juntadeandalucia.es\/institutodeestadisticaycartografia\/blog\/wp-content\/uploads\/2022\/06\/graf6-1.png 531w, https:\/\/ws089.juntadeandalucia.es\/institutodeestadisticaycartografia\/blog\/wp-content\/uploads\/2022\/06\/graf6-1-300x172.png 300w\" sizes=\"(max-width: 531px) 100vw, 531px\" \/><\/a><\/p>\n<p style=\"text-align: justify;\">El empleo, medido en t\u00e9rminos de puestos de trabajo<sup>2<\/sup>, presenta para este trimestre un crecimiento del 6,3%. Asimismo, se observa una mejor\u00eda en el n\u00famero de puestos de trabajo asalariados, registrando una tasa interanual del 7,2%, debido principalmente al crecimiento en el n\u00famero de asalariados en las <em>Actividades de comercio, transporte y hosteler\u00eda<\/em> (21,5%) y en la <em>Informaci\u00f3n y comunicaciones<\/em> (10,8%).<\/p>\n<p class=\"titgraf\" style=\"text-align: center;\"><a href=\"https:\/\/ws089.juntadeandalucia.es\/institutodeestadisticaycartografia\/blog\/wp-content\/uploads\/2022\/06\/graf7.png\"><img class=\"alignnone size-full wp-image-13314\" src=\"https:\/\/ws089.juntadeandalucia.es\/institutodeestadisticaycartografia\/blog\/wp-content\/uploads\/2022\/06\/graf7.png\" alt=\"Empleo\" width=\"620\" srcset=\"https:\/\/ws089.juntadeandalucia.es\/institutodeestadisticaycartografia\/blog\/wp-content\/uploads\/2022\/06\/graf7.png 699w, https:\/\/ws089.juntadeandalucia.es\/institutodeestadisticaycartografia\/blog\/wp-content\/uploads\/2022\/06\/graf7-300x248.png 300w\" sizes=\"(max-width: 699px) 100vw, 699px\" \/><\/a><\/p>\n<p style=\"text-align: justify;\">En t\u00e9rminos corrientes y atendiendo a la perspectiva de las rentas, tanto la remuneraci\u00f3n de los asalariados como el excedente de explotaci\u00f3n bruto\/renta mixta crecen en este primer trimestre (8,3% y 18,6%, respectivamente).<\/p>\n<p class=\"titgraf\" style=\"text-align: center;\"><a href=\"https:\/\/ws089.juntadeandalucia.es\/institutodeestadisticaycartografia\/blog\/wp-content\/uploads\/2022\/06\/graf8-1.png\"><img class=\"alignnone size-full wp-image-13315\" src=\"https:\/\/ws089.juntadeandalucia.es\/institutodeestadisticaycartografia\/blog\/wp-content\/uploads\/2022\/06\/graf8-1.png\" alt=\"Rentas\" width=\"620\" srcset=\"https:\/\/ws089.juntadeandalucia.es\/institutodeestadisticaycartografia\/blog\/wp-content\/uploads\/2022\/06\/graf8-1.png 698w, https:\/\/ws089.juntadeandalucia.es\/institutodeestadisticaycartografia\/blog\/wp-content\/uploads\/2022\/06\/graf8-1-300x185.png 300w\" sizes=\"(max-width: 698px) 100vw, 698px\" \/><\/a><\/p>\n<p style=\"text-align: justify;\"><span style=\"font-size: 10px;\"><sup>1<\/sup>Medidas de volumen encadenadas, con referencia en el a\u00f1o 2015. Series corregidas de efectos estacionales y de calendario.<\/span><\/p>\n<p style=\"text-align: justify;\"><span style=\"font-size: 10px;\"><sup>2<\/sup>El concepto de puesto de trabajo difiere del de persona empleada, ya que una misma persona puede ocupar uno o varios puestos de trabajo. Adem\u00e1s, en este concepto se excluyen las personas que no trabajan temporalmente en la empresa pero que tienen un v\u00ednculo formal con su puesto de trabajo, donde se encuadrar\u00edan entre otros conceptos los Expedientes de Regulaci\u00f3n Temporal de Empleo y otras razones de tipo econ\u00f3mico o t\u00e9cnico en las que exista una garant\u00eda de reincorporaci\u00f3n al trabajo.<\/span><\/p>\n<p><span style=\"color: #a9a9a9;\">Esta actividad ha sido financiada con fondos FEDER<\/span><\/p>\n<p><a href=\"http:\/\/www.juntadeandalucia.es\/institutodeestadisticaycartografia\/blog\/wp-content\/uploads\/2017\/03\/Logo_UE_FEDER.gif\"><span style=\"color: #a9a9a9;\"><img loading=\"lazy\" class=\"aligncenter size-full wp-image-8048\" style=\"float: left;\" src=\"http:\/\/www.juntadeandalucia.es\/institutodeestadisticaycartografia\/blog\/wp-content\/uploads\/2017\/03\/Logo_UE_FEDER.gif\" alt=\"\" width=\"161\" height=\"30\"><\/span><\/a><\/p>\n<p style=\"text-align: justify;\">&nbsp;<\/p>\n<!-- AddThis Advanced Settings generic via filter on the_content --><!-- AddThis Share Buttons generic via filter on the_content -->","protected":false},"excerpt":{"rendered":"<p>Seg\u00fan los resultados de la Contabilidad Regional Trimestral de Andaluc\u00eda. Revisi\u00f3n estad\u00edstica 2019 que elabora el Instituto de Estad\u00edstica y Cartograf\u00eda de Andaluc\u00eda, la econom\u00eda andaluza registr\u00f3 un crecimiento del 6,8%1 en el primer trimestre de 2022, respecto al mismo periodo del a\u00f1o anterior. Las cifras de crecimiento publicadas hoy coinciden con las adelantadas el [&hellip;]<!-- AddThis Advanced Settings generic via filter on wp_trim_excerpt --><!-- AddThis Share Buttons generic via filter on wp_trim_excerpt --><\/p>\n","protected":false},"author":2,"featured_media":0,"comment_status":"open","ping_status":"open","sticky":false,"template":"","format":"standard","meta":{"_mi_skip_tracking":false},"categories":[1],"tags":[102,9,155],"_links":{"self":[{"href":"https:\/\/ws089.juntadeandalucia.es\/institutodeestadisticaycartografia\/blog\/wp-json\/wp\/v2\/posts\/13306"}],"collection":[{"href":"https:\/\/ws089.juntadeandalucia.es\/institutodeestadisticaycartografia\/blog\/wp-json\/wp\/v2\/posts"}],"about":[{"href":"https:\/\/ws089.juntadeandalucia.es\/institutodeestadisticaycartografia\/blog\/wp-json\/wp\/v2\/types\/post"}],"author":[{"embeddable":true,"href":"https:\/\/ws089.juntadeandalucia.es\/institutodeestadisticaycartografia\/blog\/wp-json\/wp\/v2\/users\/2"}],"replies":[{"embeddable":true,"href":"https:\/\/ws089.juntadeandalucia.es\/institutodeestadisticaycartografia\/blog\/wp-json\/wp\/v2\/comments?post=13306"}],"version-history":[{"count":4,"href":"https:\/\/ws089.juntadeandalucia.es\/institutodeestadisticaycartografia\/blog\/wp-json\/wp\/v2\/posts\/13306\/revisions"}],"predecessor-version":[{"id":13318,"href":"https:\/\/ws089.juntadeandalucia.es\/institutodeestadisticaycartografia\/blog\/wp-json\/wp\/v2\/posts\/13306\/revisions\/13318"}],"wp:attachment":[{"href":"https:\/\/ws089.juntadeandalucia.es\/institutodeestadisticaycartografia\/blog\/wp-json\/wp\/v2\/media?parent=13306"}],"wp:term":[{"taxonomy":"category","embeddable":true,"href":"https:\/\/ws089.juntadeandalucia.es\/institutodeestadisticaycartografia\/blog\/wp-json\/wp\/v2\/categories?post=13306"},{"taxonomy":"post_tag","embeddable":true,"href":"https:\/\/ws089.juntadeandalucia.es\/institutodeestadisticaycartografia\/blog\/wp-json\/wp\/v2\/tags?post=13306"}],"curies":[{"name":"wp","href":"https:\/\/api.w.org\/{rel}","templated":true}]}}