{"id":13165,"date":"2022-05-06T11:48:27","date_gmt":"2022-05-06T09:48:27","guid":{"rendered":"https:\/\/ws089.juntadeandalucia.es\/institutodeestadisticaycartografia\/blog\/?p=13165"},"modified":"2022-06-01T14:26:08","modified_gmt":"2022-06-01T12:26:08","slug":"andalucia-la-imagen-cartografica-la-cria-caballar-en-1861","status":"publish","type":"post","link":"https:\/\/ws089.juntadeandalucia.es\/institutodeestadisticaycartografia\/blog\/2022\/05\/andalucia-la-imagen-cartografica-la-cria-caballar-en-1861\/","title":{"rendered":"Andaluc\u00eda, la imagen cartogr\u00e1fica: la cr\u00eda caballar en 1861"},"content":{"rendered":"<p style=\"text-align: justify;\">La notable expansi\u00f3n de la cartograf\u00eda tem\u00e1tica desde el segundo tercio del siglo XIX se pone de manifiesto en la amplia variedad de contenidos que llega a abarcar, de los que son buen ejemplo los mapas de las provincias andaluzas de C\u00e1diz y C\u00f3rdoba que ilustran la obra del coronel de caballer\u00eda Juan Cotarelo y Garastazu <em>La cr\u00eda caballar en Espa\u00f1a o noticias hist\u00f3ricas, estad\u00edsticas y descriptivas acerca de este ramo de riqueza<\/em>, impresa en Madrid en 1861 por la Imprenta Militar del Atlas, una lujosa edici\u00f3n de gran formato y cuidadosa terminaci\u00f3n.<\/p>\n<p style=\"text-align: justify;\">Ambos mapas, grabados por Gustavo Pfeiffer y estampados en el taller de la Litograf\u00eda Alemana, resaltan la especial importancia en este ramo de las provincias gaditana y cordobesa, presentando, a partir de sencillas bases geogr\u00e1ficas tomadas de las series provinciales difundidas por entonces (Alabern y Mab\u00f3n, Bachiller), y, en definitiva, del mapa de Andaluc\u00eda de A. H. Dufour de 1837, la informaci\u00f3n de verdadero inter\u00e9s para esta edici\u00f3n: la distribuci\u00f3n de yeguadas y remontas del ej\u00e9rcito, las \u00e1reas donde se labraba con ganado vacuno o mular, las provincias lim\u00edtrofes con m\u00e1s o menos ganado caballar; informaci\u00f3n gr\u00e1fica que se completa con notas estad\u00edsticas y adorna con escenas paisaj\u00edsticas de caballos en el campo.<\/p>\n<p style=\"text-align: justify;\">En el caso de C\u00e1diz, la personificaci\u00f3n de un r\u00edo protagoniza la cabecera del mapa, en el que se delimitan los partidos con los signos correspondientes a sus caracter\u00edsticas respecto a la cr\u00eda caballar.<\/p>\n<p style=\"text-align: justify;\"><a href=\"https:\/\/ws089.juntadeandalucia.es\/institutodeestadisticaycartografia\/blog\/wp-content\/uploads\/2022\/05\/CriaCaballarCadiz.png\"><img class=\"alignnone size-full wp-image-13166\" src=\"https:\/\/ws089.juntadeandalucia.es\/institutodeestadisticaycartografia\/blog\/wp-content\/uploads\/2022\/05\/CriaCaballarCadiz.png\" alt=\"C\u00e1diz 1861\" width=\"620\" srcset=\"https:\/\/ws089.juntadeandalucia.es\/institutodeestadisticaycartografia\/blog\/wp-content\/uploads\/2022\/05\/CriaCaballarCadiz.png 985w, https:\/\/ws089.juntadeandalucia.es\/institutodeestadisticaycartografia\/blog\/wp-content\/uploads\/2022\/05\/CriaCaballarCadiz-300x208.png 300w, https:\/\/ws089.juntadeandalucia.es\/institutodeestadisticaycartografia\/blog\/wp-content\/uploads\/2022\/05\/CriaCaballarCadiz-768x532.png 768w\" sizes=\"(max-width: 985px) 100vw, 985px\" \/><\/a><\/p>\n<p style=\"text-align: justify;\"><span style=\"font-size: 9px;\">Juan Cotarelo y Garastazu, Gustavo Pfeiffer<br \/>\nMadrid, 1861<br \/>\nC\u00e1diz<br \/>\nLitograf\u00eda, 30 x 44 cm. Escala [ca. 1:585.000].<br \/>\nBiblioteca Nacional de Espa\u00f1a (Madrid). MV\/7<br \/>\n<a href=\"https:\/\/www.juntadeandalucia.es\/institutodeestadisticaycartografia\/cartoteca\/buscar\/getetiqueta\/id\/19899\">https:\/\/www.juntadeandalucia.es\/institutodeestadisticaycartografia\/cartoteca\/buscar\/getetiqueta\/id\/19899<\/a><br \/>\n<\/span><\/p>\n<p><!--more--><\/p>\n<p style=\"text-align: justify;\">El mapa de C\u00f3rdoba proporciona tambi\u00e9n una interesante informaci\u00f3n cartogr\u00e1fica sobre el estado del ganado caballar en el \u00e1mbito cordob\u00e9s a mediados del siglo XIX. Destaca la elevada concentraci\u00f3n de yeguadas en los partidos de la Campi\u00f1a: 80 en el de La Rambla, 68 en el de C\u00f3rdoba, 58 en Montilla, 56 en Baena,&#8230; Asimismo, reviste inter\u00e9s constatar el claro predominio, casi generalizado en esas fechas, del ganado vacuno para la labranza.<\/p>\n<p style=\"text-align: justify;\"><a href=\"https:\/\/ws089.juntadeandalucia.es\/institutodeestadisticaycartografia\/blog\/wp-content\/uploads\/2022\/05\/CriaCaballarCordoba.jpg\"><img class=\"alignnone size-full wp-image-13167\" src=\"https:\/\/ws089.juntadeandalucia.es\/institutodeestadisticaycartografia\/blog\/wp-content\/uploads\/2022\/05\/CriaCaballarCordoba.jpg\" alt=\"C\u00f3rdoba 1861\" width=\"620\" srcset=\"https:\/\/ws089.juntadeandalucia.es\/institutodeestadisticaycartografia\/blog\/wp-content\/uploads\/2022\/05\/CriaCaballarCordoba.jpg 1200w, https:\/\/ws089.juntadeandalucia.es\/institutodeestadisticaycartografia\/blog\/wp-content\/uploads\/2022\/05\/CriaCaballarCordoba-300x207.jpg 300w, https:\/\/ws089.juntadeandalucia.es\/institutodeestadisticaycartografia\/blog\/wp-content\/uploads\/2022\/05\/CriaCaballarCordoba-1024x705.jpg 1024w, https:\/\/ws089.juntadeandalucia.es\/institutodeestadisticaycartografia\/blog\/wp-content\/uploads\/2022\/05\/CriaCaballarCordoba-768x529.jpg 768w\" sizes=\"(max-width: 1200px) 100vw, 1200px\" \/><\/a><\/p>\n<p style=\"text-align: justify;\"><span style=\"font-size: 9px;\">Juan Cotarelo y Garastazu, Gustavo Pfeiffer<br \/>\nMadrid, 1861<br \/>\nC\u00f3rdoba<br \/>\nLitograf\u00eda, 30 x 44 cm. Escala [ca. 1:585.000].<br \/>\nArchivo de la Diputaci\u00f3n Provincial de C\u00f3rdoba. Planero 1. Caj\u00f3n 1-001<br \/>\n<a href=\"https:\/\/www.juntadeandalucia.es\/institutodeestadisticaycartografia\/cartoteca\/buscar\/getetiqueta\/id\/67122\">https:\/\/www.juntadeandalucia.es\/institutodeestadisticaycartografia\/cartoteca\/buscar\/getetiqueta\/id\/67122<\/a><br \/>\n<\/span><\/p>\n<p style=\"text-align: justify;\"><a href=\"https:\/\/ws089.juntadeandalucia.es\/institutodeestadisticaycartografia\/blog\/wp-content\/uploads\/2022\/05\/detalle-cordoba-1861.png\"><img class=\"alignnone size-full wp-image-13168\" src=\"https:\/\/ws089.juntadeandalucia.es\/institutodeestadisticaycartografia\/blog\/wp-content\/uploads\/2022\/05\/detalle-cordoba-1861.png\" alt=\"C\u00f3rdoba 1861\" width=\"620\" srcset=\"https:\/\/ws089.juntadeandalucia.es\/institutodeestadisticaycartografia\/blog\/wp-content\/uploads\/2022\/05\/detalle-cordoba-1861.png 800w, https:\/\/ws089.juntadeandalucia.es\/institutodeestadisticaycartografia\/blog\/wp-content\/uploads\/2022\/05\/detalle-cordoba-1861-300x201.png 300w, https:\/\/ws089.juntadeandalucia.es\/institutodeestadisticaycartografia\/blog\/wp-content\/uploads\/2022\/05\/detalle-cordoba-1861-768x515.png 768w\" sizes=\"(max-width: 800px) 100vw, 800px\" \/><\/a><\/p>\n<p style=\"text-align: justify;\"><span style=\"font-size: 9px;\">Detalle del mapa de C\u00f3rdoba<br \/>\n<\/span><\/p>\n<!-- AddThis Advanced Settings generic via filter on the_content --><!-- AddThis Share Buttons generic via filter on the_content -->","protected":false},"excerpt":{"rendered":"<p>La notable expansi\u00f3n de la cartograf\u00eda tem\u00e1tica desde el segundo tercio del siglo XIX se pone de manifiesto en la amplia variedad de contenidos que llega a abarcar, de los que son buen ejemplo los mapas de las provincias andaluzas de C\u00e1diz y C\u00f3rdoba que ilustran la obra del coronel de caballer\u00eda Juan Cotarelo y [&hellip;]<!-- AddThis Advanced Settings generic via filter on wp_trim_excerpt --><!-- AddThis Share Buttons generic via filter on wp_trim_excerpt --><\/p>\n","protected":false},"author":2,"featured_media":0,"comment_status":"open","ping_status":"open","sticky":false,"template":"","format":"standard","meta":{"_mi_skip_tracking":false},"categories":[2],"tags":[162,475,396,158,15],"_links":{"self":[{"href":"https:\/\/ws089.juntadeandalucia.es\/institutodeestadisticaycartografia\/blog\/wp-json\/wp\/v2\/posts\/13165"}],"collection":[{"href":"https:\/\/ws089.juntadeandalucia.es\/institutodeestadisticaycartografia\/blog\/wp-json\/wp\/v2\/posts"}],"about":[{"href":"https:\/\/ws089.juntadeandalucia.es\/institutodeestadisticaycartografia\/blog\/wp-json\/wp\/v2\/types\/post"}],"author":[{"embeddable":true,"href":"https:\/\/ws089.juntadeandalucia.es\/institutodeestadisticaycartografia\/blog\/wp-json\/wp\/v2\/users\/2"}],"replies":[{"embeddable":true,"href":"https:\/\/ws089.juntadeandalucia.es\/institutodeestadisticaycartografia\/blog\/wp-json\/wp\/v2\/comments?post=13165"}],"version-history":[{"count":7,"href":"https:\/\/ws089.juntadeandalucia.es\/institutodeestadisticaycartografia\/blog\/wp-json\/wp\/v2\/posts\/13165\/revisions"}],"predecessor-version":[{"id":13234,"href":"https:\/\/ws089.juntadeandalucia.es\/institutodeestadisticaycartografia\/blog\/wp-json\/wp\/v2\/posts\/13165\/revisions\/13234"}],"wp:attachment":[{"href":"https:\/\/ws089.juntadeandalucia.es\/institutodeestadisticaycartografia\/blog\/wp-json\/wp\/v2\/media?parent=13165"}],"wp:term":[{"taxonomy":"category","embeddable":true,"href":"https:\/\/ws089.juntadeandalucia.es\/institutodeestadisticaycartografia\/blog\/wp-json\/wp\/v2\/categories?post=13165"},{"taxonomy":"post_tag","embeddable":true,"href":"https:\/\/ws089.juntadeandalucia.es\/institutodeestadisticaycartografia\/blog\/wp-json\/wp\/v2\/tags?post=13165"}],"curies":[{"name":"wp","href":"https:\/\/api.w.org\/{rel}","templated":true}]}}