{"id":13045,"date":"2022-02-24T17:58:00","date_gmt":"2022-02-24T16:58:00","guid":{"rendered":"https:\/\/ws089.juntadeandalucia.es\/institutodeestadisticaycartografia\/blog\/?p=13045"},"modified":"2022-03-03T18:24:45","modified_gmt":"2022-03-03T17:24:45","slug":"andalucia-y-provincias-como-hemos-cambiado","status":"publish","type":"post","link":"https:\/\/ws089.juntadeandalucia.es\/institutodeestadisticaycartografia\/blog\/2022\/02\/andalucia-y-provincias-como-hemos-cambiado\/","title":{"rendered":"Se publica el producto de s\u00edntesis Andaluc\u00eda y Provincias&#8230; \u00bfC\u00f3mo hemos cambiado?, una visi\u00f3n del cambio que ha experimentado Andaluc\u00eda y sus provincias en los \u00faltimos cuarenta a\u00f1os"},"content":{"rendered":"<p style=\"text-align: justify;\">El Instituto de Estad\u00edstica y Cartograf\u00eda de Andaluc\u00eda (IECA) publica el producto<a href=\"https:\/\/www.juntadeandalucia.es\/institutodeestadisticaycartografia\/28Febrero\/index.htm\"> Andaluc\u00eda y Provincias&#8230; \u00bfC\u00f3mo hemos cambiado?<\/a>, una recopilaci\u00f3n de indicadores que permiten el estudio de \u00e1mbitos tem\u00e1ticos claves en Andaluc\u00eda como la poblaci\u00f3n y los hogares, la econom\u00eda, el mercado de trabajo y el medio ambiente.<\/p>\n<p style=\"text-align: justify;\">Esta publicaci\u00f3n es el fruto de la evoluci\u00f3n conceptual y tecnol\u00f3gica del producto Indicadores Andaluc\u00eda y Provincias que el IECA viene publicando anualmente desde el a\u00f1o 2006. En esta ocasi\u00f3n, adem\u00e1s de publicar una actualizaci\u00f3n de los datos, se evoluciona tecnol\u00f3gicamente la difusi\u00f3n para ofrecer los datos con un marcado car\u00e1cter visual que facilite a los usuarios discernir los cambios que se han producido en Andaluc\u00eda y sus provincias desde el comienzo de la Autonom\u00eda, hace ya m\u00e1s de 40 a\u00f1os, hasta nuestros d\u00edas. La nueva difusi\u00f3n permite consultar los datos de manera \u00f3ptima desde cualquier dispositivo m\u00f3vil.<\/p>\n<p class=\"titgraf\" style=\"text-align: center;\"><strong>Nueva difusi\u00f3n web<\/strong><br \/>\n<a href=\"https:\/\/ws089.juntadeandalucia.es\/institutodeestadisticaycartografia\/blog\/wp-content\/uploads\/2022\/03\/graf1-2.png\"><img class=\"alignnone size-full wp-image-13046\" src=\"https:\/\/ws089.juntadeandalucia.es\/institutodeestadisticaycartografia\/blog\/wp-content\/uploads\/2022\/03\/graf1-2.png\" alt=\"Nueva difusi\u00f3n web\" width=\"620\" srcset=\"https:\/\/ws089.juntadeandalucia.es\/institutodeestadisticaycartografia\/blog\/wp-content\/uploads\/2022\/03\/graf1-2.png 1243w, https:\/\/ws089.juntadeandalucia.es\/institutodeestadisticaycartografia\/blog\/wp-content\/uploads\/2022\/03\/graf1-2-300x133.png 300w, https:\/\/ws089.juntadeandalucia.es\/institutodeestadisticaycartografia\/blog\/wp-content\/uploads\/2022\/03\/graf1-2-1024x454.png 1024w, https:\/\/ws089.juntadeandalucia.es\/institutodeestadisticaycartografia\/blog\/wp-content\/uploads\/2022\/03\/graf1-2-768x340.png 768w\" sizes=\"(max-width: 1243px) 100vw, 1243px\" \/><\/a><\/p>\n<p><!--more--><\/p>\n<p style=\"text-align: justify;\">La publicaci\u00f3n incorpora una infograf\u00eda general con los indicadores m\u00e1s relevantes as\u00ed como infograf\u00edas de cada uno de los bloques tem\u00e1ticos. Todas las infograf\u00edas son interactivas, permiten la consulta de datos provinciales y enfrentan los primeros datos disponibles con los \u00faltimos publicados.<\/p>\n<p style=\"text-align: justify;\">Podemos ver por ejemplo como desde principios de la d\u00e9cada de los 80 en Andaluc\u00eda hemos pasado de ser menos de 6 millones y medio de habitantes a m\u00e1s de 8 millones y medio en la actualidad o que el n\u00famero medio de hijos por mujer ha descendido de 2,7 a 1,3 o que las pensiones contributivas han pasado de ser algo m\u00e1s de 675 mil a m\u00e1s de 1 mill\u00f3n seiscientas mil. Con series algo m\u00e1s cortas, el PIB per c\u00e1pita ha crecido desde 1995 a 2021 m\u00e1s de 11.000 euros para situarse cerca de los 20.000 euros; el precio del m2 de la vivienda libre ha pasado de 276\u20ac a 1.308\u20ac; se ha producido un incremento significativo de la caba\u00f1a porcina y un descenso de la ovina, o han aumentado el n\u00famero de afiliaciones a la Seguridad Social hasta superar ampliamente los 3 millones.<\/p>\n<p style=\"text-align: justify;\">Si nos fijamos en datos desagregados por sexo, en el periodo transcurrido de 1980 a 2020 la esperanza de vida de los andaluces ha aumentado en 7 a\u00f1os, superando en el caso de las mujeres los 84 a\u00f1os y situ\u00e1ndose para los hombres muy pr\u00f3xima a las 79 a\u00f1os. En materia de salarios los hombres alcanzan una media de m\u00e1s de 18.000\u20ac anuales mientras que las mujeres superan los 14.000\u20ac.<\/p>\n<p style=\"text-align: justify;\">En la comparaci\u00f3n de datos provinciales, M\u00e1laga ha experimentado el mayor incremento de poblaci\u00f3n pasando de 1 mill\u00f3n de personas en 1980 a casi 1.700.000 en la actualidad; tambi\u00e9n es la provincia con mayor actividad tur\u00edstica superando los 3 millones y medio de turistas en 2021; Sevilla es la provincia con mayor volumen de exportaciones superando los 6.000 millones de euros, Huelva es la provincia con mayor peso de su sector industrial y la que dedica m\u00e1s superficie a la agricultura ecol\u00f3gica con m\u00e1s de 200.000 hect\u00e1reas o C\u00e1diz destaca por su tr\u00e1fico mar\u00edtimo de mercanc\u00edas y el porcentaje de renovables en su producci\u00f3n el\u00e9ctrica.<\/p>\n<p style=\"text-align: justify;\">En la siguiente imagen se puede ver parte de la infograf\u00eda del \u00e1mbito tem\u00e1tico de Poblaci\u00f3n y Hogares.<\/p>\n<p class=\"titgraf\" style=\"text-align: center;\"><strong>Infograf\u00eda del \u00e1mbito tem\u00e1tico <em>Poblaci\u00f3n y hogares<\/em><\/strong><br \/>\n<a href=\"https:\/\/ws089.juntadeandalucia.es\/institutodeestadisticaycartografia\/blog\/wp-content\/uploads\/2022\/03\/graf2-1.png\"><img class=\"alignnone size-full wp-image-13047\" src=\"https:\/\/ws089.juntadeandalucia.es\/institutodeestadisticaycartografia\/blog\/wp-content\/uploads\/2022\/03\/graf2-1.png\" alt=\"Infograf\u00eda del \u00e1mbito tem\u00e1tico Poblaci\u00f3n y hogares\" width=\"620\" srcset=\"https:\/\/ws089.juntadeandalucia.es\/institutodeestadisticaycartografia\/blog\/wp-content\/uploads\/2022\/03\/graf2-1.png 880w, https:\/\/ws089.juntadeandalucia.es\/institutodeestadisticaycartografia\/blog\/wp-content\/uploads\/2022\/03\/graf2-1-300x273.png 300w, https:\/\/ws089.juntadeandalucia.es\/institutodeestadisticaycartografia\/blog\/wp-content\/uploads\/2022\/03\/graf2-1-768x700.png 768w\" sizes=\"(max-width: 880px) 100vw, 880px\" \/><\/a><\/p>\n<p style=\"text-align: justify;\">Adem\u00e1s de las infograf\u00edas tem\u00e1ticas, se ofrece un amplio banco de indicadores que ofrece para cada uno de ellos una comparativa provincial, una evoluci\u00f3n temporal desde el primer dato disponible despu\u00e9s de la Autonom\u00eda hasta nuestros d\u00edas, tanto con datos tabulados como con una representaci\u00f3n gr\u00e1fica. Los valores se ofrecen de forma absoluta y con tasas de variaci\u00f3n anual.<\/p>\n<p class=\"titgraf\" style=\"text-align: center;\"><strong>Detalle del indicador <em>N\u00famero de turistas<\/em><\/strong><br \/>\n<a href=\"https:\/\/ws089.juntadeandalucia.es\/institutodeestadisticaycartografia\/blog\/wp-content\/uploads\/2022\/03\/graf3.png\"><img class=\"alignnone size-full wp-image-13048\" src=\"https:\/\/ws089.juntadeandalucia.es\/institutodeestadisticaycartografia\/blog\/wp-content\/uploads\/2022\/03\/graf3.png\" alt=\"Detalle del indicador N\u00famero de turistas\" width=\"620\" srcset=\"https:\/\/ws089.juntadeandalucia.es\/institutodeestadisticaycartografia\/blog\/wp-content\/uploads\/2022\/03\/graf3.png 627w, https:\/\/ws089.juntadeandalucia.es\/institutodeestadisticaycartografia\/blog\/wp-content\/uploads\/2022\/03\/graf3-214x300.png 214w\" sizes=\"(max-width: 627px) 100vw, 627px\" \/><\/a><\/p>\n<p style=\"text-align: justify;\">Entre los indicadores publicados el usuario puede encontrar adem\u00e1s de algunos de los citados anteriormente, la balanza comercial, producciones agr\u00edcolas, indicadores de actividad tur\u00edstica, tasa de paro, espacios naturales protegidos, usos de suelo, producci\u00f3n el\u00e9ctrica con renovables, emisiones de gases de efecto invernadero o grado de motorizaci\u00f3n.<\/p>\n<p style=\"text-align: justify;\">Pr\u00f3ximamente se completar\u00e1 la publicaci\u00f3n con otros importantes temas como son la educaci\u00f3n y la cultura, y la protecci\u00f3n y el bienestar social.<\/p>\n<p><span style=\"color: #a9a9a9;\">Esta actividad ha sido financiada con fondos FEDER<\/span><br \/>\n<a href=\"http:\/\/www.juntadeandalucia.es\/institutodeestadisticaycartografia\/blog\/wp-content\/uploads\/2017\/03\/Logo_UE_FEDER.gif\"><span style=\"color: #a9a9a9;\"><img loading=\"lazy\" class=\"aligncenter size-full wp-image-8048\" style=\"float: left;\" src=\"http:\/\/www.juntadeandalucia.es\/institutodeestadisticaycartografia\/blog\/wp-content\/uploads\/2017\/03\/Logo_UE_FEDER.gif\" alt=\"\" width=\"161\" height=\"30\"><\/span><\/a><\/p>\n<p style=\"text-align: justify;\">&nbsp;<\/p>\n<!-- AddThis Advanced Settings generic via filter on the_content --><!-- AddThis Share Buttons generic via filter on the_content -->","protected":false},"excerpt":{"rendered":"<p>El Instituto de Estad\u00edstica y Cartograf\u00eda de Andaluc\u00eda (IECA) publica el producto Andaluc\u00eda y Provincias&#8230; \u00bfC\u00f3mo hemos cambiado?, una recopilaci\u00f3n de indicadores que permiten el estudio de \u00e1mbitos tem\u00e1ticos claves en Andaluc\u00eda como la poblaci\u00f3n y los hogares, la econom\u00eda, el mercado de trabajo y el medio ambiente. Esta publicaci\u00f3n es el fruto de la [&hellip;]<!-- AddThis Advanced Settings generic via filter on wp_trim_excerpt --><!-- AddThis Share Buttons generic via filter on wp_trim_excerpt --><\/p>\n","protected":false},"author":2,"featured_media":0,"comment_status":"open","ping_status":"open","sticky":false,"template":"","format":"standard","meta":{"_mi_skip_tracking":false},"categories":[1],"tags":[],"_links":{"self":[{"href":"https:\/\/ws089.juntadeandalucia.es\/institutodeestadisticaycartografia\/blog\/wp-json\/wp\/v2\/posts\/13045"}],"collection":[{"href":"https:\/\/ws089.juntadeandalucia.es\/institutodeestadisticaycartografia\/blog\/wp-json\/wp\/v2\/posts"}],"about":[{"href":"https:\/\/ws089.juntadeandalucia.es\/institutodeestadisticaycartografia\/blog\/wp-json\/wp\/v2\/types\/post"}],"author":[{"embeddable":true,"href":"https:\/\/ws089.juntadeandalucia.es\/institutodeestadisticaycartografia\/blog\/wp-json\/wp\/v2\/users\/2"}],"replies":[{"embeddable":true,"href":"https:\/\/ws089.juntadeandalucia.es\/institutodeestadisticaycartografia\/blog\/wp-json\/wp\/v2\/comments?post=13045"}],"version-history":[{"count":1,"href":"https:\/\/ws089.juntadeandalucia.es\/institutodeestadisticaycartografia\/blog\/wp-json\/wp\/v2\/posts\/13045\/revisions"}],"predecessor-version":[{"id":13049,"href":"https:\/\/ws089.juntadeandalucia.es\/institutodeestadisticaycartografia\/blog\/wp-json\/wp\/v2\/posts\/13045\/revisions\/13049"}],"wp:attachment":[{"href":"https:\/\/ws089.juntadeandalucia.es\/institutodeestadisticaycartografia\/blog\/wp-json\/wp\/v2\/media?parent=13045"}],"wp:term":[{"taxonomy":"category","embeddable":true,"href":"https:\/\/ws089.juntadeandalucia.es\/institutodeestadisticaycartografia\/blog\/wp-json\/wp\/v2\/categories?post=13045"},{"taxonomy":"post_tag","embeddable":true,"href":"https:\/\/ws089.juntadeandalucia.es\/institutodeestadisticaycartografia\/blog\/wp-json\/wp\/v2\/tags?post=13045"}],"curies":[{"name":"wp","href":"https:\/\/api.w.org\/{rel}","templated":true}]}}