{"id":12866,"date":"2021-12-29T14:35:00","date_gmt":"2021-12-29T13:35:00","guid":{"rendered":"https:\/\/ws089.juntadeandalucia.es\/institutodeestadisticaycartografia\/blog\/?p=12866"},"modified":"2022-01-10T14:54:23","modified_gmt":"2022-01-10T13:54:23","slug":"mcvl-2020","status":"publish","type":"post","link":"https:\/\/ws089.juntadeandalucia.es\/institutodeestadisticaycartografia\/blog\/2021\/12\/mcvl-2020\/","title":{"rendered":"Se publican los resultados anuales de la Muestra Continua de Vidas Laborales 2020 y de las trayectorias profesionales en Andaluc\u00eda"},"content":{"rendered":"<p style=\"text-align: justify;\">Seg\u00fan la <a href=\"https:\/\/www.juntadeandalucia.es\/institutodeestadisticaycartografia\/vidaslaborales\/index.htm\">Muestra Continua de Vidas Laborales<\/a>, a lo largo del a\u00f1o 2020 un total de 5.363.250 andaluces mantuvieron alg\u00fan tipo de relaci\u00f3n administrativa con la Seguridad Social, lo que supone un 0,9% menos que el a\u00f1o anterior. De ellos, el 47% eran mujeres, 2.530.275 andaluzas.<\/p>\n<p style=\"text-align: justify;\">En la mayor parte de los casos, la relaci\u00f3n fue \u00fanicamente como cotizantes a la Seguridad Social (3.850.800 personas, el 72% del total), el 25% fueron solo perceptores de pensiones contributivas, (1.366.825 personas) y el 3% restante fueron las dos cosas, cotizantes y pensionistas, a lo largo del a\u00f1o (145.625 personas).<\/p>\n<p class=\"titgraf\" style=\"text-align: center;\"><strong>Pir\u00e1mide de cotizantes y pensionistas, seg\u00fan tipo de relaci\u00f3n con la Seguridad Social. A\u00f1o 2020<\/strong><br \/>\n<a href=\"https:\/\/ws089.juntadeandalucia.es\/institutodeestadisticaycartografia\/blog\/wp-content\/uploads\/2022\/01\/graf1-1.png\"><img class=\"alignnone size-full wp-image-12867\" src=\"https:\/\/ws089.juntadeandalucia.es\/institutodeestadisticaycartografia\/blog\/wp-content\/uploads\/2022\/01\/graf1-1.png\" alt=\"Pir\u00e1mide de cotizantes y pensionistas, seg\u00fan tipo de relaci\u00f3n con la Seguridad Social. A\u00f1o 2020\" width=\"620\" srcset=\"https:\/\/ws089.juntadeandalucia.es\/institutodeestadisticaycartografia\/blog\/wp-content\/uploads\/2022\/01\/graf1-1.png 688w, https:\/\/ws089.juntadeandalucia.es\/institutodeestadisticaycartografia\/blog\/wp-content\/uploads\/2022\/01\/graf1-1-300x234.png 300w\" sizes=\"(max-width: 688px) 100vw, 688px\" \/><\/a><\/p>\n<p><!--more--><\/p>\n<p style=\"text-align: justify;\"><strong>Situaci\u00f3n excepcional COVID<\/strong><\/p>\n<p style=\"text-align: justify;\">En el contexto de la crisis sanitaria que se inici\u00f3 en el a\u00f1o 2020, se facilit\u00f3 el acceso a ERTEs y prestaciones por cese de actividad. Con los datos de la Muestra Continua de Vidas Laborales del a\u00f1o 2020 ha sido posible estimar el n\u00famero de personas que percibi\u00f3 en alg\u00fan momento del a\u00f1o estas prestaciones, que tambi\u00e9n dan lugar a cotizaciones a la Seguridad Social. Por ello, en las tablas estad\u00edsticas que componen la publicaci\u00f3n, se ha incluido un apartado espec\u00edfico con informaci\u00f3n relativa a la percepci\u00f3n de ERTEs y prestaciones por cese de actividad.<\/p>\n<p style=\"text-align: justify;\">Un total de 550.725 andaluces fueron perceptores de prestaciones por desempleo derivadas de la suspensi\u00f3n de la relaci\u00f3n laboral (ERTEs), lo que supone el 18% de todos los afiliados por cuenta ajena que hubo en el a\u00f1o. Adem\u00e1s, 259.900 andaluces percibieron prestaciones por cese de actividad en alg\u00fan momento del a\u00f1o. Esto supone el 39% de los afiliados por cuenta propia.<\/p>\n<p class=\"titgraf\" style=\"text-align: center;\"><strong>Prestaciones por cese de actividad y por suspensi\u00f3n del empleo (ERTEs) en Andaluc\u00eda. A\u00f1o 2020<\/strong><br \/>\n<a href=\"https:\/\/ws089.juntadeandalucia.es\/institutodeestadisticaycartografia\/blog\/wp-content\/uploads\/2022\/01\/graf-covid.png\"><img class=\"alignnone size-full wp-image-12869\" src=\"https:\/\/ws089.juntadeandalucia.es\/institutodeestadisticaycartografia\/blog\/wp-content\/uploads\/2022\/01\/graf-covid.png\" alt=\"\" width=\"620\" srcset=\"https:\/\/ws089.juntadeandalucia.es\/institutodeestadisticaycartografia\/blog\/wp-content\/uploads\/2022\/01\/graf-covid.png 757w, https:\/\/ws089.juntadeandalucia.es\/institutodeestadisticaycartografia\/blog\/wp-content\/uploads\/2022\/01\/graf-covid-300x86.png 300w\" sizes=\"(max-width: 757px) 100vw, 757px\" \/><\/a><\/p>\n<p style=\"text-align: justify;\">En cuanto al tiempo de permanencia en esas situaciones, para los beneficiaros de ERTEs el periodo medio de percepci\u00f3n fue de 121 d\u00edas a lo largo de todo el a\u00f1o 2020. Para los perceptores de prestaciones por cese de actividad el periodo medio de percepci\u00f3n fue de 133 d\u00edas.<\/p>\n<p style=\"text-align: justify;\">Esta situaci\u00f3n excepcional se ve reflejada en toda la publicaci\u00f3n, as\u00ed los datos referidos a episodios de cotizaci\u00f3n y perceptores de prestaciones por desempleo, que incluyen tanto las prestaciones que derivan de la extinci\u00f3n de la relaci\u00f3n laboral como las prestaciones que derivan de la suspensi\u00f3n de la misma (ERTEs), registran valores excepcionalmente elevados en comparaci\u00f3n con ediciones anteriores.<\/p>\n<p style=\"text-align: justify;\"><strong>Cotizantes y pensionistas<\/strong><\/p>\n<p style=\"text-align: justify;\">Hay cotizantes que han tenido solo relaci\u00f3n laboral de ocupaci\u00f3n (49%) o solo relaci\u00f3n de desempleo (6%). Tambi\u00e9n hay un 1% de los cotizantes que han tenido \u00fanicamente cotizaciones que no se pueden considerar relaciones de ocupaci\u00f3n ni desempleo (principalmente, Convenios Especiales con la Seguridad Social).<\/p>\n<p style=\"text-align: justify;\">En cuanto a los cotizantes con varios tipos de cotizaci\u00f3n en el a\u00f1o, 1.663.325 andaluces han tenido relaci\u00f3n de ocupaci\u00f3n y de desempleo a lo largo del a\u00f1o (42% del total de cotizantes). Estos datos incluyen tanto las prestaciones por desempleo que derivan de la extinci\u00f3n de la relaci\u00f3n laboral, como las que derivan de la suspensi\u00f3n de la misma (ERTEs). El resto de combinaciones (100.675 personas) suponen el 3% del total de cotizantes.<\/p>\n<p style=\"text-align: justify;\">En relaci\u00f3n al a\u00f1o 2019, disminuyeron un 30% los cotizantes que solo tuvieron relaciones laborales de ocupaci\u00f3n. Por contra, el n\u00famero de cotizantes que solo tuvieron relaciones de desempleo aument\u00f3 un 19% respecto al a\u00f1o anterior.<\/p>\n<p style=\"text-align: justify;\">El 41% de los cotizantes tuvieron un \u00fanico episodio de cotizaci\u00f3n en el a\u00f1o, 1.629.500 personas. El 59% tuvo al menos dos episodios de cotizaci\u00f3n, con un 4% de casos de 10 o m\u00e1s episodios de cotizaci\u00f3n en el a\u00f1o.<\/p>\n<p style=\"text-align: justify;\">El 92% de los cotizantes present\u00f3 alguna relaci\u00f3n de ocupaci\u00f3n y el 49% alguna de desempleo. En cuanto al periodo de cotizaci\u00f3n, el 71% de los cotizantes lo hicieron durante todo el a\u00f1o 2020, mientras que el 7% lo hicieron por un periodo inferior a tres meses.<\/p>\n<p style=\"text-align: justify;\">Entre los andaluces que tuvieron alg\u00fan episodio de ocupaci\u00f3n, el 85% tuvo episodios de ocupaci\u00f3n por cuenta ajena (3.121.875, un 4% menos que en el a\u00f1o anterior) y el 18% por cuenta propia (662.825, un 1% menos que en 2019).<\/p>\n<p style=\"text-align: justify;\">A lo largo del a\u00f1o 2020 1,5 millones de andaluces percibieron alguna pensi\u00f3n contributiva. El 63% de los pensionistas tuvieron una pensi\u00f3n de jubilaci\u00f3n mientras que el 27% de los pensionistas percibieron pensiones de viudedad en 2020. Entre los hombres pensionistas, el 76% tuvieron una pensi\u00f3n de jubilaci\u00f3n y el 4% una pensi\u00f3n de viudedad. Entre las mujeres pensionistas el 48% tuvieron una pensi\u00f3n de jubilaci\u00f3n y el 51% una pensi\u00f3n de viudedad.<\/p>\n<p style=\"text-align: justify;\">El 38% de los pensionistas residentes en Andaluc\u00eda tuvo unos ingresos inferiores a 10 mil euros anuales (26% en los hombres y 50% en el caso de las mujeres).<\/p>\n<p style=\"text-align: justify;\"><strong>Trayectorias profesionales<\/strong><\/p>\n<p style=\"text-align: justify;\">Atendiendo al conjunto de la vida laboral y no solo a los datos de 2020, los andaluces han cotizado el 75% del tiempo transcurrido desde que tuvieron su primera cotizaci\u00f3n (72% en el caso de las mujeres, 78% en el de los hombres). El 14% de esas cotizaciones proviene de relaciones de cobro de prestaciones o subsidios por desempleo (15% en mujeres, 12% en hombres).<\/p>\n<p class=\"titgraf\" style=\"text-align: center;\"><strong>Proporci\u00f3n de tiempo cotizado sobre tiempo transcurrido desde la primera cotizaci\u00f3n por generaciones y sexo<\/strong><br \/>\n<a href=\"https:\/\/ws089.juntadeandalucia.es\/institutodeestadisticaycartografia\/blog\/wp-content\/uploads\/2022\/01\/graf3.png\"><img loading=\"lazy\" class=\"alignnone size-full wp-image-12870\" src=\"https:\/\/ws089.juntadeandalucia.es\/institutodeestadisticaycartografia\/blog\/wp-content\/uploads\/2022\/01\/graf3.png\" alt=\"Proporci\u00f3n de tiempo cotizado sobre tiempo transcurrido desde la primera cotizaci\u00f3n por generaciones y sexo\" width=\"606\" height=\"342\" srcset=\"https:\/\/ws089.juntadeandalucia.es\/institutodeestadisticaycartografia\/blog\/wp-content\/uploads\/2022\/01\/graf3.png 606w, https:\/\/ws089.juntadeandalucia.es\/institutodeestadisticaycartografia\/blog\/wp-content\/uploads\/2022\/01\/graf3-300x169.png 300w\" sizes=\"(max-width: 606px) 100vw, 606px\" \/><\/a><\/p>\n<p style=\"text-align: justify;\">La duraci\u00f3n del episodio de ocupaci\u00f3n m\u00e1s largo en toda la vida laboral var\u00eda con el nivel de ingresos. Para las personas que en 2020 tuvieron unos ingresos inferiores a 10 mil euros, el episodio m\u00e1s largo ocupa el 30% de toda la vida laboral, mientras que para las personas con ingresos superiores a 30 mil euros, supone el 49%.<\/p>\n<p class=\"titgraf\" style=\"text-align: center;\"><strong>Duraci\u00f3n del episodio de ocupaci\u00f3n m\u00e1s largo seg\u00fan intervalo de ingresos y generaciones en 2020<\/strong><br \/>\n<a href=\"https:\/\/ws089.juntadeandalucia.es\/institutodeestadisticaycartografia\/blog\/wp-content\/uploads\/2022\/01\/graf4.png\"><img loading=\"lazy\" class=\"alignnone size-full wp-image-12871\" src=\"https:\/\/ws089.juntadeandalucia.es\/institutodeestadisticaycartografia\/blog\/wp-content\/uploads\/2022\/01\/graf4.png\" alt=\"Duraci\u00f3n del episodio de ocupaci\u00f3n m\u00e1s largo seg\u00fan intervalo de ingresos y generaciones en 2020\" width=\"609\" height=\"339\" srcset=\"https:\/\/ws089.juntadeandalucia.es\/institutodeestadisticaycartografia\/blog\/wp-content\/uploads\/2022\/01\/graf4.png 609w, https:\/\/ws089.juntadeandalucia.es\/institutodeestadisticaycartografia\/blog\/wp-content\/uploads\/2022\/01\/graf4-300x167.png 300w\" sizes=\"(max-width: 609px) 100vw, 609px\" \/><\/a><\/p>\n<!-- AddThis Advanced Settings generic via filter on the_content --><!-- AddThis Share Buttons generic via filter on the_content -->","protected":false},"excerpt":{"rendered":"<p>Seg\u00fan la Muestra Continua de Vidas Laborales, a lo largo del a\u00f1o 2020 un total de 5.363.250 andaluces mantuvieron alg\u00fan tipo de relaci\u00f3n administrativa con la Seguridad Social, lo que supone un 0,9% menos que el a\u00f1o anterior. De ellos, el 47% eran mujeres, 2.530.275 andaluzas. En la mayor parte de los casos, la relaci\u00f3n [&hellip;]<!-- AddThis Advanced Settings generic via filter on wp_trim_excerpt --><!-- AddThis Share Buttons generic via filter on wp_trim_excerpt --><\/p>\n","protected":false},"author":2,"featured_media":0,"comment_status":"open","ping_status":"open","sticky":false,"template":"","format":"standard","meta":{"_mi_skip_tracking":false},"categories":[1],"tags":[177],"_links":{"self":[{"href":"https:\/\/ws089.juntadeandalucia.es\/institutodeestadisticaycartografia\/blog\/wp-json\/wp\/v2\/posts\/12866"}],"collection":[{"href":"https:\/\/ws089.juntadeandalucia.es\/institutodeestadisticaycartografia\/blog\/wp-json\/wp\/v2\/posts"}],"about":[{"href":"https:\/\/ws089.juntadeandalucia.es\/institutodeestadisticaycartografia\/blog\/wp-json\/wp\/v2\/types\/post"}],"author":[{"embeddable":true,"href":"https:\/\/ws089.juntadeandalucia.es\/institutodeestadisticaycartografia\/blog\/wp-json\/wp\/v2\/users\/2"}],"replies":[{"embeddable":true,"href":"https:\/\/ws089.juntadeandalucia.es\/institutodeestadisticaycartografia\/blog\/wp-json\/wp\/v2\/comments?post=12866"}],"version-history":[{"count":2,"href":"https:\/\/ws089.juntadeandalucia.es\/institutodeestadisticaycartografia\/blog\/wp-json\/wp\/v2\/posts\/12866\/revisions"}],"predecessor-version":[{"id":12875,"href":"https:\/\/ws089.juntadeandalucia.es\/institutodeestadisticaycartografia\/blog\/wp-json\/wp\/v2\/posts\/12866\/revisions\/12875"}],"wp:attachment":[{"href":"https:\/\/ws089.juntadeandalucia.es\/institutodeestadisticaycartografia\/blog\/wp-json\/wp\/v2\/media?parent=12866"}],"wp:term":[{"taxonomy":"category","embeddable":true,"href":"https:\/\/ws089.juntadeandalucia.es\/institutodeestadisticaycartografia\/blog\/wp-json\/wp\/v2\/categories?post=12866"},{"taxonomy":"post_tag","embeddable":true,"href":"https:\/\/ws089.juntadeandalucia.es\/institutodeestadisticaycartografia\/blog\/wp-json\/wp\/v2\/tags?post=12866"}],"curies":[{"name":"wp","href":"https:\/\/api.w.org\/{rel}","templated":true}]}}