{"id":12851,"date":"2021-12-16T15:30:00","date_gmt":"2021-12-16T14:30:00","guid":{"rendered":"https:\/\/ws089.juntadeandalucia.es\/institutodeestadisticaycartografia\/blog\/?p=12851"},"modified":"2022-01-10T12:50:53","modified_gmt":"2022-01-10T11:50:53","slug":"indicadores-secciones-censales","status":"publish","type":"post","link":"https:\/\/ws089.juntadeandalucia.es\/institutodeestadisticaycartografia\/blog\/2021\/12\/indicadores-secciones-censales\/","title":{"rendered":"Actualizados a 1 de enero de 2020 los Indicadores estad\u00edsticos de poblaci\u00f3n de Andaluc\u00eda por secciones censales"},"content":{"rendered":"<p style=\"text-align: justify;\">El Instituto de Estad\u00edstica y Cartograf\u00eda de Andaluc\u00eda (IECA) publica hoy la actualizaci\u00f3n a 1 de enero de 2020 de los <a href=\"https:\/\/www.juntadeandalucia.es\/institutodeestadisticaycartografia\/poblacion_registros\/index.htm\">Indicadores estad\u00edsticos de poblaci\u00f3n de Andaluc\u00eda por secciones censales<\/a>. Este sistema de indicadores sobre poblaci\u00f3n y hogares posee dos particularidades de gran relevancia: por una parte, su \u00e1mbito territorial es la secci\u00f3n censal, es decir, ofrece datos a escala inframunicipal y, por otro lado, los indicadores se han calculado tomando como fuente de informaci\u00f3n exclusivamente registros administrativos de base poblacional previamente fusionados para integrar un todo unitario, obteniendo as\u00ed una primera aproximaci\u00f3n a un censo virtual de la poblaci\u00f3n y los hogares de Andaluc\u00eda.<\/p>\n<p style=\"text-align: justify;\">El sistema est\u00e1 formado por veinti\u00fan indicadores estad\u00edsticos, organizados en cuatro \u00e1reas tem\u00e1ticas: indicadores demogr\u00e1ficos, indicadores de pensiones contributivas, indicadores de relaci\u00f3n con la actividad econ\u00f3mica e indicadores de hogares. Los datos publicados est\u00e1n referidos a fecha 1 de enero de los a\u00f1os 2016 a 2020. El cat\u00e1logo de indicadores disponibles se ampliar\u00e1 en pr\u00f3ximas ediciones con nuevos aprovechamientos de los registros ya integrados, y conforme se incorporen nuevas fuentes administrativas.<\/p>\n<p style=\"text-align: justify;\">Los usuarios disponen de varios canales de acceso a los datos que potencian tanto su componente espacial como alfanum\u00e9rica, en formatos accesibles que facilitan la m\u00e1xima reutilizaci\u00f3n. As\u00ed, el sistema de indicadores se ofrece a trav\u00e9s del Banco de datos estad\u00edsticos de Andaluc\u00eda (BADEA), con lo que se facilita una selecci\u00f3n flexible de la referencia temporal y del \u00e1mbito territorial y tem\u00e1tico a consultar, y permite la descarga en formatos accesibles y reutilizables:<\/p>\n<p class=\"titgraf\" style=\"text-align: center;\"><a href=\"https:\/\/ws089.juntadeandalucia.es\/institutodeestadisticaycartografia\/blog\/wp-content\/uploads\/2022\/01\/BADEA.png\"><img class=\"alignnone size-full wp-image-12852\" src=\"https:\/\/ws089.juntadeandalucia.es\/institutodeestadisticaycartografia\/blog\/wp-content\/uploads\/2022\/01\/BADEA.png\" alt=\"\" width=\"620\" srcset=\"https:\/\/ws089.juntadeandalucia.es\/institutodeestadisticaycartografia\/blog\/wp-content\/uploads\/2022\/01\/BADEA.png 900w, https:\/\/ws089.juntadeandalucia.es\/institutodeestadisticaycartografia\/blog\/wp-content\/uploads\/2022\/01\/BADEA-300x130.png 300w, https:\/\/ws089.juntadeandalucia.es\/institutodeestadisticaycartografia\/blog\/wp-content\/uploads\/2022\/01\/BADEA-768x333.png 768w\" sizes=\"(max-width: 900px) 100vw, 900px\" \/><\/a><\/p>\n<p><!--more--><\/p>\n<p style=\"text-align: justify;\">En lo que se refiere a las posibilidades de consulta y visualizaci\u00f3n espacial, se ofrece un visor web de mapas que permite a los usuarios acceder a una representaci\u00f3n cartogr\u00e1fica din\u00e1mica de los <em>Indicadores estad\u00edsticos de poblaci\u00f3n de Andaluc\u00eda por secciones censales<\/em>, para cada uno de los a\u00f1os de referencia de los datos producidos y para todo el conjunto de los indicadores calculados. El visor permite a la vez la consulta de los valores cuantitativos de los indicadores en cualquier secci\u00f3n censal sobre la que se posicione el usuario.<\/p>\n<p class=\"titgraf\" style=\"text-align: center;\"><a href=\"https:\/\/ws089.juntadeandalucia.es\/institutodeestadisticaycartografia\/blog\/wp-content\/uploads\/2022\/01\/VISOR.png\"><img class=\"alignnone size-full wp-image-12853\" src=\"https:\/\/ws089.juntadeandalucia.es\/institutodeestadisticaycartografia\/blog\/wp-content\/uploads\/2022\/01\/VISOR.png\" alt=\"Indicadores estad\u00edsticos de poblaci\u00f3n de Andaluc\u00eda por secciones censales\" width=\"620\" srcset=\"https:\/\/ws089.juntadeandalucia.es\/institutodeestadisticaycartografia\/blog\/wp-content\/uploads\/2022\/01\/VISOR.png 900w, https:\/\/ws089.juntadeandalucia.es\/institutodeestadisticaycartografia\/blog\/wp-content\/uploads\/2022\/01\/VISOR-300x208.png 300w, https:\/\/ws089.juntadeandalucia.es\/institutodeestadisticaycartografia\/blog\/wp-content\/uploads\/2022\/01\/VISOR-768x532.png 768w\" sizes=\"(max-width: 900px) 100vw, 900px\" \/><\/a><\/p>\n<p style=\"text-align: justify;\">Junto con el visor web de mapas tambi\u00e9n se han publicado servicios interoperables WMS y WFS, que permite su reutilizaci\u00f3n por usuarios m\u00e1s avanzados, al facilitar su acceso desde clientes web, aplicaciones de escritorio o dispositivos m\u00f3viles, sin necesidad de disponer de una copia local de los datos espaciales. Y para los que requieran dicha copia local, se ha habilitado la posibilidad de descargar esta informaci\u00f3n en formato SHP.<\/p>\n<p style=\"text-align: justify;\">Este producto de difusi\u00f3n es uno de los resultados que se han obtenido de un proyecto experimental de integraci\u00f3n de datos administrativos que el IECA inici\u00f3 a finales de 2018: las Estad\u00edsticas de poblaci\u00f3n de Andaluc\u00eda basadas en registros administrativos (EPABRA). Este proyecto se ha desarrollado tomando como referencia central la informaci\u00f3n individual contenida en la Base de datos longitudinal de poblaci\u00f3n de Andaluc\u00eda (BDLPA). En torno a ella se ha articulado, por enlace de datos a nivel individual, un sistema de sat\u00e9lites de informaci\u00f3n interconectados entre s\u00ed a trav\u00e9s de la BDLPA. Este sistema se nutre de diversas fuentes y registros administrativos de \u00e1mbito socioecon\u00f3mico y base poblacional: afiliaciones en alta laboral a la Seguridad Social, titulares mutualistas de MUFACE, demandantes de empleo inscritos en el Servicio Andaluz de Empleo, y perceptores de pensiones contributivas de la Seguridad Social. El sistema se encuentra en continua expansi\u00f3n mediante el desarrollo permanente de trabajos de an\u00e1lisis de otros registros administrativos, por lo que el marco poblacional integrado del proyecto EPABRA se ir\u00e1 ampliando y enriqueciendo anal\u00edticamente en pr\u00f3ximas ediciones.<\/p>\n<p style=\"text-align: justify;\">Otro de los productos que se vienen obteniendo desde el inicio de este proyecto consiste en la publicaci\u00f3n con periodicidad anual de un fichero de microdatos anonimizados de gran utilidad para la investigaci\u00f3n y el an\u00e1lisis de la realidad social y econ\u00f3mica de Andaluc\u00eda. Dichos ficheros anuales est\u00e1n constituidos mediante la selecci\u00f3n aleatoria de un conjunto de hogares andaluces, de forma que con ellos se cubre una muestra de aproximadamente un 10% de la poblaci\u00f3n de Andaluc\u00eda. En estos ficheros muestrales se informa de los diferentes estados y situaciones individuales de la poblaci\u00f3n seleccionada con respecto a determinadas caracter\u00edsticas socioecon\u00f3micas recogidas en las fuentes administrativas integradas en el proyecto EPABRA. En el \u00e1rea de descarga de microdatos de esta actividad se encuentran disponibles los ficheros correspondientes a los a\u00f1os 2016 a 2019, y en esta nueva edici\u00f3n se ha publicado el correspondiente a 1 de enero de 2020. Como novedad, en esta actualizaci\u00f3n del fichero muestral de microdatos integrados se ha incorporado una nueva variable relativa a los \u201cEstudios en curso\u201d que sigue en la fecha de referencia la poblaci\u00f3n de 16 o m\u00e1s a\u00f1os recogida en la muestra.<\/p>\n<p style=\"text-align: justify;\">Por otra parte, durante el primer trimestre de 2022 est\u00e1 previsto incrementar la frecuencia de la referencia temporal tanto del fichero muestral de microdatos integrados de las Estad\u00edsticas de poblaci\u00f3n de Andaluc\u00eda basadas en registros administrativos como del sistema de <em>Indicadores estad\u00edsticos de poblaci\u00f3n de Andaluc\u00eda por secciones censales<\/em>: se publicar\u00e1 una desagregaci\u00f3n trimestral retrospectiva de los dos productos que facilitar\u00e1 el estudio de las pautas estacionales de los principales indicadores y variables difundidos.<\/p>\n<!-- AddThis Advanced Settings generic via filter on the_content --><!-- AddThis Share Buttons generic via filter on the_content -->","protected":false},"excerpt":{"rendered":"<p>El Instituto de Estad\u00edstica y Cartograf\u00eda de Andaluc\u00eda (IECA) publica hoy la actualizaci\u00f3n a 1 de enero de 2020 de los Indicadores estad\u00edsticos de poblaci\u00f3n de Andaluc\u00eda por secciones censales. Este sistema de indicadores sobre poblaci\u00f3n y hogares posee dos particularidades de gran relevancia: por una parte, su \u00e1mbito territorial es la secci\u00f3n censal, es [&hellip;]<!-- AddThis Advanced Settings generic via filter on wp_trim_excerpt --><!-- AddThis Share Buttons generic via filter on wp_trim_excerpt --><\/p>\n","protected":false},"author":2,"featured_media":0,"comment_status":"open","ping_status":"open","sticky":false,"template":"","format":"standard","meta":{"_mi_skip_tracking":false},"categories":[1],"tags":[53,19,592],"_links":{"self":[{"href":"https:\/\/ws089.juntadeandalucia.es\/institutodeestadisticaycartografia\/blog\/wp-json\/wp\/v2\/posts\/12851"}],"collection":[{"href":"https:\/\/ws089.juntadeandalucia.es\/institutodeestadisticaycartografia\/blog\/wp-json\/wp\/v2\/posts"}],"about":[{"href":"https:\/\/ws089.juntadeandalucia.es\/institutodeestadisticaycartografia\/blog\/wp-json\/wp\/v2\/types\/post"}],"author":[{"embeddable":true,"href":"https:\/\/ws089.juntadeandalucia.es\/institutodeestadisticaycartografia\/blog\/wp-json\/wp\/v2\/users\/2"}],"replies":[{"embeddable":true,"href":"https:\/\/ws089.juntadeandalucia.es\/institutodeestadisticaycartografia\/blog\/wp-json\/wp\/v2\/comments?post=12851"}],"version-history":[{"count":1,"href":"https:\/\/ws089.juntadeandalucia.es\/institutodeestadisticaycartografia\/blog\/wp-json\/wp\/v2\/posts\/12851\/revisions"}],"predecessor-version":[{"id":12854,"href":"https:\/\/ws089.juntadeandalucia.es\/institutodeestadisticaycartografia\/blog\/wp-json\/wp\/v2\/posts\/12851\/revisions\/12854"}],"wp:attachment":[{"href":"https:\/\/ws089.juntadeandalucia.es\/institutodeestadisticaycartografia\/blog\/wp-json\/wp\/v2\/media?parent=12851"}],"wp:term":[{"taxonomy":"category","embeddable":true,"href":"https:\/\/ws089.juntadeandalucia.es\/institutodeestadisticaycartografia\/blog\/wp-json\/wp\/v2\/categories?post=12851"},{"taxonomy":"post_tag","embeddable":true,"href":"https:\/\/ws089.juntadeandalucia.es\/institutodeestadisticaycartografia\/blog\/wp-json\/wp\/v2\/tags?post=12851"}],"curies":[{"name":"wp","href":"https:\/\/api.w.org\/{rel}","templated":true}]}}