{"id":12754,"date":"2021-11-12T10:42:45","date_gmt":"2021-11-12T09:42:45","guid":{"rendered":"https:\/\/ws089.juntadeandalucia.es\/institutodeestadisticaycartografia\/blog\/?p=12754"},"modified":"2021-11-12T10:43:25","modified_gmt":"2021-11-12T09:43:25","slug":"andalucia-la-imagen-cartografica-mapa-estrategico-ante-la-invasion-napoleonica","status":"publish","type":"post","link":"https:\/\/ws089.juntadeandalucia.es\/institutodeestadisticaycartografia\/blog\/2021\/11\/andalucia-la-imagen-cartografica-mapa-estrategico-ante-la-invasion-napoleonica\/","title":{"rendered":"Andaluc\u00eda, la imagen cartogr\u00e1fica: Mapa estrat\u00e9gico ante la invasi\u00f3n napole\u00f3nica"},"content":{"rendered":"<p style=\"text-align: justify;\">Al igual que la Guerra de Sucesi\u00f3n espole\u00f3 la publicaci\u00f3n de numerosos mapas de la regi\u00f3n andaluza, la Guerra de la Independencia tuvo tambi\u00e9n una palpable repercusi\u00f3n, pero esta vez en un sentido diferente y con mucho mayor alcance. El inusitado peso que las t\u00e1cticas de movimiento y control del territorio hab\u00edan cobrado en las guerras napole\u00f3nicas obligaba a contar con mapas fiables para planificar las campa\u00f1as y dominar los espacios ocupados, exigencia que dif\u00edcilmente pod\u00edan satisfacer mapas del ge\u00f3grafo Tom\u00e1s L\u00f3pez -base de la cartograf\u00eda disponible- y que impuso a los contendientes la necesidad de nuevos materiales para suplir sus deficiencias.<\/p>\n<p style=\"text-align: justify;\">Este cometido recay\u00f3 en los ingenieros militares y oficiales del cuerpo de Estado Mayor, creado en Espa\u00f1a en 1810, que confeccionaron un elevado n\u00famero de mapas y croquis manuscritos, inaugurando la etapa de renovaci\u00f3n que experiment\u00f3 la cartograf\u00eda de Andaluc\u00eda a lo largo del siglo XIX.<\/p>\n<p style=\"text-align: justify;\">Junto con los planos urbanos, de fortificaciones, itinerarios, campos de batalla y otras piezas en detalle, se hac\u00eda perentorio levantar representaciones m\u00e1s generales para cubrir planteamientos estrat\u00e9gicos, como este mapa de Sierra Morena y el valle del Guadalquivir hasta las sierras de Cazorla y Segura y desde la vertiente norte de Sierra Nevada y sierra de G\u00e1dor a Murcia, copia del que firm\u00f3 en Guadix en julio de 1809 una comisi\u00f3n de ingenieros espa\u00f1oles adjunto al proyecto de un dispositivo defensivo en los puertos de monta\u00f1a y tierras de Ja\u00e9n para detener la previsible invasi\u00f3n francesa de Andaluc\u00eda, que, de manera arrolladora, se producir\u00eda en enero de 1810.<\/p>\n<p style=\"text-align: justify;\"><a href=\"https:\/\/ws089.juntadeandalucia.es\/institutodeestadisticaycartografia\/blog\/wp-content\/uploads\/2021\/11\/Andalucia-1809-red.jpg\"><img class=\"alignnone size-full wp-image-12756\" src=\"https:\/\/ws089.juntadeandalucia.es\/institutodeestadisticaycartografia\/blog\/wp-content\/uploads\/2021\/11\/Andalucia-1809-red.jpg\" alt=\"Mapa Geografico de la frontera de los Reynos de Granada, Jaen, Cordova, y parte de los de Sevilla, Murcia y Provincias de la Mancha y Extremadura...\" width=\"620\" srcset=\"https:\/\/ws089.juntadeandalucia.es\/institutodeestadisticaycartografia\/blog\/wp-content\/uploads\/2021\/11\/Andalucia-1809-red.jpg 2500w, https:\/\/ws089.juntadeandalucia.es\/institutodeestadisticaycartografia\/blog\/wp-content\/uploads\/2021\/11\/Andalucia-1809-red-300x201.jpg 300w, https:\/\/ws089.juntadeandalucia.es\/institutodeestadisticaycartografia\/blog\/wp-content\/uploads\/2021\/11\/Andalucia-1809-red-1024x684.jpg 1024w, https:\/\/ws089.juntadeandalucia.es\/institutodeestadisticaycartografia\/blog\/wp-content\/uploads\/2021\/11\/Andalucia-1809-red-768x513.jpg 768w, https:\/\/ws089.juntadeandalucia.es\/institutodeestadisticaycartografia\/blog\/wp-content\/uploads\/2021\/11\/Andalucia-1809-red-1536x1027.jpg 1536w, https:\/\/ws089.juntadeandalucia.es\/institutodeestadisticaycartografia\/blog\/wp-content\/uploads\/2021\/11\/Andalucia-1809-red-2048x1369.jpg 2048w\" sizes=\"(max-width: 2500px) 100vw, 2500px\" \/><\/a><\/p>\n<p style=\"text-align: justify;\"><span style=\"font-size: 9px;\">Antonio de Benavides, Jos\u00e9 Morete, Antonio Rem\u00f3n del Valle, Agust\u00edn Bueno, Marcos Antonio de M\u00e9nezo<br \/>\nHell\u00edn, 1809 (1811)<br \/>\nMapa Geografico de la frontera de los Reynos de Granada, Jaen, Cordova, y parte de los de Sevilla, Murcia y Provincias de la Mancha y Extremadura&#8230;<br \/>\nManuscrito, 87 x 133 cm. Escala [ca. 1:300.000].<br \/>\nCentro Geogr\u00e1fico del Ej\u00e9rcito (Madrid). Arm. G. TBLA. 5\u00aa Carpt. 1\u00aa n\u00ba 30.<br \/>\n<a href=\"http:\/\/www.juntadeandalucia.es\/institutodeestadisticaycartografia\/cartoteca\/buscar\/getetiqueta\/id\/5230\">http:\/\/www.juntadeandalucia.es\/institutodeestadisticaycartografia\/cartoteca\/buscar\/getetiqueta\/id\/5230<\/a><\/span><\/p>\n<p><!--more--><\/p>\n<p style=\"text-align: justify;\">Apoyado en reconocimientos sobre el terreno, ofrece, a pesar de su trazado en bosquejo, una visi\u00f3n m\u00e1s veraz de la alta Andaluc\u00eda que la mayor\u00eda de los mapas anteriores, en exceso convencionales sobre todo en aspectos tan imperativos, dadas las circunstancias, como el relieve, el curso de los r\u00edos, la distribuci\u00f3n de los asentamientos y las v\u00edas de comunicaciones. Destaca en especial la delineaci\u00f3n de los contornos y extensi\u00f3n de las masas serranas y sus intersticios, de vital importancia para las operaciones, aunque carezca de la precisi\u00f3n y el detalle de una rigurosa representaci\u00f3n topogr\u00e1fica.<\/p>\n<p style=\"text-align: justify;\"><a href=\"https:\/\/ws089.juntadeandalucia.es\/institutodeestadisticaycartografia\/blog\/wp-content\/uploads\/2021\/11\/bailen.png\"><img class=\"alignnone size-full wp-image-12769\" src=\"https:\/\/ws089.juntadeandalucia.es\/institutodeestadisticaycartografia\/blog\/wp-content\/uploads\/2021\/11\/bailen.png\" alt=\"Detalle sobre parte de la provincia de Ja\u00e9n\" width=\"620\" srcset=\"https:\/\/ws089.juntadeandalucia.es\/institutodeestadisticaycartografia\/blog\/wp-content\/uploads\/2021\/11\/bailen.png 1200w, https:\/\/ws089.juntadeandalucia.es\/institutodeestadisticaycartografia\/blog\/wp-content\/uploads\/2021\/11\/bailen-300x200.png 300w, https:\/\/ws089.juntadeandalucia.es\/institutodeestadisticaycartografia\/blog\/wp-content\/uploads\/2021\/11\/bailen-1024x681.png 1024w, https:\/\/ws089.juntadeandalucia.es\/institutodeestadisticaycartografia\/blog\/wp-content\/uploads\/2021\/11\/bailen-768x511.png 768w\" sizes=\"(max-width: 1200px) 100vw, 1200px\" \/><\/a><\/p>\n<p style=\"text-align: justify;\"><span style=\"font-size: 9px;\">Detalle sobre parte de la provincia de Ja\u00e9n<\/span><\/p>\n<!-- AddThis Advanced Settings generic via filter on the_content --><!-- AddThis Share Buttons generic via filter on the_content -->","protected":false},"excerpt":{"rendered":"<p>Al igual que la Guerra de Sucesi\u00f3n espole\u00f3 la publicaci\u00f3n de numerosos mapas de la regi\u00f3n andaluza, la Guerra de la Independencia tuvo tambi\u00e9n una palpable repercusi\u00f3n, pero esta vez en un sentido diferente y con mucho mayor alcance. El inusitado peso que las t\u00e1cticas de movimiento y control del territorio hab\u00edan cobrado en las [&hellip;]<!-- AddThis Advanced Settings generic via filter on wp_trim_excerpt --><!-- AddThis Share Buttons generic via filter on wp_trim_excerpt --><\/p>\n","protected":false},"author":2,"featured_media":0,"comment_status":"open","ping_status":"open","sticky":false,"template":"","format":"standard","meta":{"_mi_skip_tracking":false},"categories":[1],"tags":[475,396,15],"_links":{"self":[{"href":"https:\/\/ws089.juntadeandalucia.es\/institutodeestadisticaycartografia\/blog\/wp-json\/wp\/v2\/posts\/12754"}],"collection":[{"href":"https:\/\/ws089.juntadeandalucia.es\/institutodeestadisticaycartografia\/blog\/wp-json\/wp\/v2\/posts"}],"about":[{"href":"https:\/\/ws089.juntadeandalucia.es\/institutodeestadisticaycartografia\/blog\/wp-json\/wp\/v2\/types\/post"}],"author":[{"embeddable":true,"href":"https:\/\/ws089.juntadeandalucia.es\/institutodeestadisticaycartografia\/blog\/wp-json\/wp\/v2\/users\/2"}],"replies":[{"embeddable":true,"href":"https:\/\/ws089.juntadeandalucia.es\/institutodeestadisticaycartografia\/blog\/wp-json\/wp\/v2\/comments?post=12754"}],"version-history":[{"count":3,"href":"https:\/\/ws089.juntadeandalucia.es\/institutodeestadisticaycartografia\/blog\/wp-json\/wp\/v2\/posts\/12754\/revisions"}],"predecessor-version":[{"id":12771,"href":"https:\/\/ws089.juntadeandalucia.es\/institutodeestadisticaycartografia\/blog\/wp-json\/wp\/v2\/posts\/12754\/revisions\/12771"}],"wp:attachment":[{"href":"https:\/\/ws089.juntadeandalucia.es\/institutodeestadisticaycartografia\/blog\/wp-json\/wp\/v2\/media?parent=12754"}],"wp:term":[{"taxonomy":"category","embeddable":true,"href":"https:\/\/ws089.juntadeandalucia.es\/institutodeestadisticaycartografia\/blog\/wp-json\/wp\/v2\/categories?post=12754"},{"taxonomy":"post_tag","embeddable":true,"href":"https:\/\/ws089.juntadeandalucia.es\/institutodeestadisticaycartografia\/blog\/wp-json\/wp\/v2\/tags?post=12754"}],"curies":[{"name":"wp","href":"https:\/\/api.w.org\/{rel}","templated":true}]}}