{"id":12405,"date":"2021-06-28T14:09:09","date_gmt":"2021-06-28T12:09:09","guid":{"rendered":"http:\/\/www.juntadeandalucia.es\/institutodeestadisticaycartografia\/blog\/?p=12405"},"modified":"2021-06-29T09:41:59","modified_gmt":"2021-06-29T07:41:59","slug":"insercion-egresados-fp","status":"publish","type":"post","link":"https:\/\/ws089.juntadeandalucia.es\/institutodeestadisticaycartografia\/blog\/2021\/06\/insercion-egresados-fp\/","title":{"rendered":"El 63,2% de los alumnos de formaci\u00f3n profesional que egresaron en 2016 se encuentran insertados en el mercado laboral a los cuatro a\u00f1os de obtener su titulaci\u00f3n"},"content":{"rendered":"<p style=\"text-align: justify;\">\n\tEl Instituto de Estad&iacute;stica y Cartograf&iacute;a de Andaluc&iacute;a publica la estad&iacute;stica de <a href=\"http:\/\/www.juntadeandalucia.es\/institutodeestadisticaycartografia\/insercionlaboral-fp\/index.htm\" target=\"_blank\">Inserci&oacute;n laboral de los egresados de formaci&oacute;n profesional en Andaluc&iacute;a<\/a>. En este nuevo producto estad&iacute;stico se ofrece informaci&oacute;n acerca del acceso al mercado de trabajo nacional de los alumnos de formaci&oacute;n profesional y de ense&ntilde;anzas profesionales de artes pl&aacute;sticas y dise&ntilde;o egresados en los cursos 2011-2012 a 2018-2019 durante un periodo de seguimiento que arranca en el a&ntilde;o en que egresa cada promoci&oacute;n y se extiende hasta cuatro a&ntilde;os despu&eacute;s.\n<\/p>\n<p style=\"text-align: justify;\">\n\tLa promoci&oacute;n de egresados m&aacute;s reciente para la que se dispone del periodo de seguimiento completo, la correspondiente al curso 2015-2016, alcanza una tasa de inserci&oacute;n laboral a los cuatro a&ntilde;os del egreso del 63,2%. Esta tasa se ve superada por las obtenidas por los egresados de las dos promociones anteriores a los cuatro a&ntilde;os de la finalizaci&oacute;n de sus estudios. Precisamente, la mayor tasa de inserci&oacute;n laboral es la obtenida por los egresados de la promoci&oacute;n 2014-2015: un 66,5% de ellos trabajaba a los cuatro a&ntilde;os de su egreso, es decir, casi dos de cada tres de estos egresados se encontraban trabajando al finalizar el tercer trimestre del a&ntilde;o 2019.\n<\/p>\n<p class=\"titgraf\" style=\"text-align: center;\">\n\t<strong>Tasa de inserci&oacute;n laboral de los egresados de formaci&oacute;n profesional en los cursos 2011-2012 a 2018-2019 seg&uacute;n los a&ntilde;os transcurridos desde el egreso<\/strong>\n<\/p>\n<p class=\"titgraf\" style=\"text-align: center;\">\n\t<a href=\"http:\/\/www.juntadeandalucia.es\/institutodeestadisticaycartografia\/blog\/wp-content\/uploads\/2021\/06\/graf1-4.png\"><img loading=\"lazy\" alt=\"Tasa de inserci\u00f3n laboral de los egresados de formaci\u00f3n profesional en los cursos 2011-2012 a 2018-2019 seg\u00fan los a\u00f1os transcurridos desde el egreso\" class=\"alignnone size-full wp-image-12407\" height=\"314\" src=\"http:\/\/www.juntadeandalucia.es\/institutodeestadisticaycartografia\/blog\/wp-content\/uploads\/2021\/06\/graf1-4.png\" width=\"491\" srcset=\"https:\/\/ws089.juntadeandalucia.es\/institutodeestadisticaycartografia\/blog\/wp-content\/uploads\/2021\/06\/graf1-4.png 491w, https:\/\/ws089.juntadeandalucia.es\/institutodeestadisticaycartografia\/blog\/wp-content\/uploads\/2021\/06\/graf1-4-300x192.png 300w\" sizes=\"(max-width: 491px) 100vw, 491px\" \/><\/a>\n<\/p>\n<p>\n\t<!--more-->\n<\/p>\n<p style=\"text-align: justify;\">\n\tA medida que se suceden las promociones de egresados, la tasa de inserci&oacute;n a los cuatro a&ntilde;os crece desde el 54,2% de la promoci&oacute;n 2011-2012 hasta alcanzar el m&aacute;ximo de 66,5% del curso 2014-2015. En concreto, cada una de estas promociones tiene un nivel de inserci&oacute;n laboral a los cuatro a&ntilde;os del egreso que es en promedio 4,1 puntos porcentuales superior al nivel de la promoci&oacute;n previa, aunque estos incrementos se van reduciendo paulatinamente con las nuevas promociones. Al incluir la promoci&oacute;n de 2015-2016, se observa un retroceso de su tasa de inserci&oacute;n a los cuatro a&ntilde;os del egreso a un nivel ligeramente inferior al de la promoci&oacute;n 2013-2014, en gran medida como consecuencia de la crisis sanitaria desatada en 2020, lo que hace que el incremento promedio inter-promociones de la tasa de inserci&oacute;n a los cuatro a&ntilde;os descienda a 2,3 puntos porcentuales.\n<\/p>\n<p style=\"text-align: justify;\">\n\tA su vez, cada una de las promociones estudiadas presenta tasas de inserci&oacute;n laboral que mejoran conforme pasa el tiempo desde que egresaron. De hecho, si se considera el conjunto de egresados de todas las promociones, se observa que la tasa de inserci&oacute;n laboral conjunta aumenta de media 8,1 puntos porcentuales por cada a&ntilde;o extra que pasa desde el egreso, aunque al igual que antes este crecimiento se desacelera con el tiempo. Esta desaceleraci&oacute;n del crecimiento interanual de la tasa de inserci&oacute;n es m&aacute;s acusada en las promociones cuyo periodo de seguimiento incluye el tercer trimestre de 2020, lo cual es atribuible de nuevo a la crisis sanitaria como determinante principal.\n<\/p>\n<p class=\"titgraf\" style=\"text-align: center;\">\n\t<strong>Evoluci&oacute;n de la tasa de inserci&oacute;n laboral de cada promoci&oacute;n de egresados de formaci&oacute;n profesional seg&uacute;n los a&ntilde;os transcurridos desde el egreso<\/strong>\n<\/p>\n<p class=\"titgraf\" style=\"text-align: center;\">\n\t<a href=\"http:\/\/www.juntadeandalucia.es\/institutodeestadisticaycartografia\/blog\/wp-content\/uploads\/2021\/06\/graf2-3.png\"><img loading=\"lazy\" alt=\"Evoluci\u00f3n de la tasa de inserci\u00f3n laboral de cada promoci\u00f3n de egresados de formaci\u00f3n profesional seg\u00fan los a\u00f1os transcurridos desde el egreso\" class=\"alignnone size-full wp-image-12408\" height=\"359\" src=\"http:\/\/www.juntadeandalucia.es\/institutodeestadisticaycartografia\/blog\/wp-content\/uploads\/2021\/06\/graf2-3.png\" width=\"607\" srcset=\"https:\/\/ws089.juntadeandalucia.es\/institutodeestadisticaycartografia\/blog\/wp-content\/uploads\/2021\/06\/graf2-3.png 607w, https:\/\/ws089.juntadeandalucia.es\/institutodeestadisticaycartografia\/blog\/wp-content\/uploads\/2021\/06\/graf2-3-300x177.png 300w\" sizes=\"(max-width: 607px) 100vw, 607px\" \/><\/a>\n<\/p>\n<p style=\"text-align: justify;\">\n\tUn a&ntilde;o despu&eacute;s del egreso, la mayor tasa de inserci&oacute;n laboral, 45,8%, se da entre los egresados del curso 2017-2018. Por su parte los egresados de 2018-2019 tienen al a&ntilde;o de finalizaci&oacute;n de los estudios, es decir, en el tercer trimestre de 2020, una tasa de inserci&oacute;n del 40,2%. Esto supone una contracci&oacute;n de 5,6 puntos porcentuales respecto a la alcanzada por la promoci&oacute;n anterior, con lo que la tasa de inserci&oacute;n de 2018-2019 queda situada al nivel de la obtenida por la promoci&oacute;n 2014-2015 al a&ntilde;o de su egreso. La menor tasa de inserci&oacute;n laboral un a&ntilde;o despu&eacute;s de egresar es la de la promoci&oacute;n 2011-2012, que est&aacute; 12,1 puntos porcentuales por debajo de la de los egresados del curso 2018-2019.\n<\/p>\n<p style=\"text-align: justify;\">\n\tSeg&uacute;n el tipo de estudio cursado (Programas de cualificaci&oacute;n profesional inicial &ndash;con egresos hasta el curso 2015-2016&ndash;, Formaci&oacute;n profesional b&aacute;sica &ndash;con egresos desde el curso 2015-2016&ndash;, Formaci&oacute;n profesional de grado medio, Formaci&oacute;n profesional de grado superior y Ciclos formativos de grado medio o superior de artes pl&aacute;sticas y dise&ntilde;o), se observa en todas las promociones que los estudios de Formaci&oacute;n profesional de grado superior son los que dan lugar a las mayores tasas de inserci&oacute;n laboral un a&ntilde;o despu&eacute;s de egresar. A su vez, los estudios de iniciaci&oacute;n profesional (Programas de cualificaci&oacute;n profesional inicial y Formaci&oacute;n profesional b&aacute;sica) tienen las tasas de inserci&oacute;n laboral al a&ntilde;o del egreso m&aacute;s bajas en todas las promociones, alcanzando un diferencial m&aacute;ximo de 28,2 puntos porcentuales con respecto a la tasa de inserci&oacute;n laboral total en el curso 2015-2016. Este bajo nivel de inserci&oacute;n laboral en estas ense&ntilde;anzas de iniciaci&oacute;n profesional se corresponde con el hecho de que en este colectivo de j&oacute;venes se da la mayor proporci&oacute;n de continuidad del itinerario acad&eacute;mico reglado tras el egreso. Por otra parte, promoci&oacute;n tras promoci&oacute;n se observa en todos los tipos de estudio una tendencia de crecimiento en la tasa de inserci&oacute;n laboral al a&ntilde;o del egreso hasta el curso 2017-2018, en el cual descienden ligeramente con respecto a la promoci&oacute;n anterior las tasas de los estudios de Formaci&oacute;n profesional de grado medio y las de los Ciclos formativos de artes pl&aacute;sticas y dise&ntilde;o. Esta ca&iacute;da de las tasas de inserci&oacute;n laboral al a&ntilde;o del egreso se generaliza de forma acusada en todos los tipos de estudio en el curso 2018-2019.\n<\/p>\n<p class=\"titgraf\" style=\"text-align: center;\">\n\t<strong>Tasa de inserci&oacute;n laboral de los egresados de formaci&oacute;n profesional un a&ntilde;o despu&eacute;s de egresar por tipo de estudio cursado seg&uacute;n la promoci&oacute;n de egreso<\/strong>\n<\/p>\n<p class=\"titgraf\" style=\"text-align: center;\">\n\t<a href=\"http:\/\/www.juntadeandalucia.es\/institutodeestadisticaycartografia\/blog\/wp-content\/uploads\/2021\/06\/graf3-3.png\"><img alt=\"Tasa de inserci\u00f3n laboral de los egresados de formaci\u00f3n profesional un a\u00f1o despu\u00e9s de egresar por tipo de estudio cursado seg\u00fan la promoci\u00f3n de egreso\" class=\"alignnone size-full wp-image-12409\" src=\"http:\/\/www.juntadeandalucia.es\/institutodeestadisticaycartografia\/blog\/wp-content\/uploads\/2021\/06\/graf3-3.png\" width=\"620\" srcset=\"https:\/\/ws089.juntadeandalucia.es\/institutodeestadisticaycartografia\/blog\/wp-content\/uploads\/2021\/06\/graf3-3.png 813w, https:\/\/ws089.juntadeandalucia.es\/institutodeestadisticaycartografia\/blog\/wp-content\/uploads\/2021\/06\/graf3-3-300x140.png 300w, https:\/\/ws089.juntadeandalucia.es\/institutodeestadisticaycartografia\/blog\/wp-content\/uploads\/2021\/06\/graf3-3-768x359.png 768w\" sizes=\"(max-width: 813px) 100vw, 813px\" \/><\/a>\n<\/p>\n<p style=\"text-align: justify;\">\n\tSi se centra la atenci&oacute;n en la evoluci&oacute;n de la inserci&oacute;n laboral de la promoci&oacute;n de egresados del curso 2018-2019, el m&aacute;s reciente de los que se dispone de datos, se observa un progresivo aumento de las tasas a medida que transcurre el tiempo durante el a&ntilde;o 2019, creciendo en casi 6 puntos porcentuales la inserci&oacute;n total entre el momento de la finalizaci&oacute;n del curso 2018-2019 (35,1% en el tercer trimestre de 2019) y el cierre del a&ntilde;o de egreso (41,0% en el cuarto trimestre de 2019). Al distinguir por g&eacute;nero, se observa que este nivel de crecimiento es ligeramente superior entre las egresadas frente a los egresados, y es algo m&aacute;s heterog&eacute;neo al hacer intervenir los diferentes tipos de estudio cursados por esta promoci&oacute;n.\n<\/p>\n<p style=\"text-align: justify;\">\n\tEl efecto de la crisis sanitaria se hace notar al considerar la evoluci&oacute;n de las tasas de esta promoci&oacute;n durante el a&ntilde;o 2020: a &uacute;ltimo d&iacute;a laborable del primer trimestre de dicho a&ntilde;o se observa que las tasas de inserci&oacute;n laboral retroceden a los niveles del tercer trimestre del a&ntilde;o anterior. Durante el segundo y tercer trimestre de 2020 se registra un moderado aumento de las tasas de inserci&oacute;n hasta casi recuperar los niveles obtenidos al cierre del a&ntilde;o 2019. Este incremento de las tasas a lo largo de 2020 es similar entre hombres y mujeres, aunque con una ligera ventaja en el caso de ellos.\n<\/p>\n<p class=\"titgraf\" style=\"text-align: center;\">\n\t<strong>Tasa de inserci&oacute;n laboral de los egresados de formaci&oacute;n profesional en el curso 2018-2019 seg&uacute;n sexo y tipo de estudio cursado<\/strong>\n<\/p>\n<p class=\"titgraf\" style=\"text-align: center;\">\n\t<a href=\"http:\/\/www.juntadeandalucia.es\/institutodeestadisticaycartografia\/blog\/wp-content\/uploads\/2021\/06\/graf4-3.png\"><img alt=\"Tasa de inserci\u00f3n laboral de los egresados de formaci\u00f3n profesional en el curso 2018-2019 seg\u00fan sexo y tipo de estudio cursado\" class=\"alignnone size-full wp-image-12410\" src=\"http:\/\/www.juntadeandalucia.es\/institutodeestadisticaycartografia\/blog\/wp-content\/uploads\/2021\/06\/graf4-3.png\" width=\"620\" srcset=\"https:\/\/ws089.juntadeandalucia.es\/institutodeestadisticaycartografia\/blog\/wp-content\/uploads\/2021\/06\/graf4-3.png 722w, https:\/\/ws089.juntadeandalucia.es\/institutodeestadisticaycartografia\/blog\/wp-content\/uploads\/2021\/06\/graf4-3-300x229.png 300w\" sizes=\"(max-width: 722px) 100vw, 722px\" \/><\/a>\n<\/p>\n<p style=\"text-align: justify;\">\n\tEs destacable el hecho de que un 28,4% de los alumnos de formaci&oacute;n profesional del curso 2018-2019 se encontraba trabajando antes de finalizar sus estudios y, en el caso de los hombres que cursaron Formaci&oacute;n profesional de grado superior, algo m&aacute;s de uno de cada tres de ellos se encontraban trabajando en el segundo trimestre de 2019 (34,1% de inserci&oacute;n laboral). A su vez, el 51,1% de los egresados de esta promoci&oacute;n trabaj&oacute; en al menos uno de los cuatro trimestres comprendidos entre la finalizaci&oacute;n del curso y un a&ntilde;o despu&eacute;s del egreso, en tanto que un 20,8% estaba trabajando en la fecha de referencia de todos y cada uno de dichos trimestres.\n<\/p>\n<p style=\"text-align: justify;\">\n\tAl desglosar los resultados de la promoci&oacute;n 2018-2019 seg&uacute;n el tipo de estudio cursado, se observa que la inserci&oacute;n laboral de estos egresados supera el 45% un a&ntilde;o despu&eacute;s de egresar solo entre los que cursaron estudios de Formaci&oacute;n profesional de grado superior. En el caso de los egresados hombres, la Formaci&oacute;n profesional de grado superior alcanza el mejor &iacute;ndice de empleabilidad al a&ntilde;o del egreso, con una tasa de inserci&oacute;n laboral del 49,6%, frente al 43,5% obtenido por las mujeres que cursaron ese tipo de estudios. La Formaci&oacute;n profesional de grado superior es tambi&eacute;n el tipo de estudio en el que se da un mayor nivel de inserci&oacute;n en el mercado laboral del resto de Espa&ntilde;a: un 5,7% de los egresados de estos estudios se insertan fuera de Andaluc&iacute;a, elev&aacute;ndose este nivel hasta el 7,1% en el caso de los hombres.\n<\/p>\n<p class=\"titgraf\" style=\"text-align: center;\">\n\t<strong>Tasa de inserci&oacute;n laboral de la promoci&oacute;n 2018-2019 un a&ntilde;o despu&eacute;s de egresar por sexo y tipo de estudio cursado seg&uacute;n el lugar de trabajo<\/strong>\n<\/p>\n<p class=\"titgraf\" style=\"text-align: center;\">\n\t<a href=\"http:\/\/www.juntadeandalucia.es\/institutodeestadisticaycartografia\/blog\/wp-content\/uploads\/2021\/06\/graf5-2.png\"><img alt=\"Tasa de inserci\u00f3n laboral de la promoci\u00f3n 2018-2019 un a\u00f1o despu\u00e9s de egresar por sexo y tipo de estudio cursado seg\u00fan el lugar de trabajo\" class=\"alignnone size-full wp-image-12411\" src=\"http:\/\/www.juntadeandalucia.es\/institutodeestadisticaycartografia\/blog\/wp-content\/uploads\/2021\/06\/graf5-2.png\" width=\"620\" srcset=\"https:\/\/ws089.juntadeandalucia.es\/institutodeestadisticaycartografia\/blog\/wp-content\/uploads\/2021\/06\/graf5-2.png 786w, https:\/\/ws089.juntadeandalucia.es\/institutodeestadisticaycartografia\/blog\/wp-content\/uploads\/2021\/06\/graf5-2-300x184.png 300w, https:\/\/ws089.juntadeandalucia.es\/institutodeestadisticaycartografia\/blog\/wp-content\/uploads\/2021\/06\/graf5-2-768x470.png 768w\" sizes=\"(max-width: 786px) 100vw, 786px\" \/><\/a>\n<\/p>\n<p style=\"text-align: justify;\">\n\tCon una &oacute;ptica territorial, se aprecia que los mejores resultados de empleabilidad al a&ntilde;o del egreso de la promoci&oacute;n 2018-2019 se dan entre los egresados que finalizaron sus estudios de formaci&oacute;n profesional en centros docentes de las provincias de Almer&iacute;a, M&aacute;laga, Granada y Sevilla, con tasas de inserci&oacute;n laboral de 46,9%, 42,3%, 42,0% y 40,7%, respectivamente. La proporci&oacute;n de egresados que se encuentran trabajando al a&ntilde;o del egreso en el resto de Espa&ntilde;a es particularmente m&aacute;s elevada entre los que egresaron en centros docentes de las provincias de Granada y Ja&eacute;n, con tasas de inserci&oacute;n laboral en el resto de Espa&ntilde;a de 5,8% y 5,3%, respectivamente.\n<\/p>\n<p class=\"titgraf\" style=\"text-align: center;\">\n\t<strong>Tasa de inserci&oacute;n laboral de la promoci&oacute;n 2018-2019 un a&ntilde;o despu&eacute;s de egresar por provincia del centro docente de egreso seg&uacute;n el lugar de trabajo<\/strong>\n<\/p>\n<p class=\"titgraf\" style=\"text-align: center;\">\n\t<a href=\"http:\/\/www.juntadeandalucia.es\/institutodeestadisticaycartografia\/blog\/wp-content\/uploads\/2021\/06\/graf6-2.png\"><img loading=\"lazy\" alt=\"Tasa de inserci\u00f3n laboral de la promoci\u00f3n 2018-2019 un a\u00f1o despu\u00e9s de egresar por provincia del centro docente de egreso seg\u00fan el lugar de trabajo\" class=\"alignnone size-full wp-image-12412\" height=\"365\" src=\"http:\/\/www.juntadeandalucia.es\/institutodeestadisticaycartografia\/blog\/wp-content\/uploads\/2021\/06\/graf6-2.png\" width=\"607\" srcset=\"https:\/\/ws089.juntadeandalucia.es\/institutodeestadisticaycartografia\/blog\/wp-content\/uploads\/2021\/06\/graf6-2.png 607w, https:\/\/ws089.juntadeandalucia.es\/institutodeestadisticaycartografia\/blog\/wp-content\/uploads\/2021\/06\/graf6-2-300x180.png 300w\" sizes=\"(max-width: 607px) 100vw, 607px\" \/><\/a>\n<\/p>\n<p style=\"text-align: justify;\">\n\tPor otra parte, al ordenar las familias profesionales que estructuran la oferta de t&iacute;tulos de formaci&oacute;n profesional por &aacute;mbitos de estudio de la Clasificaci&oacute;n Internacional Normalizada de Educaci&oacute;n (CINE 2013), se revela que el 34,8% de los egresados de la promoci&oacute;n 2018-2019 que finalizaron sus estudios en centros docentes de Granada y que trabajan al a&ntilde;o de su egreso han cursado estudios pertenecientes al &aacute;mbito <em>Salud y Servicios Sociales<\/em>.\n<\/p>\n<p class=\"titgraf\" style=\"text-align: center;\">\n\t<strong>Distribuci&oacute;n de los egresados de formaci&oacute;n profesional del curso 2018-2019 que trabajan al a&ntilde;o del egreso por provincia del centro docente de egreso seg&uacute;n el &aacute;mbito de estudio cursado<\/strong>\n<\/p>\n<p class=\"titgraf\" style=\"text-align: center;\">\n\t<a href=\"http:\/\/www.juntadeandalucia.es\/institutodeestadisticaycartografia\/blog\/wp-content\/uploads\/2021\/06\/graf7-1.png\"><img alt=\"Distribuci\u00f3n de los egresados de formaci\u00f3n profesional del curso 2018-2019 que trabajan al a\u00f1o del egreso por provincia del centro docente de egreso seg\u00fan el \u00e1mbito de estudio cursado\" class=\"alignnone size-full wp-image-12413\" src=\"http:\/\/www.juntadeandalucia.es\/institutodeestadisticaycartografia\/blog\/wp-content\/uploads\/2021\/06\/graf7-1.png\" width=\"620\" srcset=\"https:\/\/ws089.juntadeandalucia.es\/institutodeestadisticaycartografia\/blog\/wp-content\/uploads\/2021\/06\/graf7-1.png 932w, https:\/\/ws089.juntadeandalucia.es\/institutodeestadisticaycartografia\/blog\/wp-content\/uploads\/2021\/06\/graf7-1-300x160.png 300w, https:\/\/ws089.juntadeandalucia.es\/institutodeestadisticaycartografia\/blog\/wp-content\/uploads\/2021\/06\/graf7-1-768x410.png 768w\" sizes=\"(max-width: 932px) 100vw, 932px\" \/><\/a>\n<\/p>\n<p style=\"text-align: justify;\">\n\tSi se centra el an&aacute;lisis en el colectivo de egresados de formaci&oacute;n profesional que se encontraban empadronados en alg&uacute;n municipio andaluz al inicio del curso de egreso, la informaci&oacute;n disponible en el conjunto de registros administrativos integrados en la Base de Datos Longitudinal de Poblaci&oacute;n de Andaluc&iacute;a permite clasificar ese colectivo seg&uacute;n su situaci&oacute;n laboral. As&iacute;, en el caso de la promoci&oacute;n de egresados del curso 2018-2019 que resid&iacute;an en Andaluc&iacute;a a 1 de octubre de 2018, adem&aacute;s de estar insertados en el mercado laboral al a&ntilde;o de su egreso el 40,0% de ellos, en esa fecha se encontraban en situaci&oacute;n de paro registrado en Andaluc&iacute;a el 18,9% y un 16,5% hab&iacute;a optado por ampliar su curr&iacute;culum acad&eacute;mico cursando nuevos estudios reglados en Andaluc&iacute;a. Por otra parte, seg&uacute;n el tipo de estudio cursado se observan en esta promoci&oacute;n diferencias en la distribuci&oacute;n de la situaci&oacute;n laboral al a&ntilde;o del egreso: en tanto que la inserci&oacute;n laboral entre los egresados de Formaci&oacute;n profesional de grado superior se da en un 46,1%, los egresados de Formaci&oacute;n profesional b&aacute;sica tienen una tasa de inserci&oacute;n al a&ntilde;o de finalizaci&oacute;n de los estudios del 17,3%; a su vez, este &uacute;ltimo colectivo es el que opta en mayor proporci&oacute;n (36,5%) por dar continuidad a su itinerario acad&eacute;mico.\n<\/p>\n<p class=\"titgraf\" style=\"text-align: center;\">\n\t<strong>Distribuci&oacute;n de los egresados de formaci&oacute;n profesional del curso 2018-2019 que resid&iacute;an en Andaluc&iacute;a por tipo de estudio cursado seg&uacute;n su situaci&oacute;n laboral al a&ntilde;o del egreso<\/strong>\n<\/p>\n<p class=\"titgraf\" style=\"text-align: center;\">\n\t<a href=\"http:\/\/www.juntadeandalucia.es\/institutodeestadisticaycartografia\/blog\/wp-content\/uploads\/2021\/06\/graf8-1.png\"><img alt=\"Distribuci\u00f3n de los egresados de formaci\u00f3n profesional del curso 2018-2019 que resid\u00edan en Andaluc\u00eda por tipo de estudio cursado seg\u00fan su situaci\u00f3n laboral al a\u00f1o del egreso\" class=\"alignnone size-full wp-image-12414\" src=\"http:\/\/www.juntadeandalucia.es\/institutodeestadisticaycartografia\/blog\/wp-content\/uploads\/2021\/06\/graf8-1.png\" width=\"620\" srcset=\"https:\/\/ws089.juntadeandalucia.es\/institutodeestadisticaycartografia\/blog\/wp-content\/uploads\/2021\/06\/graf8-1.png 856w, https:\/\/ws089.juntadeandalucia.es\/institutodeestadisticaycartografia\/blog\/wp-content\/uploads\/2021\/06\/graf8-1-300x149.png 300w, https:\/\/ws089.juntadeandalucia.es\/institutodeestadisticaycartografia\/blog\/wp-content\/uploads\/2021\/06\/graf8-1-768x380.png 768w\" sizes=\"(max-width: 856px) 100vw, 856px\" \/><\/a>\n<\/p>\n<p style=\"text-align: justify;\">\n\tLos datos disponibles sobre caracter&iacute;sticas del empleo conseguido por los egresados que resid&iacute;an en Andaluc&iacute;a son m&aacute;s detallados en el caso de los que trabajan en Andaluc&iacute;a. Para este colectivo, en lo que respecta a la promoci&oacute;n de egresados del curso 2018-2019, se tiene que seg&uacute;n su situaci&oacute;n profesional al a&ntilde;o del egreso se distribuyen en un 5,3% de trabajadores por cuenta propia o aut&oacute;nomos y un 94,7% de trabajadores por cuenta ajena o asalariados.\n<\/p>\n<p class=\"titgraf\" style=\"text-align: center;\">\n\t<strong>Distribuci&oacute;n de los egresados de formaci&oacute;n profesional del curso 2018-2019 que resid&iacute;an en Andaluc&iacute;a y trabajan al a&ntilde;o del egreso en Andaluc&iacute;a por tipo de estudio cursado seg&uacute;n situaci&oacute;n profesional<\/strong>\n<\/p>\n<p class=\"titgraf\" style=\"text-align: center;\">\n\t<a href=\"http:\/\/www.juntadeandalucia.es\/institutodeestadisticaycartografia\/blog\/wp-content\/uploads\/2021\/06\/graf9-1.png\"><img alt=\"Distribuci\u00f3n de los egresados de formaci\u00f3n profesional del curso 2018-2019 que resid\u00edan en Andaluc\u00eda y trabajan al a\u00f1o del egreso en Andaluc\u00eda por tipo de estudio cursado seg\u00fan situaci\u00f3n profesional\" class=\"alignnone size-full wp-image-12415\" src=\"http:\/\/www.juntadeandalucia.es\/institutodeestadisticaycartografia\/blog\/wp-content\/uploads\/2021\/06\/graf9-1.png\" width=\"620\" srcset=\"https:\/\/ws089.juntadeandalucia.es\/institutodeestadisticaycartografia\/blog\/wp-content\/uploads\/2021\/06\/graf9-1.png 794w, https:\/\/ws089.juntadeandalucia.es\/institutodeestadisticaycartografia\/blog\/wp-content\/uploads\/2021\/06\/graf9-1-300x160.png 300w, https:\/\/ws089.juntadeandalucia.es\/institutodeestadisticaycartografia\/blog\/wp-content\/uploads\/2021\/06\/graf9-1-768x410.png 768w\" sizes=\"(max-width: 794px) 100vw, 794px\" \/><\/a>\n<\/p>\n<p style=\"text-align: justify;\">\n\tLa proporci&oacute;n de trabajadores por cuenta propia entre los egresados residentes que trabajan en Andaluc&iacute;a al a&ntilde;o del egreso se ha reducido paulatinamente conforme se han ido sucediendo las promociones de egresados de formaci&oacute;n profesional desde el curso 2012-2013 hasta el 2017-2018: su emprendimiento ha deca&iacute;do promoci&oacute;n tras promoci&oacute;n desde el m&aacute;ximo de 8,5% de aut&oacute;nomos al a&ntilde;o del egreso alcanzado por los egresados de formaci&oacute;n profesional residentes del curso 2012-2013, hasta el 4,5% de la promoci&oacute;n de 2017-2018. En la promoci&oacute;n m&aacute;s reciente, la del curso 2018-2019, se produce un repunte de su tasa de emprendimiento al a&ntilde;o del egreso, alcanzando un valor del 5,3%, aunque el peso de la iniciativa empresarial en Andaluc&iacute;a difiere seg&uacute;n el tipo de estudio cursado: en esta promoci&oacute;n, los egresados residentes de Ciclos formativos de artes pl&aacute;sticas y dise&ntilde;o que trabajan en Andaluc&iacute;a al a&ntilde;o de la finalizaci&oacute;n de sus estudios lo hacen como trabajadores por cuenta propia en una proporci&oacute;n del 16%, un nivel apreciablemente superior al alcanzado en los restantes tipos de estudio.\n<\/p>\n<p style=\"text-align: justify;\">\n\tLa adecuaci&oacute;n de la cualificaci&oacute;n al puesto de trabajo mide el grado de ajuste entre la categor&iacute;a profesional de la ocupaci&oacute;n desempe&ntilde;ada y la competencia profesional del trabajador (expresada en t&eacute;rminos del nivel de capacitaci&oacute;n adquirido por el itinerario formativo seguido). En el caso de los egresados de formaci&oacute;n profesional de la promoci&oacute;n 2018-2019 que resid&iacute;an en Andaluc&iacute;a al inicio de ese curso y un a&ntilde;o despu&eacute;s de egresar trabajan en Andaluc&iacute;a por cuenta ajena, se observa que el 22,0% de ellos se encuentra ocupando puestos de trabajo de la categor&iacute;a profesional inferior, &ldquo;Peones y menores de 18 a&ntilde;os&rdquo;, propia de las ocupaciones que no requieren cualificaci&oacute;n.\n<\/p>\n<p class=\"titgraf\" style=\"text-align: center;\">\n\t<strong>Distribuci&oacute;n de los egresados de formaci&oacute;n profesional del curso 2018-2019 que resid&iacute;an en Andaluc&iacute;a y trabajan por cuenta ajena al a&ntilde;o del egreso en Andaluc&iacute;a por tipo de estudio cursado seg&uacute;n categor&iacute;a profesional<\/strong>\n<\/p>\n<p class=\"titgraf\" style=\"text-align: center;\">\n\t<a href=\"http:\/\/www.juntadeandalucia.es\/institutodeestadisticaycartografia\/blog\/wp-content\/uploads\/2021\/06\/graf10-1.png\"><img alt=\"Distribuci\u00f3n de los egresados de formaci\u00f3n profesional del curso 2018-2019 que resid\u00edan en Andaluc\u00eda y trabajan por cuenta ajena al a\u00f1o del egreso en Andaluc\u00eda por tipo de estudio cursado seg\u00fan categor\u00eda profesional\" class=\"alignnone size-full wp-image-12416\" src=\"http:\/\/www.juntadeandalucia.es\/institutodeestadisticaycartografia\/blog\/wp-content\/uploads\/2021\/06\/graf10-1.png\" width=\"620\" srcset=\"https:\/\/ws089.juntadeandalucia.es\/institutodeestadisticaycartografia\/blog\/wp-content\/uploads\/2021\/06\/graf10-1.png 951w, https:\/\/ws089.juntadeandalucia.es\/institutodeestadisticaycartografia\/blog\/wp-content\/uploads\/2021\/06\/graf10-1-300x159.png 300w, https:\/\/ws089.juntadeandalucia.es\/institutodeestadisticaycartografia\/blog\/wp-content\/uploads\/2021\/06\/graf10-1-768x408.png 768w\" sizes=\"(max-width: 951px) 100vw, 951px\" \/><\/a>\n<\/p>\n<p style=\"text-align: justify;\">\n\tAl estudiar la adecuaci&oacute;n de la cualificaci&oacute;n distinguiendo los diferentes tipos de ense&ntilde;anzas de formaci&oacute;n profesional, se detectan diferencias muy apreciables entre los egresados del curso 2018-2019 que resid&iacute;an en Andaluc&iacute;a al inicio de ese curso y un a&ntilde;o despu&eacute;s de egresar trabajan en Andaluc&iacute;a por cuenta ajena: en tanto que solo el 16,7% de los que cursaron estudios de Formaci&oacute;n profesional de grado superior se encuentran ocupados en la categor&iacute;a profesional inferior, esta proporci&oacute;n se eleva hasta el 63,5% en el caso de los egresados que cursaron estudios de Formaci&oacute;n profesional b&aacute;sica.\n<\/p>\n<p style=\"text-align: justify;\">\n\tA su vez, si se clasifican las titulaciones obtenidas por este colectivo de egresados de formaci&oacute;n profesional seg&uacute;n su &aacute;mbito de estudio (CINE 2013), se ve que los egresados en titulaciones del &aacute;mbito <em>Tecnolog&iacute;as de la Informaci&oacute;n y las Comunicaciones (TIC)<\/em> obtienen al a&ntilde;o del egreso ocupaciones del grupo de categor&iacute;as profesionales superiores (&ldquo;Titulados superiores, t&eacute;cnicos, ayudantes y jefes administrativos&rdquo;) en una proporci&oacute;n del 33,4%, un valor m&aacute;s de 20 puntos porcentuales superior al obtenido en este grupo de categor&iacute;as por cualquiera de los restantes &aacute;mbitos de estudio. En el extremo opuesto destacan los egresados en titulaciones del &aacute;mbito <em>Agricultura, Ganader&iacute;a, Pesca, Silvicultura y Veterinaria<\/em>, que en un 45,1% se encuentran ocupados al a&ntilde;o de su egreso en la categor&iacute;a profesional inferior.\n<\/p>\n<p class=\"titgraf\" style=\"text-align: center;\">\n\t<strong>Distribuci&oacute;n de los egresados de formaci&oacute;n profesional del curso 2018-2019 que resid&iacute;an en Andaluc&iacute;a y trabajan por cuenta ajena al a&ntilde;o del egreso en Andaluc&iacute;a por &aacute;mbito de estudio seg&uacute;n categor&iacute;a profesional<\/strong>\n<\/p>\n<p class=\"titgraf\" style=\"text-align: center;\">\n\t<a href=\"http:\/\/www.juntadeandalucia.es\/institutodeestadisticaycartografia\/blog\/wp-content\/uploads\/2021\/06\/graf11-1.png\"><img alt=\"Distribuci\u00f3n de los egresados de formaci\u00f3n profesional del curso 2018-2019 que resid\u00edan en Andaluc\u00eda y trabajan por cuenta ajena al a\u00f1o del egreso en Andaluc\u00eda por \u00e1mbito de estudio seg\u00fan categor\u00eda profesional\" class=\"alignnone size-full wp-image-12417\" src=\"http:\/\/www.juntadeandalucia.es\/institutodeestadisticaycartografia\/blog\/wp-content\/uploads\/2021\/06\/graf11-1.png\" width=\"620\" srcset=\"https:\/\/ws089.juntadeandalucia.es\/institutodeestadisticaycartografia\/blog\/wp-content\/uploads\/2021\/06\/graf11-1.png 980w, https:\/\/ws089.juntadeandalucia.es\/institutodeestadisticaycartografia\/blog\/wp-content\/uploads\/2021\/06\/graf11-1-300x155.png 300w, https:\/\/ws089.juntadeandalucia.es\/institutodeestadisticaycartografia\/blog\/wp-content\/uploads\/2021\/06\/graf11-1-768x396.png 768w\" sizes=\"(max-width: 980px) 100vw, 980px\" \/><\/a>\n<\/p>\n<p style=\"text-align: justify;\">\n\tAlgunas caracter&iacute;sticas del empleo conseguido por los egresados de formaci&oacute;n profesional que resid&iacute;an en Andaluc&iacute;a al inicio de su curso de egreso y trabajan en la Comunidad Aut&oacute;noma por cuenta ajena tambi&eacute;n pueden ser analizadas tomando en consideraci&oacute;n el tipo de contrato y la jornada laboral del puesto de trabajo. Si se considera el empleo obtenido al a&ntilde;o del egreso por los representantes en la promoci&oacute;n 2018-2019 del colectivo de egresados mencionado, se observa que el 20,2% de ellos se encontraba trabajando a 30 de septiembre de 2020 con un contrato de car&aacute;cter indefinido, en tanto que la contrataci&oacute;n temporal afectaba al 76,2%, sin que se aprecie una diferencia acusada en esta distribuci&oacute;n al hacer intervenir el sexo de los egresados.\n<\/p>\n<p class=\"titgraf\" style=\"text-align: center;\">\n\t<strong>Tipo de contrato de los egresados de formaci&oacute;n profesional del curso 2018-2019 que resid&iacute;an en Andaluc&iacute;a y trabajan por cuenta ajena al a&ntilde;o del egreso en Andaluc&iacute;a por sexo<\/strong>\n<\/p>\n<p class=\"titgraf\" style=\"text-align: center;\">\n\t<a href=\"http:\/\/www.juntadeandalucia.es\/institutodeestadisticaycartografia\/blog\/wp-content\/uploads\/2021\/06\/graf12.png\"><img alt=\"Tipo de contrato de los egresados de formaci\u00f3n profesional del curso 2018-2019 que resid\u00edan en Andaluc\u00eda y trabajan por cuenta ajena al a\u00f1o del egreso en Andaluc\u00eda por sexo\" class=\"alignnone size-full wp-image-12418\" src=\"http:\/\/www.juntadeandalucia.es\/institutodeestadisticaycartografia\/blog\/wp-content\/uploads\/2021\/06\/graf12.png\" width=\"620\" srcset=\"https:\/\/ws089.juntadeandalucia.es\/institutodeestadisticaycartografia\/blog\/wp-content\/uploads\/2021\/06\/graf12.png 706w, https:\/\/ws089.juntadeandalucia.es\/institutodeestadisticaycartografia\/blog\/wp-content\/uploads\/2021\/06\/graf12-300x143.png 300w\" sizes=\"(max-width: 706px) 100vw, 706px\" \/><\/a>\n<\/p>\n<p style=\"text-align: justify;\">\n\tPor el contrario, al analizar el tipo de jornada laboral al que est&aacute; sujeto este colectivo se revela un patr&oacute;n de desigualdad de g&eacute;nero notable: el 47,6% de las mujeres egresadas residentes que trabajan por cuenta ajena en Andaluc&iacute;a tienen un contrato a jornada parcial frente al 27,2% de los hombres egresados.\n<\/p>\n<p class=\"titgraf\" style=\"text-align: center;\">\n\t<strong>Tipo de jornada laboral de los egresados de formaci&oacute;n profesional del curso 2018-2019 que resid&iacute;an en Andaluc&iacute;a y trabajan por cuenta ajena al a&ntilde;o del egreso en Andaluc&iacute;a por sexo<\/strong>\n<\/p>\n<p class=\"titgraf\" style=\"text-align: center;\">\n\t<a href=\"http:\/\/www.juntadeandalucia.es\/institutodeestadisticaycartografia\/blog\/wp-content\/uploads\/2021\/06\/graf13.png\"><img alt=\"Tipo de jornada laboral de los egresados de formaci\u00f3n profesional del curso 2018-2019 que resid\u00edan en Andaluc\u00eda y trabajan por cuenta ajena al a\u00f1o del egreso en Andaluc\u00eda por sexo\" class=\"alignnone size-full wp-image-12419\" src=\"http:\/\/www.juntadeandalucia.es\/institutodeestadisticaycartografia\/blog\/wp-content\/uploads\/2021\/06\/graf13.png\" width=\"620\" srcset=\"https:\/\/ws089.juntadeandalucia.es\/institutodeestadisticaycartografia\/blog\/wp-content\/uploads\/2021\/06\/graf13.png 706w, https:\/\/ws089.juntadeandalucia.es\/institutodeestadisticaycartografia\/blog\/wp-content\/uploads\/2021\/06\/graf13-300x143.png 300w\" sizes=\"(max-width: 706px) 100vw, 706px\" \/><\/a>\n<\/p>\n<p>\n\t<span style=\"color:#A9A9A9;\">Esta actividad ha sido financiada con fondos FEDER<\/span>\n<\/p>\n<p>\n\t<a href=\"http:\/\/www.juntadeandalucia.es\/institutodeestadisticaycartografia\/blog\/wp-content\/uploads\/2017\/03\/Logo_UE_FEDER.gif\"><span style=\"color:#A9A9A9;\"><img loading=\"lazy\" alt=\"\" class=\"aligncenter size-full wp-image-8048\" height=\"30\" src=\"http:\/\/www.juntadeandalucia.es\/institutodeestadisticaycartografia\/blog\/wp-content\/uploads\/2017\/03\/Logo_UE_FEDER.gif\" style=\"float: left;\" width=\"161\" \/><\/span><\/a>\n<\/p>\n<p>\n\t&nbsp;<\/p>\n<!-- AddThis Advanced Settings generic via filter on the_content --><!-- AddThis Share Buttons generic via filter on the_content -->","protected":false},"excerpt":{"rendered":"<p>El Instituto de Estad&iacute;stica y Cartograf&iacute;a de Andaluc&iacute;a publica la estad&iacute;stica de Inserci&oacute;n laboral de los egresados de formaci&oacute;n profesional en Andaluc&iacute;a. En este nuevo producto estad&iacute;stico se ofrece informaci&oacute;n acerca del acceso al mercado de trabajo nacional de los alumnos de formaci&oacute;n profesional y de ense&ntilde;anzas profesionales de artes pl&aacute;sticas y dise&ntilde;o egresados en [&hellip;]<!-- AddThis Advanced Settings generic via filter on wp_trim_excerpt --><!-- AddThis Share Buttons generic via filter on wp_trim_excerpt --><\/p>\n","protected":false},"author":2,"featured_media":0,"comment_status":"open","ping_status":"open","sticky":false,"template":"","format":"standard","meta":{"_mi_skip_tracking":false},"categories":[1],"tags":[551,582,601,177],"_links":{"self":[{"href":"https:\/\/ws089.juntadeandalucia.es\/institutodeestadisticaycartografia\/blog\/wp-json\/wp\/v2\/posts\/12405"}],"collection":[{"href":"https:\/\/ws089.juntadeandalucia.es\/institutodeestadisticaycartografia\/blog\/wp-json\/wp\/v2\/posts"}],"about":[{"href":"https:\/\/ws089.juntadeandalucia.es\/institutodeestadisticaycartografia\/blog\/wp-json\/wp\/v2\/types\/post"}],"author":[{"embeddable":true,"href":"https:\/\/ws089.juntadeandalucia.es\/institutodeestadisticaycartografia\/blog\/wp-json\/wp\/v2\/users\/2"}],"replies":[{"embeddable":true,"href":"https:\/\/ws089.juntadeandalucia.es\/institutodeestadisticaycartografia\/blog\/wp-json\/wp\/v2\/comments?post=12405"}],"version-history":[{"count":3,"href":"https:\/\/ws089.juntadeandalucia.es\/institutodeestadisticaycartografia\/blog\/wp-json\/wp\/v2\/posts\/12405\/revisions"}],"predecessor-version":[{"id":12423,"href":"https:\/\/ws089.juntadeandalucia.es\/institutodeestadisticaycartografia\/blog\/wp-json\/wp\/v2\/posts\/12405\/revisions\/12423"}],"wp:attachment":[{"href":"https:\/\/ws089.juntadeandalucia.es\/institutodeestadisticaycartografia\/blog\/wp-json\/wp\/v2\/media?parent=12405"}],"wp:term":[{"taxonomy":"category","embeddable":true,"href":"https:\/\/ws089.juntadeandalucia.es\/institutodeestadisticaycartografia\/blog\/wp-json\/wp\/v2\/categories?post=12405"},{"taxonomy":"post_tag","embeddable":true,"href":"https:\/\/ws089.juntadeandalucia.es\/institutodeestadisticaycartografia\/blog\/wp-json\/wp\/v2\/tags?post=12405"}],"curies":[{"name":"wp","href":"https:\/\/api.w.org\/{rel}","templated":true}]}}