{"id":12351,"date":"2021-05-18T18:00:07","date_gmt":"2021-05-18T16:00:07","guid":{"rendered":"http:\/\/www.juntadeandalucia.es\/institutodeestadisticaycartografia\/blog\/?p=12351"},"modified":"2021-06-01T18:13:49","modified_gmt":"2021-06-01T16:13:49","slug":"nombres-y-apellidos-2021","status":"publish","type":"post","link":"https:\/\/ws089.juntadeandalucia.es\/institutodeestadisticaycartografia\/blog\/2021\/05\/nombres-y-apellidos-2021\/","title":{"rendered":"Mar\u00eda y Jos\u00e9 son las palabras m\u00e1s utilizadas en los nombres de la poblaci\u00f3n andaluza, mientras Garc\u00eda contin\u00faa siendo el apellido m\u00e1s com\u00fan"},"content":{"rendered":"<p style=\"text-align: justify;\">\n\tEl Instituto de Estad&iacute;stica y Cartograf&iacute;a de Andaluc&iacute;a publica hoy la <a href=\"https:\/\/www.juntadeandalucia.es\/institutodeestadisticaycartografia\/nombresyapellidos\/index.htm\">Estad&iacute;stica de Nombres y Apellidos de los Andaluces<\/a> con referencia a 1 de enero de 2021.\n<\/p>\n<p style=\"text-align: justify;\">\n\tLos nombres m&aacute;s comunes entre la poblaci&oacute;n andaluza son <em>Antonio <\/em>para los hombres y <em>Mar&iacute;a del Carmen<\/em> para las mujeres. Aunque poco a poco van perdiendo peso, contin&uacute;an siendo los m&aacute;s frecuentes en Andaluc&iacute;a en los &uacute;ltimos a&ntilde;os. Estos nombres pertenecen sobre todo a poblaci&oacute;n de mayor edad, presentando una media por encima de los 50 a&ntilde;os en ambos sexos.\n<\/p>\n<p style=\"text-align: center;\">\n\t<strong>Diez nombres m&aacute;s frecuentes en Andaluc&iacute;a a 1 de enero de 2021<\/strong>\n<\/p>\n<p style=\"text-align: center;\">\n\t<a href=\"http:\/\/www.juntadeandalucia.es\/institutodeestadisticaycartografia\/blog\/wp-content\/uploads\/2021\/06\/graf1-1.png\"><img alt=\"Diez nombres m\u00e1s frecuentes en Andaluc\u00eda a 1 de enero de 2021\" class=\"alignnone size-full wp-image-12352\" src=\"http:\/\/www.juntadeandalucia.es\/institutodeestadisticaycartografia\/blog\/wp-content\/uploads\/2021\/06\/graf1-1.png\" width=\"620\" srcset=\"https:\/\/ws089.juntadeandalucia.es\/institutodeestadisticaycartografia\/blog\/wp-content\/uploads\/2021\/06\/graf1-1.png 737w, https:\/\/ws089.juntadeandalucia.es\/institutodeestadisticaycartografia\/blog\/wp-content\/uploads\/2021\/06\/graf1-1-300x164.png 300w\" sizes=\"(max-width: 737px) 100vw, 737px\" \/><\/a>\n<\/p>\n<p>\n\t<!--more-->\n<\/p>\n<p style=\"text-align: justify;\">\n\tLa lista de los diez nombres m&aacute;s frecuentes no presenta cambios de orden respecto al a&ntilde;o anterior en ninguno de los sexos. Lo que s&iacute; presenta cambios son los valores, manteni&eacute;ndose la tendencia de p&eacute;rdida de poblaci&oacute;n y envejecimiento de las personas que usan estos nombres. Solamente <em>David <\/em>parece ajeno a este comportamiento siendo el &uacute;nico nombre del ranking que aumenta en poblaci&oacute;n.\n<\/p>\n<p style=\"text-align: justify;\">\n\tOtra de las caracter&iacute;sticas de esta publicaci&oacute;n es que tambi&eacute;n permite conocer la distribuci&oacute;n de un nombre o un apellido entre los distintos grupos de edad. Por ejemplo, si se analiza el nombre de <em>Mara<\/em>, se puede observar que su uso se ha ido popularizando en la d&eacute;cada pasada y, aunque es un nombre presente en personas de mayor edad, principalmente su uso est&aacute; extendido entre personas j&oacute;venes: m&aacute;s del 86% de las personas con ese nombre tienen menos de 18 a&ntilde;os, contando con una edad media global aproximada de 13 a&ntilde;os.\n<\/p>\n<p style=\"text-align: center;\">\n\t<strong>Distribuci&oacute;n del nombre MARA por a&ntilde;o de nacimiento y grupo de edad a 1 de enero de 2021<\/strong>\n<\/p>\n<p style=\"text-align: center;\">\n\t<a href=\"http:\/\/www.juntadeandalucia.es\/institutodeestadisticaycartografia\/blog\/wp-content\/uploads\/2021\/06\/graf3-1.png\"><img alt=\"Distribuci\u00f3n del nombre MARA por a\u00f1o de nacimiento y grupo de edad a 1 de enero de 2021\" class=\"alignnone size-full wp-image-12353\"  src=\"http:\/\/www.juntadeandalucia.es\/institutodeestadisticaycartografia\/blog\/wp-content\/uploads\/2021\/06\/graf3-1.png\" width=\"620\" srcset=\"https:\/\/ws089.juntadeandalucia.es\/institutodeestadisticaycartografia\/blog\/wp-content\/uploads\/2021\/06\/graf3-1.png 700w, https:\/\/ws089.juntadeandalucia.es\/institutodeestadisticaycartografia\/blog\/wp-content\/uploads\/2021\/06\/graf3-1-300x214.png 300w\" sizes=\"(max-width: 700px) 100vw, 700px\" \/><\/a>\n<\/p>\n<p style=\"text-align: justify;\">\n\tPor otro lado, si se plantea un ranking de nombres seg&uacute;n la edad media de sus poseedores, se observa que entre las diez posiciones m&aacute;s longevas aparecen algunos nombres de origen anglosaj&oacute;n, sobre todo en el caso de los hombres, lo que responde en gran medida a la presencia de personas jubiladas de origen europeo que residen en Andaluc&iacute;a. Junto a estos nombres aparecen, tambi&eacute;n con una elevada edad media, nombres tradicionales espa&ntilde;oles cuyo uso en la actualidad es menos frecuente.\n<\/p>\n<p style=\"text-align: justify;\">\n\tEn el otro extremo, entre los diez nombres con menor edad media se observa la presencia de nombres de origen extranjero pero en su versi&oacute;n castellanizada y preferentemente nombres no compuestos y cortos.\n<\/p>\n<p style=\"text-align: center;\">\n\t<strong>Edad media de los nombres de los residentes en Andaluc&iacute;a a 1 de enero de 2021<\/strong>\n<\/p>\n<p style=\"text-align: center;\">\n\t<a href=\"http:\/\/www.juntadeandalucia.es\/institutodeestadisticaycartografia\/blog\/wp-content\/uploads\/2021\/06\/graf4-1.png\"><img alt=\"Edad media de los nombres de los residentes en Andaluc\u00eda a 1 de enero de 2021\" class=\"alignnone size-full wp-image-12354\"  src=\"http:\/\/www.juntadeandalucia.es\/institutodeestadisticaycartografia\/blog\/wp-content\/uploads\/2021\/06\/graf4-1.png\" width=\"620\" srcset=\"https:\/\/ws089.juntadeandalucia.es\/institutodeestadisticaycartografia\/blog\/wp-content\/uploads\/2021\/06\/graf4-1.png 683w, https:\/\/ws089.juntadeandalucia.es\/institutodeestadisticaycartografia\/blog\/wp-content\/uploads\/2021\/06\/graf4-1-300x152.png 300w\" sizes=\"(max-width: 683px) 100vw, 683px\" \/><\/a>\n<\/p>\n<p style=\"text-align: justify;\">\n\tEn cuanto a la distribuci&oacute;n geogr&aacute;fica, <em>Antonio <\/em>es el nombre m&aacute;s utilizado por los hombres residentes en las provincias orientales y <em>Manuel <\/em>en las provincias situadas m&aacute;s al oeste. En el caso de las mujeres, <em>Mar&iacute;a del Carmen<\/em> es el m&aacute;s utilizado en cuatro provincias (C&aacute;diz, C&oacute;rdoba, Granada, Sevilla) y <em>Mar&iacute;a <\/em>en las otras cuatro (Almer&iacute;a, Huelva, Ja&eacute;n y M&aacute;laga).\n<\/p>\n<p style=\"text-align: justify;\">\n\tTambi&eacute;n es posible conocer informaci&oacute;n referente a las personas que emplean un nombre en su versi&oacute;n simple o en las composiciones m&aacute;s frecuentes en las que dicho nombre aparece.\n<\/p>\n<p style=\"text-align: justify;\">\n\tEn este caso, la palabra m&aacute;s utilizada es <em>Mar&iacute;a<\/em>, que forma parte del nombre de m&aacute;s de un mill&oacute;n doscientas mil personas residentes en Andaluc&iacute;a. Este nombre es utilizado por ambos sexos, siendo <em>Jos&eacute; Mar&iacute;a <\/em>el sexto nombre en el que m&aacute;s se utiliza esta palabra.\n<\/p>\n<p style=\"text-align: center;\">\n\t<strong>Diez palabras m&aacute;s utilizadas en el nombre por la poblaci&oacute;n andaluza a 1 de enero de 2021<\/strong>\n<\/p>\n<p style=\"text-align: center;\">\n\t<a href=\"http:\/\/www.juntadeandalucia.es\/institutodeestadisticaycartografia\/blog\/wp-content\/uploads\/2021\/06\/graf2-1.png\"><img loading=\"lazy\" alt=\"Diez palabras m\u00e1s utilizadas en el nombre por la poblaci\u00f3n andaluza a 1 de enero de 2021\" class=\"alignnone size-full wp-image-12355\" height=\"298\" src=\"http:\/\/www.juntadeandalucia.es\/institutodeestadisticaycartografia\/blog\/wp-content\/uploads\/2021\/06\/graf2-1.png\" width=\"475\" srcset=\"https:\/\/ws089.juntadeandalucia.es\/institutodeestadisticaycartografia\/blog\/wp-content\/uploads\/2021\/06\/graf2-1.png 475w, https:\/\/ws089.juntadeandalucia.es\/institutodeestadisticaycartografia\/blog\/wp-content\/uploads\/2021\/06\/graf2-1-300x188.png 300w\" sizes=\"(max-width: 475px) 100vw, 475px\" \/><\/a>\n<\/p>\n<p style=\"text-align: justify;\">\n\tEste apartado de la publicaci&oacute;n tambi&eacute;n incluye mapas con la distribuci&oacute;n espacial y un gr&aacute;fico que representa el d&iacute;a y mes de nacimiento m&aacute;s frecuente de todas las personas que emplean el mismo nombre o lo tienen como parte de un nombre compuesto, pudi&eacute;ndose observar diversos patrones tanto en la distribuci&oacute;n temporal como en la espacial entre los distintos nombres simples.\n<\/p>\n<p style=\"text-align: center;\">\n\t<strong>Distribuci&oacute;n del d&iacute;a y mes de nacimiento de las personas cuyo nombre contiene la palabra CANDELARIA en cualquier posici&oacute;n<\/strong>\n<\/p>\n<p style=\"text-align: center;\">\n\t<a href=\"http:\/\/www.juntadeandalucia.es\/institutodeestadisticaycartografia\/blog\/wp-content\/uploads\/2021\/06\/graf5.png\"><img alt=\"Distribuci\u00f3n del d\u00eda y mes de nacimiento de las personas cuyo nombre contiene la palabra CANDELARIA en cualquier posici\u00f3n\" class=\"alignnone size-full wp-image-12356\" src=\"http:\/\/www.juntadeandalucia.es\/institutodeestadisticaycartografia\/blog\/wp-content\/uploads\/2021\/06\/graf5.png\" width=\"620\" srcset=\"https:\/\/ws089.juntadeandalucia.es\/institutodeestadisticaycartografia\/blog\/wp-content\/uploads\/2021\/06\/graf5.png 721w, https:\/\/ws089.juntadeandalucia.es\/institutodeestadisticaycartografia\/blog\/wp-content\/uploads\/2021\/06\/graf5-257x300.png 257w\" sizes=\"(max-width: 721px) 100vw, 721px\" \/><\/a>\n<\/p>\n<p style=\"text-align: center;\">\n\t<strong>Concentraci&oacute;n de las personas cuyo nombre contiene CANDELARIA en cualquier posici&oacute;n<\/strong>\n<\/p>\n<p style=\"text-align: center;\">\n\t<a href=\"http:\/\/www.juntadeandalucia.es\/institutodeestadisticaycartografia\/blog\/wp-content\/uploads\/2021\/06\/graf6.png\"><img alt=\"Concentraci\u00f3n de las personas cuyo nombre contiene CANDELARIA en cualquier posici\u00f3n\" class=\"alignnone size-full wp-image-12357\" src=\"http:\/\/www.juntadeandalucia.es\/institutodeestadisticaycartografia\/blog\/wp-content\/uploads\/2021\/06\/graf6.png\" width=\"620\" srcset=\"https:\/\/ws089.juntadeandalucia.es\/institutodeestadisticaycartografia\/blog\/wp-content\/uploads\/2021\/06\/graf6.png 700w, https:\/\/ws089.juntadeandalucia.es\/institutodeestadisticaycartografia\/blog\/wp-content\/uploads\/2021\/06\/graf6-300x148.png 300w\" sizes=\"(max-width: 700px) 100vw, 700px\" \/><\/a>\n<\/p>\n<p style=\"text-align: justify;\">\n\tEn lo referente a apellidos, estos tienen un comportamiento m&aacute;s estable en el tiempo y en el espacio. El m&aacute;s extendido contin&uacute;a siendo <em>Garc&iacute;a<\/em>, apellido que acompa&ntilde;a al 6,36% de los andaluces. Huelva es la provincia donde tiene menor presencia entre la poblaci&oacute;n (5,25%) y Granada en la que m&aacute;s (7,16%). Tras Garc&iacute;a le siguen <em>Rodr&iacute;guez<\/em>, <em>L&oacute;pez<\/em>, <em>S&aacute;nchez <\/em>y <em>Fern&aacute;ndez<\/em>.<\/p>\n<!-- AddThis Advanced Settings generic via filter on the_content --><!-- AddThis Share Buttons generic via filter on the_content -->","protected":false},"excerpt":{"rendered":"<p>El Instituto de Estad&iacute;stica y Cartograf&iacute;a de Andaluc&iacute;a publica hoy la Estad&iacute;stica de Nombres y Apellidos de los Andaluces con referencia a 1 de enero de 2021. Los nombres m&aacute;s comunes entre la poblaci&oacute;n andaluza son Antonio para los hombres y Mar&iacute;a del Carmen para las mujeres. Aunque poco a poco van perdiendo peso, contin&uacute;an [&hellip;]<!-- AddThis Advanced Settings generic via filter on wp_trim_excerpt --><!-- AddThis Share Buttons generic via filter on wp_trim_excerpt --><\/p>\n","protected":false},"author":2,"featured_media":0,"comment_status":"open","ping_status":"open","sticky":false,"template":"","format":"standard","meta":{"_mi_skip_tracking":false},"categories":[1],"tags":[66,65,19],"_links":{"self":[{"href":"https:\/\/ws089.juntadeandalucia.es\/institutodeestadisticaycartografia\/blog\/wp-json\/wp\/v2\/posts\/12351"}],"collection":[{"href":"https:\/\/ws089.juntadeandalucia.es\/institutodeestadisticaycartografia\/blog\/wp-json\/wp\/v2\/posts"}],"about":[{"href":"https:\/\/ws089.juntadeandalucia.es\/institutodeestadisticaycartografia\/blog\/wp-json\/wp\/v2\/types\/post"}],"author":[{"embeddable":true,"href":"https:\/\/ws089.juntadeandalucia.es\/institutodeestadisticaycartografia\/blog\/wp-json\/wp\/v2\/users\/2"}],"replies":[{"embeddable":true,"href":"https:\/\/ws089.juntadeandalucia.es\/institutodeestadisticaycartografia\/blog\/wp-json\/wp\/v2\/comments?post=12351"}],"version-history":[{"count":3,"href":"https:\/\/ws089.juntadeandalucia.es\/institutodeestadisticaycartografia\/blog\/wp-json\/wp\/v2\/posts\/12351\/revisions"}],"predecessor-version":[{"id":12360,"href":"https:\/\/ws089.juntadeandalucia.es\/institutodeestadisticaycartografia\/blog\/wp-json\/wp\/v2\/posts\/12351\/revisions\/12360"}],"wp:attachment":[{"href":"https:\/\/ws089.juntadeandalucia.es\/institutodeestadisticaycartografia\/blog\/wp-json\/wp\/v2\/media?parent=12351"}],"wp:term":[{"taxonomy":"category","embeddable":true,"href":"https:\/\/ws089.juntadeandalucia.es\/institutodeestadisticaycartografia\/blog\/wp-json\/wp\/v2\/categories?post=12351"},{"taxonomy":"post_tag","embeddable":true,"href":"https:\/\/ws089.juntadeandalucia.es\/institutodeestadisticaycartografia\/blog\/wp-json\/wp\/v2\/tags?post=12351"}],"curies":[{"name":"wp","href":"https:\/\/api.w.org\/{rel}","templated":true}]}}