{"id":12322,"date":"2021-05-10T14:27:12","date_gmt":"2021-05-10T12:27:12","guid":{"rendered":"http:\/\/www.juntadeandalucia.es\/institutodeestadisticaycartografia\/blog\/?p=12322"},"modified":"2021-06-01T11:38:20","modified_gmt":"2021-06-01T09:38:20","slug":"ecta-0121","status":"publish","type":"post","link":"https:\/\/ws089.juntadeandalucia.es\/institutodeestadisticaycartografia\/blog\/2021\/05\/ecta-0121\/","title":{"rendered":"Disminuye un 73,9% el n\u00famero de turistas que visit\u00f3 Andaluc\u00eda en el primer trimestre del a\u00f1o"},"content":{"rendered":"<p style=\"text-align: justify;\">\n\tEl n&uacute;mero de turistas que visit&oacute; Andaluc&iacute;a en el primer trimestre de 2021 alcanz&oacute; el mill&oacute;n doscientos siete mil, seg&uacute;n los resultados de la <a href=\"http:\/\/www.juntadeandalucia.es\/institutodeestadisticaycartografia\/turismo\/index.htm\" target=\"_Blank\">Encuesta de Coyuntura Tur&iacute;stica de Andaluc&iacute;a<\/a> que realiza trimestralmente el Instituto de Estad&iacute;stica y Cartograf&iacute;a de Andaluc&iacute;a, lo que supone un descenso de un 73,9% con respecto al mismo trimestre del a&ntilde;o anterior.\n<\/p>\n<p style=\"text-align: justify;\">\n\tDurante este per&iacute;odo, de los turistas que visitaron Andaluc&iacute;a, el 62,0% eran andaluces, el 23,2% eran del resto de Espa&ntilde;a, el 11,5% proced&iacute;an de la UE excluida Espa&ntilde;a y el 3,3% del resto del mundo.\n<\/p>\n<p style=\"text-align: center;\">\n\t<strong>Evoluci&oacute;n del n&uacute;mero de turistas<\/strong>\n<\/p>\n<p style=\"text-align: center;\">\n\t<a href=\"http:\/\/www.juntadeandalucia.es\/institutodeestadisticaycartografia\/blog\/wp-content\/uploads\/2021\/06\/graf1.png\"><img loading=\"lazy\" alt=\"Evoluci\u00f3n del n\u00famero de turistas\" class=\"alignnone size-full wp-image-12323\" height=\"285\" src=\"http:\/\/www.juntadeandalucia.es\/institutodeestadisticaycartografia\/blog\/wp-content\/uploads\/2021\/06\/graf1.png\" width=\"607\" srcset=\"https:\/\/ws089.juntadeandalucia.es\/institutodeestadisticaycartografia\/blog\/wp-content\/uploads\/2021\/06\/graf1.png 607w, https:\/\/ws089.juntadeandalucia.es\/institutodeestadisticaycartografia\/blog\/wp-content\/uploads\/2021\/06\/graf1-300x141.png 300w\" sizes=\"(max-width: 607px) 100vw, 607px\" \/><\/a>\n<\/p>\n<p>\n\t<!--more-->\n<\/p>\n<p style=\"text-align: justify;\">\n\tEl 65,6% de los turistas que visitaron Andaluc&iacute;a lo hicieron por vacaciones, el 18,2% para visitar a familiares y amigos, el 11,5% por trabajo o negocios y el 4,7% restante alegaron otras motivaciones.\n<\/p>\n<p style=\"text-align: justify;\">\n\tEn el primer trimestre de 2021, el 58,3% de los viajeros se aloj&oacute; en establecimientos hoteleros, mientras que el 34,1% utiliz&oacute; apartamento, piso o chalet. Por otra parte, la estancia media, o n&uacute;mero de d&iacute;as que por t&eacute;rmino medio permanece un turista en Andaluc&iacute;a, se situ&oacute; en 4,7 d&iacute;as, un 39,9% menos que un a&ntilde;o antes.\n<\/p>\n<p style=\"text-align: center;\">\n\t<strong>Evoluci&oacute;n de la estancia media<\/strong>\n<\/p>\n<p style=\"text-align: center;\">\n\t<a href=\"http:\/\/www.juntadeandalucia.es\/institutodeestadisticaycartografia\/blog\/wp-content\/uploads\/2021\/06\/graf3.png\"><img loading=\"lazy\" alt=\"Evoluci\u00f3n de la estancia media\" class=\"alignnone size-full wp-image-12324\" height=\"285\" src=\"http:\/\/www.juntadeandalucia.es\/institutodeestadisticaycartografia\/blog\/wp-content\/uploads\/2021\/06\/graf3.png\" width=\"607\" srcset=\"https:\/\/ws089.juntadeandalucia.es\/institutodeestadisticaycartografia\/blog\/wp-content\/uploads\/2021\/06\/graf3.png 607w, https:\/\/ws089.juntadeandalucia.es\/institutodeestadisticaycartografia\/blog\/wp-content\/uploads\/2021\/06\/graf3-300x141.png 300w\" sizes=\"(max-width: 607px) 100vw, 607px\" \/><\/a>\n<\/p>\n<p style=\"text-align: justify;\">\n\tEn cuanto a la distribuci&oacute;n de los turistas por provincias, M&aacute;laga concentr&oacute; el 23,2% de los mismos, seguida de Granada, Sevilla y C&aacute;diz con el 18,2%, 17,5% y 16,1%, respectivamente.\n<\/p>\n<p style=\"text-align: center;\">\n\t<strong>Distribuci&oacute;n porcentual de los turistas por provincia. Primer trimestre 2021<\/strong>\n<\/p>\n<p style=\"text-align: center;\">\n\t<a href=\"http:\/\/www.juntadeandalucia.es\/institutodeestadisticaycartografia\/blog\/wp-content\/uploads\/2021\/06\/graf2.png\"><img loading=\"lazy\" alt=\"Distribuci\u00f3n porcentual de los turistas por provincia. Primer trimestre 2021\" class=\"alignnone size-full wp-image-12325\" height=\"367\" src=\"http:\/\/www.juntadeandalucia.es\/institutodeestadisticaycartografia\/blog\/wp-content\/uploads\/2021\/06\/graf2.png\" width=\"432\" srcset=\"https:\/\/ws089.juntadeandalucia.es\/institutodeestadisticaycartografia\/blog\/wp-content\/uploads\/2021\/06\/graf2.png 432w, https:\/\/ws089.juntadeandalucia.es\/institutodeestadisticaycartografia\/blog\/wp-content\/uploads\/2021\/06\/graf2-300x255.png 300w\" sizes=\"(max-width: 432px) 100vw, 432px\" \/><\/a>\n<\/p>\n<p style=\"text-align: justify;\">\n\tEl gasto medio diario que realizaron los turistas en Andaluc&iacute;a en el primer trimestre se estima en 60,45 euros por turista, cifra que es menor en un 7,3% a la del mismo trimestre del a&ntilde;o anterior. La procedencia del turista establece diferencias en este gasto, que var&iacute;a desde los 55,72 euros que gastaron los turistas andaluces hasta los 79,05 euros que gastaron los procedentes del resto del mundo.\n<\/p>\n<p style=\"text-align: center;\">\n\t<strong>Gasto medio diario seg&uacute;n procedencia (euros). Primer trimestre 2021<\/strong>\n<\/p>\n<p style=\"text-align: center;\">\n\t<a href=\"http:\/\/www.juntadeandalucia.es\/institutodeestadisticaycartografia\/blog\/wp-content\/uploads\/2021\/06\/graf4.png\"><img loading=\"lazy\" alt=\"Gasto medio diario seg\u00fan procedencia (euros). Primer trimestre 2021\" class=\"alignnone size-full wp-image-12326\" height=\"346\" src=\"http:\/\/www.juntadeandalucia.es\/institutodeestadisticaycartografia\/blog\/wp-content\/uploads\/2021\/06\/graf4.png\" width=\"607\" srcset=\"https:\/\/ws089.juntadeandalucia.es\/institutodeestadisticaycartografia\/blog\/wp-content\/uploads\/2021\/06\/graf4.png 607w, https:\/\/ws089.juntadeandalucia.es\/institutodeestadisticaycartografia\/blog\/wp-content\/uploads\/2021\/06\/graf4-300x171.png 300w\" sizes=\"(max-width: 607px) 100vw, 607px\" \/><\/a>\n<\/p>\n<p style=\"text-align: justify;\">\n\tEn cuanto a la valoraci&oacute;n, de uno a diez, del viaje realizado, los turistas que visitaron Andaluc&iacute;a durante el trimestre, concedieron un 8,3 a su estancia en la regi&oacute;n. Las provincias m&aacute;s valoradas fueron Ja&eacute;n, con un 9,2, y C&oacute;rdoba, Almer&iacute;a y C&aacute;diz, con 8,8. Los aspectos mejor valorados por los visitantes fueron los relacionados con los paisajes y parques naturales, la atenci&oacute;n y el trato, y el patrimonio cultural.\n<\/p>\n<p style=\"text-align: justify;\">\n\tA la pregunta realizada a los turistas sobre si se hab&iacute;an visto cubiertas sus expectativas con respecto a Andaluc&iacute;a, el 25,0% de los viajeros consider&oacute; que el trato fue mejor de lo esperado; mientras que el 9,8% consider&oacute; que el ocio fue peor de lo esperado.\n<\/p>\n<p>\n\t<span style=\"color:#A9A9A9;\">Esta actividad ha sido financiada con fondos FEDER<\/span>\n<\/p>\n<p>\n\t<a href=\"http:\/\/www.juntadeandalucia.es\/institutodeestadisticaycartografia\/blog\/wp-content\/uploads\/2017\/03\/Logo_UE_FEDER.gif\"><span style=\"color:#A9A9A9;\"><img loading=\"lazy\" alt=\"\" class=\"aligncenter size-full wp-image-8048\" height=\"30\" src=\"http:\/\/www.juntadeandalucia.es\/institutodeestadisticaycartografia\/blog\/wp-content\/uploads\/2017\/03\/Logo_UE_FEDER.gif\" style=\"float: left;\" width=\"161\" \/><\/span><\/a>\n<\/p>\n<p>\n\t&nbsp;<\/p>\n<!-- AddThis Advanced Settings generic via filter on the_content --><!-- AddThis Share Buttons generic via filter on the_content -->","protected":false},"excerpt":{"rendered":"<p>El n&uacute;mero de turistas que visit&oacute; Andaluc&iacute;a en el primer trimestre de 2021 alcanz&oacute; el mill&oacute;n doscientos siete mil, seg&uacute;n los resultados de la Encuesta de Coyuntura Tur&iacute;stica de Andaluc&iacute;a que realiza trimestralmente el Instituto de Estad&iacute;stica y Cartograf&iacute;a de Andaluc&iacute;a, lo que supone un descenso de un 73,9% con respecto al mismo trimestre del [&hellip;]<!-- AddThis Advanced Settings generic via filter on wp_trim_excerpt --><!-- AddThis Share Buttons generic via filter on wp_trim_excerpt --><\/p>\n","protected":false},"author":2,"featured_media":0,"comment_status":"open","ping_status":"open","sticky":false,"template":"","format":"standard","meta":{"_mi_skip_tracking":false},"categories":[1],"tags":[58,528],"_links":{"self":[{"href":"https:\/\/ws089.juntadeandalucia.es\/institutodeestadisticaycartografia\/blog\/wp-json\/wp\/v2\/posts\/12322"}],"collection":[{"href":"https:\/\/ws089.juntadeandalucia.es\/institutodeestadisticaycartografia\/blog\/wp-json\/wp\/v2\/posts"}],"about":[{"href":"https:\/\/ws089.juntadeandalucia.es\/institutodeestadisticaycartografia\/blog\/wp-json\/wp\/v2\/types\/post"}],"author":[{"embeddable":true,"href":"https:\/\/ws089.juntadeandalucia.es\/institutodeestadisticaycartografia\/blog\/wp-json\/wp\/v2\/users\/2"}],"replies":[{"embeddable":true,"href":"https:\/\/ws089.juntadeandalucia.es\/institutodeestadisticaycartografia\/blog\/wp-json\/wp\/v2\/comments?post=12322"}],"version-history":[{"count":2,"href":"https:\/\/ws089.juntadeandalucia.es\/institutodeestadisticaycartografia\/blog\/wp-json\/wp\/v2\/posts\/12322\/revisions"}],"predecessor-version":[{"id":12517,"href":"https:\/\/ws089.juntadeandalucia.es\/institutodeestadisticaycartografia\/blog\/wp-json\/wp\/v2\/posts\/12322\/revisions\/12517"}],"wp:attachment":[{"href":"https:\/\/ws089.juntadeandalucia.es\/institutodeestadisticaycartografia\/blog\/wp-json\/wp\/v2\/media?parent=12322"}],"wp:term":[{"taxonomy":"category","embeddable":true,"href":"https:\/\/ws089.juntadeandalucia.es\/institutodeestadisticaycartografia\/blog\/wp-json\/wp\/v2\/categories?post=12322"},{"taxonomy":"post_tag","embeddable":true,"href":"https:\/\/ws089.juntadeandalucia.es\/institutodeestadisticaycartografia\/blog\/wp-json\/wp\/v2\/tags?post=12322"}],"curies":[{"name":"wp","href":"https:\/\/api.w.org\/{rel}","templated":true}]}}