{"id":12003,"date":"2020-12-15T14:37:07","date_gmt":"2020-12-15T13:37:07","guid":{"rendered":"http:\/\/www.juntadeandalucia.es\/institutodeestadisticaycartografia\/blog\/?p=12003"},"modified":"2021-01-13T12:19:13","modified_gmt":"2021-01-13T11:19:13","slug":"mcvl-2019","status":"publish","type":"post","link":"https:\/\/ws089.juntadeandalucia.es\/institutodeestadisticaycartografia\/blog\/2020\/12\/mcvl-2019\/","title":{"rendered":"Se publican los resultados anuales de la Muestra Continua de Vidas Laborales 2019 y de las trayectorias profesionales en Andaluc\u00eda"},"content":{"rendered":"<p style=\"text-align: justify;\">\n\tA lo largo del a&ntilde;o 2019 un total de 5.412.025 andaluces mantuvieron alg&uacute;n tipo de relaci&oacute;n administrativa con la Seguridad Social, lo que supone un 1,6% m&aacute;s que el a&ntilde;o anterior. De ellos, el 47% eran mujeres, 2.556.125 andaluzas.\n<\/p>\n<p style=\"text-align: justify;\">\n\tEn la mayor parte de los casos, la relaci&oacute;n fue &uacute;nicamente como cotizantes a la seguridad social (3.912.125 personas, el 72% del total), el 25% fueron solo perceptores de pensiones contributivas, (1.345.975 personas) y el 3% restante fueron las dos cosas, cotizantes y pensionistas, a lo largo del a&ntilde;o (153.925 personas).\n<\/p>\n<p style=\"text-align: center;\">\n\t<strong>Pir&aacute;mide de cotizantes y pensionistas, seg&uacute;n tipo de relaci&oacute;n con la Seguridad Social. A&ntilde;o 2019<\/strong>\n<\/p>\n<p style=\"text-align: center;\">\n\t<a href=\"http:\/\/www.juntadeandalucia.es\/institutodeestadisticaycartografia\/blog\/wp-content\/uploads\/2021\/01\/graf1.png\"><img alt=\"Pir\u00e1mide de cotizantes y pensionistas, seg\u00fan tipo de relaci\u00f3n con la Seguridad Social. A\u00f1o 2019\" class=\"alignnone size-full wp-image-12004\" src=\"http:\/\/www.juntadeandalucia.es\/institutodeestadisticaycartografia\/blog\/wp-content\/uploads\/2021\/01\/graf1.png\" width=\"620\" srcset=\"https:\/\/ws089.juntadeandalucia.es\/institutodeestadisticaycartografia\/blog\/wp-content\/uploads\/2021\/01\/graf1.png 790w, https:\/\/ws089.juntadeandalucia.es\/institutodeestadisticaycartografia\/blog\/wp-content\/uploads\/2021\/01\/graf1-300x213.png 300w, https:\/\/ws089.juntadeandalucia.es\/institutodeestadisticaycartografia\/blog\/wp-content\/uploads\/2021\/01\/graf1-768x545.png 768w\" sizes=\"(max-width: 790px) 100vw, 790px\" \/><\/a>\n<\/p>\n<p>\n\t<!--more-->\n<\/p>\n<p style=\"text-align: justify;\">\n\tDel mismo modo, hay cotizantes que han tenido solo relaci&oacute;n laboral de ocupaci&oacute;n (69%) o solo relaci&oacute;n de desempleo (5%). Tambi&eacute;n hay un 1% de los cotizantes que han tenido &uacute;nicamente cotizaciones que no se pueden considerar relaciones de ocupaci&oacute;n ni desempleo (principalmente, Convenios Especiales con la Seguridad Social).\n<\/p>\n<p style=\"text-align: justify;\">\n\tEn cuanto a los cotizantes con varios tipos de cotizaci&oacute;n en el a&ntilde;o, 929.750 andaluces han tenido relaci&oacute;n de ocupaci&oacute;n y de desempleo a lo largo del a&ntilde;o (23% del total de cotizantes). El resto de combinaciones (112.325 personas) suponen el 3% del total de cotizantes.\n<\/p>\n<p style=\"text-align: justify;\">\n\tEn relaci&oacute;n al a&ntilde;o 2018, aumentaron un 3% los cotizantes que solo tuvieron relaciones laborales de ocupaci&oacute;n. Por contra, el n&uacute;mero de cotizantes que solo tuvieron relaciones de desempleo disminuy&oacute; un 5% respecto al a&ntilde;o anterior.\n<\/p>\n<p style=\"text-align: center;\">\n\t<strong>Evoluci&oacute;n de los cotizantes, seg&uacute;n tipo de cotizaci&oacute;n. Andaluc&iacute;a 2006-2019<\/strong>\n<\/p>\n<p style=\"text-align: center;\">\n\t<a href=\"http:\/\/www.juntadeandalucia.es\/institutodeestadisticaycartografia\/blog\/wp-content\/uploads\/2021\/01\/graf2.png\"><img loading=\"lazy\" alt=\"Evoluci\u00f3n de los cotizantes, seg\u00fan tipo de cotizaci\u00f3n. Andaluc\u00eda 2006-2019\" class=\"alignnone size-full wp-image-12005\" height=\"380\" src=\"http:\/\/www.juntadeandalucia.es\/institutodeestadisticaycartografia\/blog\/wp-content\/uploads\/2021\/01\/graf2.png\" width=\"607\" srcset=\"https:\/\/ws089.juntadeandalucia.es\/institutodeestadisticaycartografia\/blog\/wp-content\/uploads\/2021\/01\/graf2.png 607w, https:\/\/ws089.juntadeandalucia.es\/institutodeestadisticaycartografia\/blog\/wp-content\/uploads\/2021\/01\/graf2-300x188.png 300w\" sizes=\"(max-width: 607px) 100vw, 607px\" \/><\/a>\n<\/p>\n<p style=\"text-align: justify;\">\n\tM&aacute;s de la mitad de los cotizantes tuvieron un &uacute;nico episodio de cotizaci&oacute;n en el a&ntilde;o, 2.160.250 personas. El 47% tuvo al menos dos episodios de cotizaci&oacute;n, con un 4% de casos de 10 o m&aacute;s episodios de cotizaci&oacute;n en el a&ntilde;o.\n<\/p>\n<p style=\"text-align: justify;\">\n\tEl 93% de los cotizantes present&oacute; alguna relaci&oacute;n de ocupaci&oacute;n y el 29% alguna de desempleo. En cuanto al periodo de cotizaci&oacute;n, el 65% de los cotizantes lo hicieron durante todo el a&ntilde;o 2019, mientras que el 8% lo hicieron por un periodo inferior a tres meses.\n<\/p>\n<p style=\"text-align: justify;\">\n\tEntre los andaluces que tuvieron alg&uacute;n episodio de ocupaci&oacute;n, el 86% tuvo episodios de ocupaci&oacute;n por cuenta ajena (3.238.225, un 2% m&aacute;s que en el a&ntilde;o anterior) y el 18% por cuenta propia (668.250, un 1% m&aacute;s que en 2018).\n<\/p>\n<p style=\"text-align: justify;\">\n\tA lo largo del a&ntilde;o 2019 1,5 millones de andaluces percibieron alguna pensi&oacute;n contributiva. El 62% de los pensionistas tuvieron una pensi&oacute;n de jubilaci&oacute;n mientras que el 27% de los pensionistas percibieron pensiones de viudedad en 2019. Entre los hombres pensionistas, el 76% tuvieron una pensi&oacute;n de jubilaci&oacute;n y el 4% una pensi&oacute;n de viudedad. Entre las mujeres pensionistas el 47% tuvieron una pensi&oacute;n de jubilaci&oacute;n y el 52% una pensi&oacute;n de viudedad.\n<\/p>\n<p style=\"text-align: justify;\">\n\tEl 39% de los pensionistas residentes en Andaluc&iacute;a tuvo unos ingresos inferiores a 10 mil euros anuales (27% en los hombres y 52% en el caso de las mujeres).\n<\/p>\n<p style=\"text-align: justify;\">\n\t<strong>Trayectorias profesionales<\/strong>\n<\/p>\n<p style=\"text-align: justify;\">\n\tAtendiendo al conjunto de la vida laboral y no solo a los datos de 2019, los andaluces han cotizado el 75% del tiempo transcurrido desde que tuvieron su primera cotizaci&oacute;n (72% en el caso de las mujeres, 78% en el de los hombres). El 13% de esas cotizaciones proviene de relaciones de cobro de prestaciones o subsidios por desempleo (15% en mujeres, 12% en hombres).\n<\/p>\n<p style=\"text-align: center;\">\n\t<strong>Proporci&oacute;n de tiempo cotizado sobre tiempo transcurrido desde la primera cotizaci&oacute;n por generaciones y sexo<\/strong>\n<\/p>\n<p style=\"text-align: center;\">\n\t<a href=\"http:\/\/www.juntadeandalucia.es\/institutodeestadisticaycartografia\/blog\/wp-content\/uploads\/2021\/01\/graf3.png\"><img loading=\"lazy\" alt=\"Proporci\u00f3n de tiempo cotizado sobre tiempo transcurrido desde la primera cotizaci\u00f3n por generaciones y sexo\" class=\"alignnone size-full wp-image-12006\" height=\"342\" src=\"http:\/\/www.juntadeandalucia.es\/institutodeestadisticaycartografia\/blog\/wp-content\/uploads\/2021\/01\/graf3.png\" width=\"607\" srcset=\"https:\/\/ws089.juntadeandalucia.es\/institutodeestadisticaycartografia\/blog\/wp-content\/uploads\/2021\/01\/graf3.png 607w, https:\/\/ws089.juntadeandalucia.es\/institutodeestadisticaycartografia\/blog\/wp-content\/uploads\/2021\/01\/graf3-300x169.png 300w\" sizes=\"(max-width: 607px) 100vw, 607px\" \/><\/a>\n<\/p>\n<p style=\"text-align: justify;\">\n\tLa duraci&oacute;n del episodio de ocupaci&oacute;n m&aacute;s largo en toda la vida laboral var&iacute;a con el nivel de ingresos. Para las personas que en 2019 tuvieron unos ingresos inferiores a 10 mil euros, el episodio m&aacute;s largo ocupa el 28% de toda la vida laboral, mientras que para las personas con ingresos superiores a 30 mil euros, supone el 49%.\n<\/p>\n<p style=\"text-align: center;\">\n\t<strong>Duraci&oacute;n del episodio de ocupaci&oacute;n m&aacute;s largo seg&uacute;n intervalo de ingresos y generaciones en 2019<\/strong>\n<\/p>\n<p style=\"text-align: center;\">\n\t<a href=\"http:\/\/www.juntadeandalucia.es\/institutodeestadisticaycartografia\/blog\/wp-content\/uploads\/2021\/01\/graf4.png\"><img loading=\"lazy\" alt=\"Duraci\u00f3n del episodio de ocupaci\u00f3n m\u00e1s largo seg\u00fan intervalo de ingresos y generaciones en 2019\" class=\"alignnone size-full wp-image-12007\" height=\"342\" src=\"http:\/\/www.juntadeandalucia.es\/institutodeestadisticaycartografia\/blog\/wp-content\/uploads\/2021\/01\/graf4.png\" width=\"607\" srcset=\"https:\/\/ws089.juntadeandalucia.es\/institutodeestadisticaycartografia\/blog\/wp-content\/uploads\/2021\/01\/graf4.png 607w, https:\/\/ws089.juntadeandalucia.es\/institutodeestadisticaycartografia\/blog\/wp-content\/uploads\/2021\/01\/graf4-300x169.png 300w\" sizes=\"(max-width: 607px) 100vw, 607px\" \/><\/a>\n<\/p>\n<p>\n\t<span style=\"color:#A9A9A9;\">Esta actividad ha sido financiada con fondos FEDER<\/span>\n<\/p>\n<p>\n\t<a href=\"http:\/\/www.juntadeandalucia.es\/institutodeestadisticaycartografia\/blog\/wp-content\/uploads\/2017\/03\/Logo_UE_FEDER.gif\"><span style=\"color:#A9A9A9;\"><img loading=\"lazy\" alt=\"\" class=\"aligncenter size-full wp-image-8048\" height=\"30\" src=\"http:\/\/www.juntadeandalucia.es\/institutodeestadisticaycartografia\/blog\/wp-content\/uploads\/2017\/03\/Logo_UE_FEDER.gif\" style=\"float: left;\" width=\"161\" \/><\/span><\/a>\n<\/p>\n<p>\n\t&nbsp;<\/p>\n<!-- AddThis Advanced Settings generic via filter on the_content --><!-- AddThis Share Buttons generic via filter on the_content -->","protected":false},"excerpt":{"rendered":"<p>A lo largo del a&ntilde;o 2019 un total de 5.412.025 andaluces mantuvieron alg&uacute;n tipo de relaci&oacute;n administrativa con la Seguridad Social, lo que supone un 1,6% m&aacute;s que el a&ntilde;o anterior. De ellos, el 47% eran mujeres, 2.556.125 andaluzas. En la mayor parte de los casos, la relaci&oacute;n fue &uacute;nicamente como cotizantes a la seguridad [&hellip;]<!-- AddThis Advanced Settings generic via filter on wp_trim_excerpt --><!-- AddThis Share Buttons generic via filter on wp_trim_excerpt --><\/p>\n","protected":false},"author":2,"featured_media":0,"comment_status":"open","ping_status":"open","sticky":false,"template":"","format":"standard","meta":{"_mi_skip_tracking":false},"categories":[1],"tags":[177,240,545],"_links":{"self":[{"href":"https:\/\/ws089.juntadeandalucia.es\/institutodeestadisticaycartografia\/blog\/wp-json\/wp\/v2\/posts\/12003"}],"collection":[{"href":"https:\/\/ws089.juntadeandalucia.es\/institutodeestadisticaycartografia\/blog\/wp-json\/wp\/v2\/posts"}],"about":[{"href":"https:\/\/ws089.juntadeandalucia.es\/institutodeestadisticaycartografia\/blog\/wp-json\/wp\/v2\/types\/post"}],"author":[{"embeddable":true,"href":"https:\/\/ws089.juntadeandalucia.es\/institutodeestadisticaycartografia\/blog\/wp-json\/wp\/v2\/users\/2"}],"replies":[{"embeddable":true,"href":"https:\/\/ws089.juntadeandalucia.es\/institutodeestadisticaycartografia\/blog\/wp-json\/wp\/v2\/comments?post=12003"}],"version-history":[{"count":3,"href":"https:\/\/ws089.juntadeandalucia.es\/institutodeestadisticaycartografia\/blog\/wp-json\/wp\/v2\/posts\/12003\/revisions"}],"predecessor-version":[{"id":12021,"href":"https:\/\/ws089.juntadeandalucia.es\/institutodeestadisticaycartografia\/blog\/wp-json\/wp\/v2\/posts\/12003\/revisions\/12021"}],"wp:attachment":[{"href":"https:\/\/ws089.juntadeandalucia.es\/institutodeestadisticaycartografia\/blog\/wp-json\/wp\/v2\/media?parent=12003"}],"wp:term":[{"taxonomy":"category","embeddable":true,"href":"https:\/\/ws089.juntadeandalucia.es\/institutodeestadisticaycartografia\/blog\/wp-json\/wp\/v2\/categories?post=12003"},{"taxonomy":"post_tag","embeddable":true,"href":"https:\/\/ws089.juntadeandalucia.es\/institutodeestadisticaycartografia\/blog\/wp-json\/wp\/v2\/tags?post=12003"}],"curies":[{"name":"wp","href":"https:\/\/api.w.org\/{rel}","templated":true}]}}