{"id":1152,"date":"2014-03-25T13:35:19","date_gmt":"2014-03-25T12:35:19","guid":{"rendered":"http:\/\/www.juntadeandalucia.es\/institutodeestadisticaycartografia\/blog\/?p=1152"},"modified":"2014-04-03T12:12:27","modified_gmt":"2014-04-03T10:12:27","slug":"como-eramos-y-como-somos","status":"publish","type":"post","link":"https:\/\/ws089.juntadeandalucia.es\/institutodeestadisticaycartografia\/blog\/2014\/03\/como-eramos-y-como-somos\/","title":{"rendered":"C\u00f3mo \u00e9ramos y c\u00f3mo somos"},"content":{"rendered":"<p style=\"text-align: justify;\">\n\tEl pasado d&iacute;a 22 de febrero Canal Sur emiti&oacute; en el programa &quot;Los Reporteros&quot; un trabajo en el que, a partir de la informaci&oacute;n del Instituto de Estad&iacute;stica y Cartograf&iacute;a de Andaluc&iacute;a, se mostraba c&oacute;mo ha evolucionado la realidad andaluza en los &uacute;ltimos 25 a&ntilde;os, los mismos que cumple este a&ntilde;o dicho canal televisivo.\n<\/p>\n<p style=\"text-align: justify;\">\n\t<a href=\"http:\/\/www.juntadeandalucia.es\/institutodeestadisticaycartografia\/blog\/wp-content\/uploads\/2014\/03\/fotoreportajecs.png\"><img loading=\"lazy\" alt=\"fotoreportajecs\" class=\"alignnone size-full wp-image-1156\" height=\"424\" src=\"http:\/\/www.juntadeandalucia.es\/institutodeestadisticaycartografia\/blog\/wp-content\/uploads\/2014\/03\/fotoreportajecs.png\" width=\"536\" srcset=\"https:\/\/ws089.juntadeandalucia.es\/institutodeestadisticaycartografia\/blog\/wp-content\/uploads\/2014\/03\/fotoreportajecs.png 536w, https:\/\/ws089.juntadeandalucia.es\/institutodeestadisticaycartografia\/blog\/wp-content\/uploads\/2014\/03\/fotoreportajecs-300x237.png 300w\" sizes=\"(max-width: 536px) 100vw, 536px\" \/><\/a>\n<\/p>\n<p>\n\t<!--more-->\n<\/p>\n<p style=\"text-align: justify;\">\n\tLos datos ayudan a comprender y contrastar lo que ocurre en la realidad de un territorio y los cambios que en ella se producen. Con el objetivo de ofrecer a los telespectadores una visi\u00f3n rigurosa de la evoluci\u00f3n de la realidad social y econ\u00f3mica de Andaluc\u00eda en los \u00faltimos 25 a\u00f1os, el programa de los Reporteros de Canalsur visit\u00f3 el IECA para recabar informaci\u00f3n estad\u00edstica sobre Andaluc\u00eda. El programa entrevist\u00f3 al Director del IECA, Jes\u00fas S\u00e1nchez Fern\u00e1ndez, que ofreci\u00f3 una visi\u00f3n de los principales cambios en la Comunidad Aut\u00f3noma a partir de la informaci\u00f3n estad\u00edstica y cartogr\u00e1fica que produce el Instituto. Este organismo, que naci\u00f3 hace 25 a\u00f1os, cuenta con la informaci\u00f3n demogr\u00e1fica, social, econ\u00f3mica, ambiental, infraestructura, etc. que permite ofrecer una visi\u00f3n precisa del cambio en Andaluc\u00eda en este periodo.\n<\/p>\n<p style=\"text-align: justify;\">\n\t&nbsp;\n<\/p>\n<p>\n<iframe loading=\"lazy\" width=\"560\" height=\"315\" src=\"\/\/www.youtube.com\/embed\/QfdZs-qEx8Q?list=UUuO58B3sthffhn1k77OFIcg\" frameborder=\"0\" allowfullscreen><\/iframe><\/p>\n<!-- AddThis Advanced Settings generic via filter on the_content --><!-- AddThis Share Buttons generic via filter on the_content -->","protected":false},"excerpt":{"rendered":"<p>El pasado d&iacute;a 22 de febrero Canal Sur emiti&oacute; en el programa &quot;Los Reporteros&quot; un trabajo en el que, a partir de la informaci&oacute;n del Instituto de Estad&iacute;stica y Cartograf&iacute;a de Andaluc&iacute;a, se mostraba c&oacute;mo ha evolucionado la realidad andaluza en los &uacute;ltimos 25 a&ntilde;os, los mismos que cumple este a&ntilde;o dicho canal televisivo.<!-- AddThis Advanced Settings generic via filter on wp_trim_excerpt --><!-- AddThis Share Buttons generic via filter on wp_trim_excerpt --><\/p>\n","protected":false},"author":2,"featured_media":0,"comment_status":"open","ping_status":"open","sticky":false,"template":"","format":"standard","meta":{"_mi_skip_tracking":false},"categories":[2,1],"tags":[251,94,252,250],"_links":{"self":[{"href":"https:\/\/ws089.juntadeandalucia.es\/institutodeestadisticaycartografia\/blog\/wp-json\/wp\/v2\/posts\/1152"}],"collection":[{"href":"https:\/\/ws089.juntadeandalucia.es\/institutodeestadisticaycartografia\/blog\/wp-json\/wp\/v2\/posts"}],"about":[{"href":"https:\/\/ws089.juntadeandalucia.es\/institutodeestadisticaycartografia\/blog\/wp-json\/wp\/v2\/types\/post"}],"author":[{"embeddable":true,"href":"https:\/\/ws089.juntadeandalucia.es\/institutodeestadisticaycartografia\/blog\/wp-json\/wp\/v2\/users\/2"}],"replies":[{"embeddable":true,"href":"https:\/\/ws089.juntadeandalucia.es\/institutodeestadisticaycartografia\/blog\/wp-json\/wp\/v2\/comments?post=1152"}],"version-history":[{"count":22,"href":"https:\/\/ws089.juntadeandalucia.es\/institutodeestadisticaycartografia\/blog\/wp-json\/wp\/v2\/posts\/1152\/revisions"}],"predecessor-version":[{"id":1268,"href":"https:\/\/ws089.juntadeandalucia.es\/institutodeestadisticaycartografia\/blog\/wp-json\/wp\/v2\/posts\/1152\/revisions\/1268"}],"wp:attachment":[{"href":"https:\/\/ws089.juntadeandalucia.es\/institutodeestadisticaycartografia\/blog\/wp-json\/wp\/v2\/media?parent=1152"}],"wp:term":[{"taxonomy":"category","embeddable":true,"href":"https:\/\/ws089.juntadeandalucia.es\/institutodeestadisticaycartografia\/blog\/wp-json\/wp\/v2\/categories?post=1152"},{"taxonomy":"post_tag","embeddable":true,"href":"https:\/\/ws089.juntadeandalucia.es\/institutodeestadisticaycartografia\/blog\/wp-json\/wp\/v2\/tags?post=1152"}],"curies":[{"name":"wp","href":"https:\/\/api.w.org\/{rel}","templated":true}]}}