{"id":11404,"date":"2020-04-16T12:25:20","date_gmt":"2020-04-16T10:25:20","guid":{"rendered":"http:\/\/www.juntadeandalucia.es\/institutodeestadisticaycartografia\/blog\/?p=11404"},"modified":"2020-04-27T12:49:31","modified_gmt":"2020-04-27T10:49:31","slug":"icea0220","status":"publish","type":"post","link":"https:\/\/ws089.juntadeandalucia.es\/institutodeestadisticaycartografia\/blog\/2020\/04\/icea0220\/","title":{"rendered":"La confianza empresarial experimenta un descenso del 26,6% en el segundo trimestre de 2020 respecto al trimestre anterior"},"content":{"rendered":"<p style=\"text-align: justify;\">\n\tEl Instituto de Estad&iacute;stica y Cartograf&iacute;a de Andaluc&iacute;a publica hoy los resultados de los <a href=\"http:\/\/www.juntadeandalucia.es\/institutodeestadisticaycartografia\/iconfiea\/index.htm\" target=\"_blank\">Indicadores de Confianza Empresarial de Andaluc&iacute;a<\/a> correspondientes al segundo trimestre de 2020. Estos resultados se obtienen con la colaboraci&oacute;n de las C&aacute;maras de Comercio de Andaluc&iacute;a.\n<\/p>\n<p style=\"text-align: justify;\">\n\tEl &Iacute;ndice de Confianza Empresarial Armonizado desciende un 26,6% en el segundo trimestre de 2020 respecto al trimestre anterior.\n<\/p>\n<p class=\"titgraf\" style=\"text-align: center;\">\n\t<strong>Evoluci&oacute;n del &Iacute;ndice de Confianza Empresarial Armonizado de Andaluc&iacute;a<\/strong><br \/>\n\t<a href=\"http:\/\/www.juntadeandalucia.es\/institutodeestadisticaycartografia\/blog\/wp-content\/uploads\/2020\/04\/graf1-1.png\"><img alt=\"Evoluci\u00f3n del \u00cdndice de Confianza Empresarial Armonizado de Andaluc\u00eda\" class=\"alignnone size-full wp-image-11406\" src=\"http:\/\/www.juntadeandalucia.es\/institutodeestadisticaycartografia\/blog\/wp-content\/uploads\/2020\/04\/graf1-1.png\" width=\"620\" srcset=\"https:\/\/ws089.juntadeandalucia.es\/institutodeestadisticaycartografia\/blog\/wp-content\/uploads\/2020\/04\/graf1-1.png 645w, https:\/\/ws089.juntadeandalucia.es\/institutodeestadisticaycartografia\/blog\/wp-content\/uploads\/2020\/04\/graf1-1-300x159.png 300w\" sizes=\"(max-width: 645px) 100vw, 645px\" \/><\/a>\n<\/p>\n<p>\n\t<!--more-->\n<\/p>\n<p style=\"text-align: justify;\">\n\t<strong>Opiniones respecto al primer trimestre 2020 que ha finalizado (Situaci&oacute;n)<\/strong>\n<\/p>\n<p style=\"text-align: justify;\">\n\tPara el primer trimestre de 2020 que ha finalizado, el 11,6% de los establecimientos en Andaluc&iacute;a opina que la marcha de su negocio ha sido favorable, mientras el 50,6% la valora como desfavorable. Esto hace que el balance de situaci&oacute;n registrado en este trimestre (diferencia entre las opiniones favorables y desfavorables) sea de -38,9 puntos, empeorando las expectativas que se expresaron en el trimestre anterior, al pasar de -8,8 a -38,9.\n<\/p>\n<p style=\"text-align: justify;\">\n\t<strong>Opiniones respecto al segundo trimestre 2020 que comienza (Expectativas)<\/strong>\n<\/p>\n<p style=\"text-align: justify;\">\n\tPara el segundo trimestre de 2020, el 3,6% de los establecimientos en Andaluc&iacute;a son optimistas sobre la marcha de su negocio, mientras que el 75,4% son pesimistas, resultando un balance de expectativas (diferencia entre las opiniones favorables y desfavorables) de -71,8 puntos.\n<\/p>\n<p class=\"titgraf\" style=\"text-align: center;\">\n\t<strong>Balance de situaci&oacute;n y expectativas<\/strong><br \/>\n\t<a href=\"http:\/\/www.juntadeandalucia.es\/institutodeestadisticaycartografia\/blog\/wp-content\/uploads\/2020\/04\/graf2-1.png\"><img alt=\"Balance de situaci\u00f3n y expectativas\" class=\"alignnone size-full wp-image-11407\" src=\"http:\/\/www.juntadeandalucia.es\/institutodeestadisticaycartografia\/blog\/wp-content\/uploads\/2020\/04\/graf2-1.png\" width=\"620\" srcset=\"https:\/\/ws089.juntadeandalucia.es\/institutodeestadisticaycartografia\/blog\/wp-content\/uploads\/2020\/04\/graf2-1.png 645w, https:\/\/ws089.juntadeandalucia.es\/institutodeestadisticaycartografia\/blog\/wp-content\/uploads\/2020\/04\/graf2-1-300x159.png 300w\" sizes=\"(max-width: 645px) 100vw, 645px\" \/><\/a>\n<\/p>\n<p style=\"text-align: justify;\">\n\t<strong>&Iacute;ndice de Confianza Empresarial Armonizado por sectores de actividad<\/strong>\n<\/p>\n<p style=\"text-align: justify;\">\n\tTodos los sectores analizados disminuyen su confianza respecto al trimestre anterior (<em>Construcci&oacute;n<\/em> el que m&aacute;s, con un -32,0%).\n<\/p>\n<p class=\"titgraf\" style=\"text-align: center;\">\n\t<strong>Tasa de variaci&oacute;n intertrimestral del &Iacute;ndice de Confianza Empresarial Armonizado por sectores de actividad en Andaluc&iacute;a. Segundo trimestre de 2020<\/strong><br \/>\n\t<a href=\"http:\/\/www.juntadeandalucia.es\/institutodeestadisticaycartografia\/blog\/wp-content\/uploads\/2020\/04\/graf3-1.png\"><img loading=\"lazy\" alt=\"Tasa de variaci\u00f3n intertrimestral del \u00cdndice de Confianza Empresarial Armonizado por sectores de actividad en Andaluc\u00eda. Segundo trimestre de 2020\" class=\"alignnone size-full wp-image-11408\" height=\"342\" src=\"http:\/\/www.juntadeandalucia.es\/institutodeestadisticaycartografia\/blog\/wp-content\/uploads\/2020\/04\/graf3-1.png\" width=\"607\" srcset=\"https:\/\/ws089.juntadeandalucia.es\/institutodeestadisticaycartografia\/blog\/wp-content\/uploads\/2020\/04\/graf3-1.png 607w, https:\/\/ws089.juntadeandalucia.es\/institutodeestadisticaycartografia\/blog\/wp-content\/uploads\/2020\/04\/graf3-1-300x169.png 300w\" sizes=\"(max-width: 607px) 100vw, 607px\" \/><\/a>\n<\/p>\n<p style=\"text-align: justify;\">\n\tLa situaci&oacute;n en el primer trimestre de 2020 es desfavorable en todos los sectores, cuyos balances de situaci&oacute;n son negativos, destacando <em>Transportes y Hosteler&iacute;a<\/em> con -46,4. Para el segundo trimestre de 2020 se espera un fuerte empeoramiento en todos los sectores, siendo las perspectivas m&aacute;s desfavorables las de <em>Transportes y Hosteler&iacute;a<\/em> con -82,6.\n<\/p>\n<p class=\"titgraf\" style=\"text-align: center;\">\n\t<strong>Balance de situaci&oacute;n y expectativas por sectores de actividad en Andaluc&iacute;a. Segundo trimestre de 2020<\/strong><br \/>\n\t<a href=\"http:\/\/www.juntadeandalucia.es\/institutodeestadisticaycartografia\/blog\/wp-content\/uploads\/2020\/04\/graf4-1.png\"><img loading=\"lazy\" alt=\"Balance de situaci\u00f3n y expectativas por sectores de actividad en Andaluc\u00eda. Segundo trimestre de 2020\" class=\"alignnone size-full wp-image-11409\" height=\"380\" src=\"http:\/\/www.juntadeandalucia.es\/institutodeestadisticaycartografia\/blog\/wp-content\/uploads\/2020\/04\/graf4-1.png\" width=\"569\" srcset=\"https:\/\/ws089.juntadeandalucia.es\/institutodeestadisticaycartografia\/blog\/wp-content\/uploads\/2020\/04\/graf4-1.png 569w, https:\/\/ws089.juntadeandalucia.es\/institutodeestadisticaycartografia\/blog\/wp-content\/uploads\/2020\/04\/graf4-1-300x200.png 300w\" sizes=\"(max-width: 569px) 100vw, 569px\" \/><\/a>\n<\/p>\n<p style=\"text-align: justify;\">\n\t<strong>&Iacute;ndice de Confianza Empresarial Armonizado por tramos de empleo<\/strong>\n<\/p>\n<p style=\"text-align: justify;\">\n\tPor tramos de empleo disminuye la confianza respecto al trimestre anterior en todos los tramos, siendo el tramo de 10 a 49 empleos en el que esta disminuci&oacute;n se ve m&aacute;s acusada (-28,5%).\n<\/p>\n<p class=\"titgraf\" style=\"text-align: center;\">\n\t<strong>Tasa de variaci&oacute;n intertrimestral del &Iacute;ndice de Confianza Empresarial Armonizado por tramos de empleo en Andaluc&iacute;a. Segundo trimestre de 2020<\/strong><br \/>\n\t<a href=\"http:\/\/www.juntadeandalucia.es\/institutodeestadisticaycartografia\/blog\/wp-content\/uploads\/2020\/04\/graf5-1.png\"><img loading=\"lazy\" alt=\"Tasa de variaci\u00f3n intertrimestral del \u00cdndice de Confianza Empresarial Armonizado por tramos de empleo en Andaluc\u00eda. Segundo trimestre de 2020\" class=\"alignnone size-full wp-image-11410\" height=\"342\" src=\"http:\/\/www.juntadeandalucia.es\/institutodeestadisticaycartografia\/blog\/wp-content\/uploads\/2020\/04\/graf5-1.png\" width=\"607\" srcset=\"https:\/\/ws089.juntadeandalucia.es\/institutodeestadisticaycartografia\/blog\/wp-content\/uploads\/2020\/04\/graf5-1.png 607w, https:\/\/ws089.juntadeandalucia.es\/institutodeestadisticaycartografia\/blog\/wp-content\/uploads\/2020\/04\/graf5-1-300x169.png 300w\" sizes=\"(max-width: 607px) 100vw, 607px\" \/><\/a>\n<\/p>\n<p style=\"text-align: justify;\">\n\tLa situaci&oacute;n en el primer trimestre de 2020 es desfavorable en todos los tramos de empleo, destacando el tramo de 0 a 9 empleos con un balance de -54,6.\n<\/p>\n<p style=\"text-align: justify;\">\n\tPara el segundo trimestre de 2020 las expectativas vuelven a ser desfavorables en todos los tramos de empleo, destacando el tramo de 0 a 9 empleos, con un balance de -78,2.\n<\/p>\n<p class=\"titgraf\" style=\"text-align: center;\">\n\t<strong>Balance de situaci&oacute;n y expectativas por tramos de empleo en Andaluc&iacute;a. Segundo trimestre de 2020<\/strong><br \/>\n\t<a href=\"http:\/\/www.juntadeandalucia.es\/institutodeestadisticaycartografia\/blog\/wp-content\/uploads\/2020\/04\/graf6-1.png\"><img loading=\"lazy\" alt=\"Balance de situaci\u00f3n y expectativas por tramos de empleo en Andaluc\u00eda. Segundo trimestre de 2020\" class=\"alignnone size-full wp-image-11411\" height=\"380\" src=\"http:\/\/www.juntadeandalucia.es\/institutodeestadisticaycartografia\/blog\/wp-content\/uploads\/2020\/04\/graf6-1.png\" width=\"569\" srcset=\"https:\/\/ws089.juntadeandalucia.es\/institutodeestadisticaycartografia\/blog\/wp-content\/uploads\/2020\/04\/graf6-1.png 569w, https:\/\/ws089.juntadeandalucia.es\/institutodeestadisticaycartografia\/blog\/wp-content\/uploads\/2020\/04\/graf6-1-300x200.png 300w\" sizes=\"(max-width: 569px) 100vw, 569px\" \/><\/a>\n<\/p>\n<p style=\"text-align: justify;\">\n\t<strong>&Iacute;ndice de Confianza Empresarial Armonizado por provincias<\/strong>\n<\/p>\n<p style=\"text-align: justify;\">\n\tEl &Iacute;ndice de Confianza Empresarial registra la mayor tasa de variaci&oacute;n negativa respecto al primer trimestre de 2020 en la provincia de Almer&iacute;a (-32,6).\n<\/p>\n<p class=\"titgraf\" style=\"text-align: center;\">\n\t<strong>Tasa de variaci&oacute;n intertrimestral del &Iacute;ndice de Confianza Empresarial Armonizado por provincias en Andaluc&iacute;a. Segundo trimestre de 2020<\/strong><br \/>\n\t<a href=\"http:\/\/www.juntadeandalucia.es\/institutodeestadisticaycartografia\/blog\/wp-content\/uploads\/2020\/04\/graf7.png\"><img loading=\"lazy\" alt=\"Tasa de variaci\u00f3n intertrimestral del \u00cdndice de Confianza Empresarial Armonizado por provincias en Andaluc\u00eda. Segundo trimestre de 2020\" class=\"alignnone size-full wp-image-11412\" height=\"342\" src=\"http:\/\/www.juntadeandalucia.es\/institutodeestadisticaycartografia\/blog\/wp-content\/uploads\/2020\/04\/graf7.png\" width=\"607\" srcset=\"https:\/\/ws089.juntadeandalucia.es\/institutodeestadisticaycartografia\/blog\/wp-content\/uploads\/2020\/04\/graf7.png 607w, https:\/\/ws089.juntadeandalucia.es\/institutodeestadisticaycartografia\/blog\/wp-content\/uploads\/2020\/04\/graf7-300x169.png 300w\" sizes=\"(max-width: 607px) 100vw, 607px\" \/><\/a>\n<\/p>\n<p style=\"text-align: justify;\">\n\tLa situaci&oacute;n m&aacute;s desfavorable para el primer trimestre de 2020 se presenta en los establecimientos de Almer&iacute;a (-52,5 puntos). En cuanto a las expectativas para el segundo trimestre de 2020, todas las provincias presentan un balance negativo, destacando Granada con -84,3 puntos.\n<\/p>\n<p class=\"titgraf\" style=\"text-align: center;\">\n\t<strong>Balance de situaci&oacute;n y expectativas por provincias en Andaluc&iacute;a. Segundo trimestre de 2020<\/strong><br \/>\n\t<a href=\"http:\/\/www.juntadeandalucia.es\/institutodeestadisticaycartografia\/blog\/wp-content\/uploads\/2020\/04\/graf8-1.png\"><img loading=\"lazy\" alt=\"Balance de situaci\u00f3n y expectativas por provincias en Andaluc\u00eda. Segundo trimestre de 2020\" class=\"alignnone size-full wp-image-11413\" height=\"380\" src=\"http:\/\/www.juntadeandalucia.es\/institutodeestadisticaycartografia\/blog\/wp-content\/uploads\/2020\/04\/graf8-1.png\" width=\"569\" srcset=\"https:\/\/ws089.juntadeandalucia.es\/institutodeestadisticaycartografia\/blog\/wp-content\/uploads\/2020\/04\/graf8-1.png 569w, https:\/\/ws089.juntadeandalucia.es\/institutodeestadisticaycartografia\/blog\/wp-content\/uploads\/2020\/04\/graf8-1-300x200.png 300w\" sizes=\"(max-width: 569px) 100vw, 569px\" \/><\/a>\n<\/p>\n<p style=\"text-align: justify;\">\n\t<strong>Empleo y precios<\/strong>\n<\/p>\n<p style=\"text-align: justify;\">\n\tEl balance de situaci&oacute;n del nivel de empleo es negativo (-20,0), as&iacute; como el balance de expectativas (-52,5). El nivel de empleo presenta un empeoramiento en la valoraci&oacute;n de la situaci&oacute;n (-20,0) respecto a la expectativa que tuvo en el trimestre anterior (-9,3).\n<\/p>\n<p style=\"text-align: justify;\">\n\tEl balance de situaci&oacute;n del nivel de precios es negativo (-13,0), al igual que el nivel de expectativas (-29,0). El nivel de precios ha presentado una situaci&oacute;n real m&aacute;s desfavorable (-13,0) que la expectativa que tuvo en el trimestre anterior (-0,6).\n<\/p>\n<p style=\"text-align: justify;\">\n\t<strong>Exportaciones<\/strong>\n<\/p>\n<p style=\"text-align: justify;\">\n\tEn relaci&oacute;n con las exportaciones, el 21,2% de los establecimientos exportaron en el primer trimestre de 2020 y el 21,6% prev&eacute;n hacerlo en el trimestre entrante. El saldo entre los que dicen que aumentaron las exportaciones (8,1%) y los que manifestaron que disminuyeron (26,1%) es -18,0 para el primer trimestre de 2020 y de -53,1 para el segundo trimestre de 2020.\n<\/p>\n<p style=\"text-align: justify;\">\n\t<strong>Capacidad productiva en el sector industrial<\/strong>\n<\/p>\n<p style=\"text-align: justify;\">\n\tLa utilizaci&oacute;n de la capacidad productiva en el sector industrial en el primer trimestre de 2020 ha sido de m&aacute;s de un 55% en el 80,5% de los establecimientos. Por su parte, el 56,1% de los establecimientos tienen expectativas de que se supere dicho porcentaje en el segundo trimestre de 2020, siendo muy relevante que el 26,8% espera que la utilizaci&oacute;n de la capacidad productiva en dicho trimestre sea inferior al 40%.<\/p>\n<!-- AddThis Advanced Settings generic via filter on the_content --><!-- AddThis Share Buttons generic via filter on the_content -->","protected":false},"excerpt":{"rendered":"<p>El Instituto de Estad&iacute;stica y Cartograf&iacute;a de Andaluc&iacute;a publica hoy los resultados de los Indicadores de Confianza Empresarial de Andaluc&iacute;a correspondientes al segundo trimestre de 2020. Estos resultados se obtienen con la colaboraci&oacute;n de las C&aacute;maras de Comercio de Andaluc&iacute;a. El &Iacute;ndice de Confianza Empresarial Armonizado desciende un 26,6% en el segundo trimestre de 2020 [&hellip;]<!-- AddThis Advanced Settings generic via filter on wp_trim_excerpt --><!-- AddThis Share Buttons generic via filter on wp_trim_excerpt --><\/p>\n","protected":false},"author":2,"featured_media":0,"comment_status":"open","ping_status":"open","sticky":false,"template":"","format":"standard","meta":{"_mi_skip_tracking":false},"categories":[1],"tags":[35,87],"_links":{"self":[{"href":"https:\/\/ws089.juntadeandalucia.es\/institutodeestadisticaycartografia\/blog\/wp-json\/wp\/v2\/posts\/11404"}],"collection":[{"href":"https:\/\/ws089.juntadeandalucia.es\/institutodeestadisticaycartografia\/blog\/wp-json\/wp\/v2\/posts"}],"about":[{"href":"https:\/\/ws089.juntadeandalucia.es\/institutodeestadisticaycartografia\/blog\/wp-json\/wp\/v2\/types\/post"}],"author":[{"embeddable":true,"href":"https:\/\/ws089.juntadeandalucia.es\/institutodeestadisticaycartografia\/blog\/wp-json\/wp\/v2\/users\/2"}],"replies":[{"embeddable":true,"href":"https:\/\/ws089.juntadeandalucia.es\/institutodeestadisticaycartografia\/blog\/wp-json\/wp\/v2\/comments?post=11404"}],"version-history":[{"count":3,"href":"https:\/\/ws089.juntadeandalucia.es\/institutodeestadisticaycartografia\/blog\/wp-json\/wp\/v2\/posts\/11404\/revisions"}],"predecessor-version":[{"id":11418,"href":"https:\/\/ws089.juntadeandalucia.es\/institutodeestadisticaycartografia\/blog\/wp-json\/wp\/v2\/posts\/11404\/revisions\/11418"}],"wp:attachment":[{"href":"https:\/\/ws089.juntadeandalucia.es\/institutodeestadisticaycartografia\/blog\/wp-json\/wp\/v2\/media?parent=11404"}],"wp:term":[{"taxonomy":"category","embeddable":true,"href":"https:\/\/ws089.juntadeandalucia.es\/institutodeestadisticaycartografia\/blog\/wp-json\/wp\/v2\/categories?post=11404"},{"taxonomy":"post_tag","embeddable":true,"href":"https:\/\/ws089.juntadeandalucia.es\/institutodeestadisticaycartografia\/blog\/wp-json\/wp\/v2\/tags?post=11404"}],"curies":[{"name":"wp","href":"https:\/\/api.w.org\/{rel}","templated":true}]}}