{"id":10527,"date":"2019-05-06T12:05:28","date_gmt":"2019-05-06T10:05:28","guid":{"rendered":"http:\/\/www.juntadeandalucia.es\/institutodeestadisticaycartografia\/blog\/?p=10527"},"modified":"2019-05-28T17:11:00","modified_gmt":"2019-05-28T15:11:00","slug":"ivgsa0319","status":"publish","type":"post","link":"https:\/\/ws089.juntadeandalucia.es\/institutodeestadisticaycartografia\/blog\/2019\/05\/ivgsa0319\/","title":{"rendered":"Las ventas a precios constantes en las grandes superficies disminuyeron un 2,2% en marzo"},"content":{"rendered":"<p style=\"text-align: justify;\">\n\tSeg&uacute;n la informaci&oacute;n proporcionada por el <a href=\"http:\/\/www.juntadeandalucia.es\/institutodeestadisticaycartografia\/ivgs\/index.htm\">&Iacute;ndice de Ventas en Grandes Superficies de Andaluc&iacute;a (IVGSA)<\/a>, que mensualmente elabora el Instituto de Estad&iacute;stica y Cartograf&iacute;a de Andaluc&iacute;a, en el mes de marzo de 2019, el volumen de ventas en las grandes superficies, descontando el efecto de la inflaci&oacute;n y considerando la serie corregida de efectos estacionales y de calendario<sup>1<\/sup>, registr&oacute; una disminuci&oacute;n del 2,2% respecto al mismo mes del a&ntilde;o anterior. Diferenciando por grupos, las ventas de productos de alimentaci&oacute;n disminuyeron un 5,5% y las del resto de productos un 2,1%.\n<\/p>\n<p class=\"titgraf\" style=\"text-align: center;\">\n\t<strong>Tasas de variaci&oacute;n interanual de las series deflactadas, corregidas de efectos estacionales y de calendario. Marzo 2019<\/strong><br \/>\n\t<a href=\"http:\/\/www.juntadeandalucia.es\/institutodeestadisticaycartografia\/blog\/wp-content\/uploads\/2019\/05\/graf1-6.png\"><img loading=\"lazy\" alt=\"Tasas de variaci\u00f3n interanual de las series deflactadas, corregidas de efectos estacionales y de calendario. Marzo 2019\" class=\"alignnone size-full wp-image-10528\" height=\"333\" src=\"http:\/\/www.juntadeandalucia.es\/institutodeestadisticaycartografia\/blog\/wp-content\/uploads\/2019\/05\/graf1-6.png\" width=\"605\" srcset=\"https:\/\/ws089.juntadeandalucia.es\/institutodeestadisticaycartografia\/blog\/wp-content\/uploads\/2019\/05\/graf1-6.png 605w, https:\/\/ws089.juntadeandalucia.es\/institutodeestadisticaycartografia\/blog\/wp-content\/uploads\/2019\/05\/graf1-6-300x165.png 300w\" sizes=\"(max-width: 605px) 100vw, 605px\" \/><\/a>\n<\/p>\n<p>\n\t<!--more-->\n<\/p>\n<p class=\"titgraf\" style=\"text-align: center;\">\n\t<strong>Evoluci&oacute;n de las tasas de variaci&oacute;n interanual del &Iacute;ndice General deflactado<\/strong><br \/>\n\t<a href=\"http:\/\/www.juntadeandalucia.es\/institutodeestadisticaycartografia\/blog\/wp-content\/uploads\/2019\/05\/graf2-6.png\"><img alt=\"Evoluci\u00f3n de las tasas de variaci\u00f3n interanual del \u00cdndice General deflactado\" class=\"alignnone size-full wp-image-10529\" src=\"http:\/\/www.juntadeandalucia.es\/institutodeestadisticaycartografia\/blog\/wp-content\/uploads\/2019\/05\/graf2-6.png\" width=\"620\" srcset=\"https:\/\/ws089.juntadeandalucia.es\/institutodeestadisticaycartografia\/blog\/wp-content\/uploads\/2019\/05\/graf2-6.png 653w, https:\/\/ws089.juntadeandalucia.es\/institutodeestadisticaycartografia\/blog\/wp-content\/uploads\/2019\/05\/graf2-6-300x178.png 300w\" sizes=\"(max-width: 653px) 100vw, 653px\" \/><\/a>\n<\/p>\n<p style=\"text-align: justify;\">\n\tEn la serie original las ventas totales en las grandes superficies andaluzas disminuyeron un 3,2% respecto al mismo mes del a&ntilde;o anterior. Desglosando por tipo de productos, las ventas de alimentaci&oacute;n disminuyeron un 8,9% y las del resto de productos un 0,7%.\n<\/p>\n<p style=\"text-align: justify;\">\n\tConsiderando s&oacute;lo los establecimientos no especializados, el volumen de ventas en las grandes superficies en marzo de 2019, descontando el efecto de la inflaci&oacute;n y considerando la serie corregida de efectos estacionales y de calendario, disminuy&oacute; un 3,8% respecto al mismo mes del a&ntilde;o anterior. Diferenciando por grupos, las ventas de productos de alimentaci&oacute;n disminuyeron un 5,4% y las del resto de productos un 4,0%.\n<\/p>\n<p class=\"titgraf\" style=\"text-align: center;\">\n\t<strong>Tasas de variaci&oacute;n interanual de las series deflactadas, corregidas de efectos estacionales y de calendario en establecimientos no especializados. Marzo 2019<\/strong><a href=\"http:\/\/www.juntadeandalucia.es\/institutodeestadisticaycartografia\/blog\/wp-content\/uploads\/2019\/05\/graf3-6.png\"><img loading=\"lazy\" alt=\"Tasas de variaci\u00f3n interanual de las series deflactadas, corregidas de efectos estacionales y de calendario en establecimientos no especializados. Marzo 2019\" class=\"alignnone size-full wp-image-10531\" height=\"331\" src=\"http:\/\/www.juntadeandalucia.es\/institutodeestadisticaycartografia\/blog\/wp-content\/uploads\/2019\/05\/graf3-6.png\" width=\"616\" srcset=\"https:\/\/ws089.juntadeandalucia.es\/institutodeestadisticaycartografia\/blog\/wp-content\/uploads\/2019\/05\/graf3-6.png 616w, https:\/\/ws089.juntadeandalucia.es\/institutodeestadisticaycartografia\/blog\/wp-content\/uploads\/2019\/05\/graf3-6-300x161.png 300w\" sizes=\"(max-width: 616px) 100vw, 616px\" \/><\/a>\n<\/p>\n<p class=\"titgraf\" style=\"text-align: center;\">\n\t<strong>Evoluci&oacute;n de las tasas de variaci&oacute;n interanual de los &iacute;ndices deflactados, corregidos de efectos estacionales y de calendario, en establecimientos no especializados<\/strong><a href=\"http:\/\/www.juntadeandalucia.es\/institutodeestadisticaycartografia\/blog\/wp-content\/uploads\/2019\/05\/graf4-5.png\"><img alt=\"Evoluci\u00f3n de las tasas de variaci\u00f3n interanual de los \u00edndices deflactados, corregidos de efectos estacionales y de calendario, en establecimientos no especializados\" class=\"alignnone size-full wp-image-10532\" src=\"http:\/\/www.juntadeandalucia.es\/institutodeestadisticaycartografia\/blog\/wp-content\/uploads\/2019\/05\/graf4-5.png\" width=\"620\" srcset=\"https:\/\/ws089.juntadeandalucia.es\/institutodeestadisticaycartografia\/blog\/wp-content\/uploads\/2019\/05\/graf4-5.png 645w, https:\/\/ws089.juntadeandalucia.es\/institutodeestadisticaycartografia\/blog\/wp-content\/uploads\/2019\/05\/graf4-5-300x167.png 300w\" sizes=\"(max-width: 645px) 100vw, 645px\" \/><\/a>\n<\/p>\n<p style=\"text-align: justify;\">\n\tLa serie original registr&oacute; una disminuci&oacute;n del 6,5% respecto a marzo de 2018. Por productos, las ventas de alimentaci&oacute;n disminuyeron un 9,0% y las del resto de productos disminuyeron un 4,8%.\n<\/p>\n<p style=\"text-align: justify;\">\n\t<span style=\"font-size:10px;\"><sup>1<\/sup>Siguiendo la l&iacute;nea de difusi&oacute;n de otros organismos estad&iacute;sticos nacionales e internacionales, desde el mes de mayo 2009 se publican los &Iacute;ndices originales y deflactados corregidos de efecto de calendario, es decir, considerando la distinta distribuci&oacute;n de los d&iacute;as laborables de cada uno de los meses.<\/span>\n<\/p>\n<p>\n\t<a href=\"http:\/\/www.juntadeandalucia.es\/institutodeestadisticaycartografia\/blog\/wp-content\/uploads\/2017\/03\/Logo_UE_FEDER.gif\"><span style=\"color:#A9A9A9;\"><img loading=\"lazy\" alt=\"\" class=\"aligncenter size-full wp-image-8048\" height=\"30\" src=\"http:\/\/www.juntadeandalucia.es\/institutodeestadisticaycartografia\/blog\/wp-content\/uploads\/2017\/03\/Logo_UE_FEDER.gif\" style=\"float: left;\" width=\"161\" \/><\/span><\/a>\n<\/p>\n<p style=\"text-align: justify;\">\n\t&nbsp;<\/p>\n<!-- AddThis Advanced Settings generic via filter on the_content --><!-- AddThis Share Buttons generic via filter on the_content -->","protected":false},"excerpt":{"rendered":"<p>Seg&uacute;n la informaci&oacute;n proporcionada por el &Iacute;ndice de Ventas en Grandes Superficies de Andaluc&iacute;a (IVGSA), que mensualmente elabora el Instituto de Estad&iacute;stica y Cartograf&iacute;a de Andaluc&iacute;a, en el mes de marzo de 2019, el volumen de ventas en las grandes superficies, descontando el efecto de la inflaci&oacute;n y considerando la serie corregida de efectos estacionales [&hellip;]<!-- AddThis Advanced Settings generic via filter on wp_trim_excerpt --><!-- AddThis Share Buttons generic via filter on wp_trim_excerpt --><\/p>\n","protected":false},"author":2,"featured_media":0,"comment_status":"open","ping_status":"open","sticky":false,"template":"","format":"standard","meta":{"_mi_skip_tracking":false},"categories":[1],"tags":[502,468,85],"_links":{"self":[{"href":"https:\/\/ws089.juntadeandalucia.es\/institutodeestadisticaycartografia\/blog\/wp-json\/wp\/v2\/posts\/10527"}],"collection":[{"href":"https:\/\/ws089.juntadeandalucia.es\/institutodeestadisticaycartografia\/blog\/wp-json\/wp\/v2\/posts"}],"about":[{"href":"https:\/\/ws089.juntadeandalucia.es\/institutodeestadisticaycartografia\/blog\/wp-json\/wp\/v2\/types\/post"}],"author":[{"embeddable":true,"href":"https:\/\/ws089.juntadeandalucia.es\/institutodeestadisticaycartografia\/blog\/wp-json\/wp\/v2\/users\/2"}],"replies":[{"embeddable":true,"href":"https:\/\/ws089.juntadeandalucia.es\/institutodeestadisticaycartografia\/blog\/wp-json\/wp\/v2\/comments?post=10527"}],"version-history":[{"count":2,"href":"https:\/\/ws089.juntadeandalucia.es\/institutodeestadisticaycartografia\/blog\/wp-json\/wp\/v2\/posts\/10527\/revisions"}],"predecessor-version":[{"id":10534,"href":"https:\/\/ws089.juntadeandalucia.es\/institutodeestadisticaycartografia\/blog\/wp-json\/wp\/v2\/posts\/10527\/revisions\/10534"}],"wp:attachment":[{"href":"https:\/\/ws089.juntadeandalucia.es\/institutodeestadisticaycartografia\/blog\/wp-json\/wp\/v2\/media?parent=10527"}],"wp:term":[{"taxonomy":"category","embeddable":true,"href":"https:\/\/ws089.juntadeandalucia.es\/institutodeestadisticaycartografia\/blog\/wp-json\/wp\/v2\/categories?post=10527"},{"taxonomy":"post_tag","embeddable":true,"href":"https:\/\/ws089.juntadeandalucia.es\/institutodeestadisticaycartografia\/blog\/wp-json\/wp\/v2\/tags?post=10527"}],"curies":[{"name":"wp","href":"https:\/\/api.w.org\/{rel}","templated":true}]}}