{"id":10381,"date":"2019-04-12T14:30:57","date_gmt":"2019-04-12T12:30:57","guid":{"rendered":"http:\/\/www.juntadeandalucia.es\/institutodeestadisticaycartografia\/blog\/?p=10381"},"modified":"2019-04-26T13:12:31","modified_gmt":"2019-04-26T11:12:31","slug":"icea0219","status":"publish","type":"post","link":"https:\/\/ws089.juntadeandalucia.es\/institutodeestadisticaycartografia\/blog\/2019\/04\/icea0219\/","title":{"rendered":"La confianza empresarial experimenta un descenso del 0,1% en el segundo trimestre de 2019"},"content":{"rendered":"<p style=\"text-align: justify;\">\n\tEl Instituto de Estad&iacute;stica y Cartograf&iacute;a de Andaluc&iacute;a publica hoy los resultados de los <a href=\"http:\/\/www.juntadeandalucia.es\/institutodeestadisticaycartografia\/iconfiea\/index.htm\" target=\"_blank\">Indicadores de Confianza Empresarial de Andaluc&iacute;a<\/a> correspondientes al segundo trimestre de 2019. Estos resultados se obtienen con la colaboraci&oacute;n de las C&aacute;maras de Comercio de Andaluc&iacute;a. En este periodo se ha registrado una variaci&oacute;n en el &Iacute;ndice de Confianza Empresarial Armonizado del -0,1% con respecto al primer trimestre de 2019.\n<\/p>\n<p class=\"titgraf\" style=\"text-align: center;\">\n\t<strong>Evoluci&oacute;n del &Iacute;ndice de Confianza Empresarial Armonizado de Andaluc&iacute;a<\/strong><br \/>\n\t<a href=\"http:\/\/www.juntadeandalucia.es\/institutodeestadisticaycartografia\/blog\/wp-content\/uploads\/2019\/04\/graf1-6.png\"><img loading=\"lazy\" alt=\"Evoluci\u00f3n del \u00cdndice de Confianza Empresarial Armonizado de Andaluc\u00eda\" class=\"alignnone size-full wp-image-10383\" height=\"304\" src=\"http:\/\/www.juntadeandalucia.es\/institutodeestadisticaycartografia\/blog\/wp-content\/uploads\/2019\/04\/graf1-6.png\" width=\"569\" srcset=\"https:\/\/ws089.juntadeandalucia.es\/institutodeestadisticaycartografia\/blog\/wp-content\/uploads\/2019\/04\/graf1-6.png 569w, https:\/\/ws089.juntadeandalucia.es\/institutodeestadisticaycartografia\/blog\/wp-content\/uploads\/2019\/04\/graf1-6-300x160.png 300w\" sizes=\"(max-width: 569px) 100vw, 569px\" \/><\/a>\n<\/p>\n<p>\n\t<!--more-->\n<\/p>\n<p style=\"text-align: justify;\">\n\tA partir de los datos recogidos se observa que el 15,7% de los establecimientos en Andaluc&iacute;a opina que la marcha de su negocio en el primer trimestre de 2019 ha sido favorable mientras el 22,2% la valora como desfavorable. Esto hace que el balance de situaci&oacute;n registrado en este trimestre (diferencia entre las opiniones favorables y desfavorables) sea de -6,4 puntos, empeorando respecto al cuarto anterior al pasar de 0,2 a -6,4.\n<\/p>\n<p style=\"text-align: justify;\">\n\tEn cuanto a las expectativas, el 19,0% de los establecimientos en Andaluc&iacute;a son optimistas sobre la marcha de su negocio en el segundo trimestre de 2019, mientras que el 18,8% son pesimistas, resultando un balance de expectativas (diferencia entre las opiniones favorables y desfavorables) de 0,2 puntos.\n<\/p>\n<p class=\"titgraf\" style=\"text-align: center;\">\n\t<strong>Balance de situaci&oacute;n y expectativas<\/strong><br \/>\n\t<a href=\"http:\/\/www.juntadeandalucia.es\/institutodeestadisticaycartografia\/blog\/wp-content\/uploads\/2019\/04\/graf2-6.png\"><img loading=\"lazy\" alt=\"Balance de situaci\u00f3n y expectativas\" class=\"alignnone size-full wp-image-10384\" height=\"342\" src=\"http:\/\/www.juntadeandalucia.es\/institutodeestadisticaycartografia\/blog\/wp-content\/uploads\/2019\/04\/graf2-6.png\" width=\"580\" srcset=\"https:\/\/ws089.juntadeandalucia.es\/institutodeestadisticaycartografia\/blog\/wp-content\/uploads\/2019\/04\/graf2-6.png 580w, https:\/\/ws089.juntadeandalucia.es\/institutodeestadisticaycartografia\/blog\/wp-content\/uploads\/2019\/04\/graf2-6-300x177.png 300w\" sizes=\"(max-width: 580px) 100vw, 580px\" \/><\/a>\n<\/p>\n<p style=\"text-align: justify;\">\n\tEste balance de situaci&oacute;n del primer trimestre de 2019 (-6,4 puntos) empeora las expectativas declaradas para el mismo periodo en la encuesta de Indicadores de Confianza Empresarial del trimestre anterior, que fueron de -5,9 puntos.\n<\/p>\n<p style=\"text-align: justify;\">\n\t<strong>Por sectores de actividad<\/strong>\n<\/p>\n<p style=\"text-align: justify;\">\n\tLa confianza de los gestores de los establecimientos ha disminuido para el <em>comercio<\/em> y la <em>construcci&oacute;n<\/em>, mientras que para la <em>industr&iacute;a<\/em>, <em>otros servicios<\/em> y el <em>transporte y hosteler&iacute;a<\/em> han subido.\n<\/p>\n<p class=\"titgraf\" style=\"text-align: center;\">\n\t<strong>Tasa de variaci&oacute;n del &Iacute;ndice de Confianza Empresarial Armonizado por sectores de actividad en Andaluc&iacute;a. Segundo trimestre de 2019<\/strong><br \/>\n\t<a href=\"http:\/\/www.juntadeandalucia.es\/institutodeestadisticaycartografia\/blog\/wp-content\/uploads\/2019\/04\/graf3-5.png\"><img loading=\"lazy\" alt=\"Tasa de variaci\u00f3n del \u00cdndice de Confianza Empresarial Armonizado por sectores de actividad en Andaluc\u00eda. Segundo trimestre de 2019\" class=\"alignnone size-full wp-image-10385\" height=\"307\" src=\"http:\/\/www.juntadeandalucia.es\/institutodeestadisticaycartografia\/blog\/wp-content\/uploads\/2019\/04\/graf3-5.png\" width=\"531\" srcset=\"https:\/\/ws089.juntadeandalucia.es\/institutodeestadisticaycartografia\/blog\/wp-content\/uploads\/2019\/04\/graf3-5.png 531w, https:\/\/ws089.juntadeandalucia.es\/institutodeestadisticaycartografia\/blog\/wp-content\/uploads\/2019\/04\/graf3-5-300x173.png 300w\" sizes=\"(max-width: 531px) 100vw, 531px\" \/><\/a>\n<\/p>\n<p style=\"text-align: justify;\">\n\tEl sector de <em>comercio<\/em> es el que refleja la mayor ca&iacute;da de la confianza empresarial en el segundo trimestre de 2019 alcanzando el &Iacute;ndice de Confianza Empresarial Armonizado los 131,9 puntos, lo que supone una tasa de variaci&oacute;n respecto al primer trimestre de 2019 del -1,7%. Por su parte, el sector de <em>transportes y hosteler&iacute;a<\/em> es el que presenta el mayor crecimiento con un 2,1%.\n<\/p>\n<p style=\"text-align: justify;\">\n\tLos balances de situaci&oacute;n por sectores de actividad son favorables en <em>industria<\/em> y desfavorables en <em>construcci&oacute;n<\/em>, <em>comercio<\/em>, en <em>transportes y hosteler&iacute;a<\/em> y <em>otros servicios<\/em>. La expectativa registra una mejora en todos sectores.\n<\/p>\n<p class=\"titgraf\" style=\"text-align: center;\">\n\t<strong>Balance de situaci&oacute;n y expectativas por sectores de actividad en Andaluc&iacute;a. Segundo trimestre de 2019<\/strong><br \/>\n\t<a href=\"http:\/\/www.juntadeandalucia.es\/institutodeestadisticaycartografia\/blog\/wp-content\/uploads\/2019\/04\/graf4-3.png\"><img loading=\"lazy\" alt=\"Balance de situaci\u00f3n y expectativas por sectores de actividad en Andaluc\u00eda. Segundo trimestre de 2019\" class=\"alignnone size-full wp-image-10386\" height=\"346\" src=\"http:\/\/www.juntadeandalucia.es\/institutodeestadisticaycartografia\/blog\/wp-content\/uploads\/2019\/04\/graf4-3.png\" width=\"569\" srcset=\"https:\/\/ws089.juntadeandalucia.es\/institutodeestadisticaycartografia\/blog\/wp-content\/uploads\/2019\/04\/graf4-3.png 569w, https:\/\/ws089.juntadeandalucia.es\/institutodeestadisticaycartografia\/blog\/wp-content\/uploads\/2019\/04\/graf4-3-300x182.png 300w\" sizes=\"(max-width: 569px) 100vw, 569px\" \/><\/a>\n<\/p>\n<p style=\"text-align: justify;\">\n\tEl sector que presenta mejor balance de situaci&oacute;n es la <em>industria<\/em> (6,1) en contraste con <em>transportes y hosteler&iacute;a<\/em> que es negativo (-16,2). En cuanto al balance de expectativas es la <em>industria<\/em> el sector que presenta el mejor balance (11,6) y <em>transporte y hosteler&iacute;a<\/em> el que presenta el peor balance de expectativas (-7,7).\n<\/p>\n<p style=\"text-align: justify;\">\n\t<strong>Por tramos de empleo<\/strong>\n<\/p>\n<p class=\"titgraf\" style=\"text-align: center;\">\n\t<strong>Tasa de variaci&oacute;n del &Iacute;ndice de Confianza Empresarial Armonizado por tramos de empleo en Andaluc&iacute;a. Segundo trimestre de 2019<\/strong><br \/>\n\t<a href=\"http:\/\/www.juntadeandalucia.es\/institutodeestadisticaycartografia\/blog\/wp-content\/uploads\/2019\/04\/graf5.png\"><img loading=\"lazy\" alt=\"Tasa de variaci\u00f3n del \u00cdndice de Confianza Empresarial Armonizado por tramos de empleo en Andaluc\u00eda. Segundo trimestre de 2019\" class=\"alignnone size-full wp-image-10387\" height=\"304\" src=\"http:\/\/www.juntadeandalucia.es\/institutodeestadisticaycartografia\/blog\/wp-content\/uploads\/2019\/04\/graf5.png\" width=\"531\" srcset=\"https:\/\/ws089.juntadeandalucia.es\/institutodeestadisticaycartografia\/blog\/wp-content\/uploads\/2019\/04\/graf5.png 531w, https:\/\/ws089.juntadeandalucia.es\/institutodeestadisticaycartografia\/blog\/wp-content\/uploads\/2019\/04\/graf5-300x172.png 300w\" sizes=\"(max-width: 531px) 100vw, 531px\" \/><\/a>\n<\/p>\n<p style=\"text-align: justify;\">\n\tPor tramos de empleo se observa que las tasas de variaci&oacute;n de los &iacute;ndices son negativas con respecto al trimestre anterior en el tramo de 200 a 999 y en el tramo de 50 a 199, presentando valores positivos en el resto de tramos, tomando los valores de 1,4% para el tramo de 1.000 y m&aacute;s, de 0,7% para el tramo de 0 a 9 y de 0,3% para el tramo de 10 a 49.\n<\/p>\n<p class=\"titgraf\" style=\"text-align: center;\">\n\t<strong>Balance de situaci&oacute;n y expectativas por tramos de empleo en Andaluc&iacute;a. Segundo trimestre de 2019<\/strong><br \/>\n\t<a href=\"http:\/\/www.juntadeandalucia.es\/institutodeestadisticaycartografia\/blog\/wp-content\/uploads\/2019\/04\/graf6-1.png\"><img loading=\"lazy\" alt=\"Balance de situaci\u00f3n y expectativas por tramos de empleo en Andaluc\u00eda. Segundo trimestre de 2019\" class=\"alignnone size-full wp-image-10388\" height=\"346\" src=\"http:\/\/www.juntadeandalucia.es\/institutodeestadisticaycartografia\/blog\/wp-content\/uploads\/2019\/04\/graf6-1.png\" width=\"569\" srcset=\"https:\/\/ws089.juntadeandalucia.es\/institutodeestadisticaycartografia\/blog\/wp-content\/uploads\/2019\/04\/graf6-1.png 569w, https:\/\/ws089.juntadeandalucia.es\/institutodeestadisticaycartografia\/blog\/wp-content\/uploads\/2019\/04\/graf6-1-300x182.png 300w\" sizes=\"(max-width: 569px) 100vw, 569px\" \/><\/a>\n<\/p>\n<p style=\"text-align: justify;\">\n\tSolo los sectores de 0 a 9 y de 10 a 49 presentan balances de situaci&oacute;n negativos, siendo positivos los del resto de sectores. Mientras que en las expectativas, son los sectores de 0 a 9 los que presentan una situaci&oacute;n desfavorable. La situaci&oacute;n y la expectativa m&aacute;s favorables se dan en el tramo de 1.000 y m&aacute;s (14,8 y 25,9 puntos, respectivamente).\n<\/p>\n<p style=\"text-align: justify;\">\n\tLos establecimientos de 0 a 9 empleados registran los balances de situaci&oacute;n y expectativas m&aacute;s negativos (-15,9 y -7,9 puntos, respectivamente).\n<\/p>\n<p style=\"text-align: justify;\">\n\t<strong>Por provincias<\/strong>\n<\/p>\n<p style=\"text-align: justify;\">\n\tEl &Iacute;ndice de Confianza Empresarial registra una tasa de variaci&oacute;n negativa respecto al primer trimestre de 2019 en las provincias de C&oacute;rdoba, Almer&iacute;a, Ja&eacute;n, Granada y Sevilla, siendo la provincia de mayor caida Ja&eacute;n con -5,3%. El resto de provincias presentan un crecimiento positivo, destacando la provincia de Huelva con un 11,6%.\n<\/p>\n<p class=\"titgraf\" style=\"text-align: center;\">\n\t<strong>Tasa de variaci&oacute;n del &Iacute;ndice de Confianza Empresarial Armonizado por provincias en Andaluc&iacute;a. Segundo trimestre de 2019<\/strong><br \/>\n\t<a href=\"http:\/\/www.juntadeandalucia.es\/institutodeestadisticaycartografia\/blog\/wp-content\/uploads\/2019\/04\/graf7.png\"><img loading=\"lazy\" alt=\"Tasa de variaci\u00f3n del \u00cdndice de Confianza Empresarial Armonizado por provincias en Andaluc\u00eda. Segundo trimestre de 2019\" class=\"alignnone size-full wp-image-10389\" height=\"304\" src=\"http:\/\/www.juntadeandalucia.es\/institutodeestadisticaycartografia\/blog\/wp-content\/uploads\/2019\/04\/graf7.png\" width=\"531\" srcset=\"https:\/\/ws089.juntadeandalucia.es\/institutodeestadisticaycartografia\/blog\/wp-content\/uploads\/2019\/04\/graf7.png 531w, https:\/\/ws089.juntadeandalucia.es\/institutodeestadisticaycartografia\/blog\/wp-content\/uploads\/2019\/04\/graf7-300x172.png 300w\" sizes=\"(max-width: 531px) 100vw, 531px\" \/><\/a>\n<\/p>\n<p style=\"text-align: justify;\">\n\tEl mejor balance de situaci&oacute;n se presenta en los establecimientos de C&aacute;diz (2,0 puntos), mientras que son los de Granada los que perciben peor su situaci&oacute;n actual, con un balance de situaci&oacute;n de -14,8 puntos. En cuanto a las expectativas, las mejores se corresponden con los establecimientos de Huelva, con 10,9 puntos, en tanto que las peores se presentan en Ja&eacute;n, con -12,4 puntos.\n<\/p>\n<p class=\"titgraf\" style=\"text-align: center;\">\n\t<strong>Balance de situaci&oacute;n y expectativas por provincias en Andaluc&iacute;a. Segundo trimestre de 2019<\/strong><br \/>\n\t<a href=\"http:\/\/www.juntadeandalucia.es\/institutodeestadisticaycartografia\/blog\/wp-content\/uploads\/2019\/04\/graf8.png\"><img loading=\"lazy\" alt=\"Balance de situaci\u00f3n y expectativas por provincias en Andaluc\u00eda. Segundo trimestre de 2019\" class=\"alignnone size-full wp-image-10390\" height=\"342\" src=\"http:\/\/www.juntadeandalucia.es\/institutodeestadisticaycartografia\/blog\/wp-content\/uploads\/2019\/04\/graf8.png\" width=\"569\" srcset=\"https:\/\/ws089.juntadeandalucia.es\/institutodeestadisticaycartografia\/blog\/wp-content\/uploads\/2019\/04\/graf8.png 569w, https:\/\/ws089.juntadeandalucia.es\/institutodeestadisticaycartografia\/blog\/wp-content\/uploads\/2019\/04\/graf8-300x180.png 300w\" sizes=\"(max-width: 569px) 100vw, 569px\" \/><\/a>\n<\/p>\n<p style=\"text-align: justify;\">\n\t<strong>Empleo y precios<\/strong>\n<\/p>\n<p style=\"text-align: justify;\">\n\tEl balance de situaci&oacute;n del nivel de empleo es negativo (-3,5), al igual que el balance de expectativas (-2,0). El nivel de empleo presenta una mejora en la valoraci&oacute;n de la situaci&oacute;n (-3,5) respecto a la expectativa que tuvo en el trimestre anterior (-6,2).\n<\/p>\n<p style=\"text-align: justify;\">\n\tEl balance de situaci&oacute;n del nivel de precios es negativo (-3,5), al igual que el nivel de expectativas (-2,5). El nivel de precios ha presentado una situaci&oacute;n real m&aacute;s desfavorable (-3,5) que la expectativa que tuvo en el trimestre anterior (0,5).\n<\/p>\n<p style=\"text-align: justify;\">\n\t<strong>Exportaciones<\/strong>\n<\/p>\n<p style=\"text-align: justify;\">\n\tEn relaci&oacute;n con las exportaciones, el 22,0% de los establecimientos exportaron en el trimestre anterior y el 22,1% prev&eacute;n hacerlo en el trimestre entrante. El saldo entre los que dicen que aumentaron las exportaciones (11,4%) y los que manifestaron que disminuyeron (13,1%) es -1,7 para el trimestre anterior y de 0,8 para el trimestre entrante, dados los establecimientos que dicen que aumentar&aacute;, 13,1%, y los que opinan que disminuir&aacute;, 12,2%.\n<\/p>\n<p style=\"text-align: justify;\">\n\t<strong>Capacidad productiva en el sector industrial<\/strong>\n<\/p>\n<p style=\"text-align: justify;\">\n\tLa utilizaci&oacute;n de la capacidad productiva en el sector industrial en el primer trimestre de 2019 ha sido de m&aacute;s de un 55% en el 82,4% de los establecimientos. Por su parte 79,9% de los establecimientos tienen expectativas de que se supere dicho porcentaje en el segundo trimestre de 2019.<\/p>\n<!-- AddThis Advanced Settings generic via filter on the_content --><!-- AddThis Share Buttons generic via filter on the_content -->","protected":false},"excerpt":{"rendered":"<p>El Instituto de Estad&iacute;stica y Cartograf&iacute;a de Andaluc&iacute;a publica hoy los resultados de los Indicadores de Confianza Empresarial de Andaluc&iacute;a correspondientes al segundo trimestre de 2019. Estos resultados se obtienen con la colaboraci&oacute;n de las C&aacute;maras de Comercio de Andaluc&iacute;a. En este periodo se ha registrado una variaci&oacute;n en el &Iacute;ndice de Confianza Empresarial Armonizado [&hellip;]<!-- AddThis Advanced Settings generic via filter on wp_trim_excerpt --><!-- AddThis Share Buttons generic via filter on wp_trim_excerpt --><\/p>\n","protected":false},"author":2,"featured_media":0,"comment_status":"open","ping_status":"open","sticky":false,"template":"","format":"standard","meta":{"_mi_skip_tracking":false},"categories":[1],"tags":[35,87],"_links":{"self":[{"href":"https:\/\/ws089.juntadeandalucia.es\/institutodeestadisticaycartografia\/blog\/wp-json\/wp\/v2\/posts\/10381"}],"collection":[{"href":"https:\/\/ws089.juntadeandalucia.es\/institutodeestadisticaycartografia\/blog\/wp-json\/wp\/v2\/posts"}],"about":[{"href":"https:\/\/ws089.juntadeandalucia.es\/institutodeestadisticaycartografia\/blog\/wp-json\/wp\/v2\/types\/post"}],"author":[{"embeddable":true,"href":"https:\/\/ws089.juntadeandalucia.es\/institutodeestadisticaycartografia\/blog\/wp-json\/wp\/v2\/users\/2"}],"replies":[{"embeddable":true,"href":"https:\/\/ws089.juntadeandalucia.es\/institutodeestadisticaycartografia\/blog\/wp-json\/wp\/v2\/comments?post=10381"}],"version-history":[{"count":2,"href":"https:\/\/ws089.juntadeandalucia.es\/institutodeestadisticaycartografia\/blog\/wp-json\/wp\/v2\/posts\/10381\/revisions"}],"predecessor-version":[{"id":10722,"href":"https:\/\/ws089.juntadeandalucia.es\/institutodeestadisticaycartografia\/blog\/wp-json\/wp\/v2\/posts\/10381\/revisions\/10722"}],"wp:attachment":[{"href":"https:\/\/ws089.juntadeandalucia.es\/institutodeestadisticaycartografia\/blog\/wp-json\/wp\/v2\/media?parent=10381"}],"wp:term":[{"taxonomy":"category","embeddable":true,"href":"https:\/\/ws089.juntadeandalucia.es\/institutodeestadisticaycartografia\/blog\/wp-json\/wp\/v2\/categories?post=10381"},{"taxonomy":"post_tag","embeddable":true,"href":"https:\/\/ws089.juntadeandalucia.es\/institutodeestadisticaycartografia\/blog\/wp-json\/wp\/v2\/tags?post=10381"}],"curies":[{"name":"wp","href":"https:\/\/api.w.org\/{rel}","templated":true}]}}