{"id":10372,"date":"2019-04-11T12:45:10","date_gmt":"2019-04-11T10:45:10","guid":{"rendered":"http:\/\/www.juntadeandalucia.es\/institutodeestadisticaycartografia\/blog\/?p=10372"},"modified":"2019-05-13T12:28:53","modified_gmt":"2019-05-13T10:28:53","slug":"visor-ideandalucia","status":"publish","type":"post","link":"https:\/\/ws089.juntadeandalucia.es\/institutodeestadisticaycartografia\/blog\/2019\/04\/visor-ideandalucia\/","title":{"rendered":"Ya est\u00e1 disponible el nuevo visor de la Infraestructura de Datos Espaciales de Andaluc\u00eda (IDEAndaluc\u00eda)"},"content":{"rendered":"<p style=\"text-align: justify;\">\n\tSe ha publicado el nuevo visor de la Infraestructura de Datos Espaciales de Andaluc&iacute;a (IDEAndaluc&iacute;a) que, basado en el marco del SIG Corporativo de la Junta de Andaluc&iacute;a, incorpora novedades tecnol&oacute;gicas y las &uacute;ltimas actualizaciones de la informaci&oacute;n geogr&aacute;fica publicada por parte del Instituto de Estad&iacute;stica y Cartograf&iacute;a de Andaluc&iacute;a.\n<\/p>\n<p style=\"text-align: justify;\">\n\tEl nuevo visor de la IDEAndaluc&iacute;a tiene como objetivo principal ser un visor web de prop&oacute;sito general, que permita ilustrar a los usuarios qu&eacute; informaci&oacute;n alberga cada uno de los servicios WMS que se ofrecen desde la Infraestructura de Datos Espaciales de Andaluc&iacute;a, as&iacute; como facilitar herramientas para usar de forma sencilla dicha informaci&oacute;n.\n<\/p>\n<p style=\"text-align: justify;\">\n\tDe esta forma, adem&aacute;s de las habituales herramientas de navegaci&oacute;n sobre el mapa (zoom +\/-, herramientas de medici&oacute;n, selecci&oacute;n de escalas, cambio de SRS, etc.) se han desarrollado otras que permiten la incorporaci&oacute;n de nuevas fuentes de datos de muy diversa procedencia (WMS, WCS, shp, KML, etc.), o la posibilidad de guardar la sesi&oacute;n creada por cada usuario para continuar con los trabajos en cualquier otro momento.\n<\/p>\n<p style=\"text-align: justify;\">\n\tEl visor de la IDEAndaluc&iacute;a se enmarca dentro de la tecnolog&iacute;a Mapea, integrada a su vez en el SIG Corporativo. Mapea permite crear visores web modulables ya que crea las distintas funcionalidades necesarias para cada requisito espec&iacute;fico por medio de plugins. Adem&aacute;s, permite incorporar todas las novedades que la tecnolog&iacute;a sobre web mapping ofrece en la actualidad y agregar futuros desarrollos espec&iacute;ficos que se elaboren en el marco del SIG Corporativo.\n<\/p>\n<p style=\"text-align: justify;\">\n\tEl acceso al nuevo visor puede efectuarse a trav&eacute;s de la url: <a href=\"http:\/\/www.ideandalucia.es\/visor\/\">http:\/\/www.ideandalucia.es\/visor\/<\/a> o desde el enlace disponible en la p&aacute;gina de la IDEAndaluc&iacute;a: <a href=\"http:\/\/www.ideandalucia.es\">http:\/\/www.ideandalucia.es<\/a>.\n<\/p>\n<p style=\"text-align: center;\">\n\t<strong><em>Imagen del visor de la Infraestructura de Datos Espaciales de Andaluc&iacute;a (IDEAndaluc&iacute;a)<\/em><\/strong><br \/>\n\t<a href=\"http:\/\/www.juntadeandalucia.es\/institutodeestadisticaycartografia\/blog\/wp-content\/uploads\/2019\/04\/graf1-4.png\"><img alt=\"Imagen del visor de la Infraestructura de Datos Espaciales de Andaluc\u00eda (IDEAndaluc\u00eda)\" class=\"alignnone size-full wp-image-10374\" src=\"http:\/\/www.juntadeandalucia.es\/institutodeestadisticaycartografia\/blog\/wp-content\/uploads\/2019\/04\/graf1-4.png\" width=\"620\" srcset=\"https:\/\/ws089.juntadeandalucia.es\/institutodeestadisticaycartografia\/blog\/wp-content\/uploads\/2019\/04\/graf1-4.png 939w, https:\/\/ws089.juntadeandalucia.es\/institutodeestadisticaycartografia\/blog\/wp-content\/uploads\/2019\/04\/graf1-4-300x173.png 300w, https:\/\/ws089.juntadeandalucia.es\/institutodeestadisticaycartografia\/blog\/wp-content\/uploads\/2019\/04\/graf1-4-768x443.png 768w\" sizes=\"(max-width: 939px) 100vw, 939px\" \/><\/a>\n<\/p>\n<p>\n\t<span style=\"color:#A9A9A9;\">Esta actividad ha sido financiada con fondos FEDER<\/span>\n<\/p>\n<p>\n\t<a href=\"http:\/\/www.juntadeandalucia.es\/institutodeestadisticaycartografia\/blog\/wp-content\/uploads\/2017\/03\/Logo_UE_FEDER.gif\"><span style=\"color:#A9A9A9;\"><img loading=\"lazy\" alt=\"\" class=\"aligncenter size-full wp-image-8048\" height=\"30\" src=\"http:\/\/www.juntadeandalucia.es\/institutodeestadisticaycartografia\/blog\/wp-content\/uploads\/2017\/03\/Logo_UE_FEDER.gif\" style=\"float: left;\" width=\"161\" \/><\/span><\/a><\/p>\n<!-- AddThis Advanced Settings generic via filter on the_content --><!-- AddThis Share Buttons generic via filter on the_content -->","protected":false},"excerpt":{"rendered":"<p>Se ha publicado el nuevo visor de la Infraestructura de Datos Espaciales de Andaluc&iacute;a (IDEAndaluc&iacute;a) que, basado en el marco del SIG Corporativo de la Junta de Andaluc&iacute;a, incorpora novedades tecnol&oacute;gicas y las &uacute;ltimas actualizaciones de la informaci&oacute;n geogr&aacute;fica publicada por parte del Instituto de Estad&iacute;stica y Cartograf&iacute;a de Andaluc&iacute;a. El nuevo visor de la [&hellip;]<!-- AddThis Advanced Settings generic via filter on wp_trim_excerpt --><!-- AddThis Share Buttons generic via filter on wp_trim_excerpt --><\/p>\n","protected":false},"author":2,"featured_media":0,"comment_status":"open","ping_status":"open","sticky":false,"template":"","format":"standard","meta":{"_mi_skip_tracking":false},"categories":[2],"tags":[42,567,568,401],"_links":{"self":[{"href":"https:\/\/ws089.juntadeandalucia.es\/institutodeestadisticaycartografia\/blog\/wp-json\/wp\/v2\/posts\/10372"}],"collection":[{"href":"https:\/\/ws089.juntadeandalucia.es\/institutodeestadisticaycartografia\/blog\/wp-json\/wp\/v2\/posts"}],"about":[{"href":"https:\/\/ws089.juntadeandalucia.es\/institutodeestadisticaycartografia\/blog\/wp-json\/wp\/v2\/types\/post"}],"author":[{"embeddable":true,"href":"https:\/\/ws089.juntadeandalucia.es\/institutodeestadisticaycartografia\/blog\/wp-json\/wp\/v2\/users\/2"}],"replies":[{"embeddable":true,"href":"https:\/\/ws089.juntadeandalucia.es\/institutodeestadisticaycartografia\/blog\/wp-json\/wp\/v2\/comments?post=10372"}],"version-history":[{"count":2,"href":"https:\/\/ws089.juntadeandalucia.es\/institutodeestadisticaycartografia\/blog\/wp-json\/wp\/v2\/posts\/10372\/revisions"}],"predecessor-version":[{"id":10469,"href":"https:\/\/ws089.juntadeandalucia.es\/institutodeestadisticaycartografia\/blog\/wp-json\/wp\/v2\/posts\/10372\/revisions\/10469"}],"wp:attachment":[{"href":"https:\/\/ws089.juntadeandalucia.es\/institutodeestadisticaycartografia\/blog\/wp-json\/wp\/v2\/media?parent=10372"}],"wp:term":[{"taxonomy":"category","embeddable":true,"href":"https:\/\/ws089.juntadeandalucia.es\/institutodeestadisticaycartografia\/blog\/wp-json\/wp\/v2\/categories?post=10372"},{"taxonomy":"post_tag","embeddable":true,"href":"https:\/\/ws089.juntadeandalucia.es\/institutodeestadisticaycartografia\/blog\/wp-json\/wp\/v2\/tags?post=10372"}],"curies":[{"name":"wp","href":"https:\/\/api.w.org\/{rel}","templated":true}]}}