{"id":10155,"date":"2019-01-31T13:12:38","date_gmt":"2019-01-31T12:12:38","guid":{"rendered":"http:\/\/www.juntadeandalucia.es\/institutodeestadisticaycartografia\/blog\/?p=10155"},"modified":"2019-02-26T13:21:20","modified_gmt":"2019-02-26T12:21:20","slug":"distribpob2017","status":"publish","type":"post","link":"https:\/\/ws089.juntadeandalucia.es\/institutodeestadisticaycartografia\/blog\/2019\/01\/distribpob2017\/","title":{"rendered":"Actualizada y ampliada la informaci\u00f3n sociodemogr\u00e1fica de la poblaci\u00f3n de Andaluc\u00eda sobre una cuadr\u00edcula de 250m x 250m"},"content":{"rendered":"<p style=\"text-align: right;\">\n\t<font color=\"red\">(Datos actualizados el 22 de febrero de 2019)<sup>1<\/sup><\/font>\n<\/p>\n<p style=\"text-align: justify;\">\n\tLa publicaci&oacute;n <a href=\"http:\/\/www.juntadeandalucia.es\/institutodeestadisticaycartografia\/distribucionpob\/index.htm\" target=\"_Blank\">Distribuci&oacute;n Espacial de la Poblaci&oacute;n en Andaluc&iacute;a<\/a>, elaborada por el Instituto de Estad&iacute;stica y Cartograf&iacute;a de Andaluc&iacute;a (IECA), permite disponer de informaci&oacute;n de los efectivos de poblaci&oacute;n residente en Andaluc&iacute;a distribuidos territorialmente en una cuadr&iacute;cula o malla estad&iacute;stica de celdas de 250m x 250m generada siguiendo los est&aacute;ndares europeos para la armonizaci&oacute;n de mallas estad&iacute;sticas, e integrada en la malla estad&iacute;stica de 1km x 1km establecida por Eurostat.\n<\/p>\n<p style=\"text-align: justify;\">\n\tEsta nueva edici&oacute;n actualiza la informaci&oacute;n sociodemogr&aacute;fica a 1 de enero de 2017: poblaci&oacute;n, afiliaci&oacute;n y perceptores de pensiones contributivas; y vuelve, como en cada nueva edici&oacute;n, a ampliar la informaci&oacute;n difundida al incorporar el n&uacute;mero de demandantes de empleo del Servicio Andaluz de Empleo (SAE) e informaci&oacute;n sobre alocton&iacute;a y autocton&iacute;a (relaci&oacute;n entre el lugar de nacimiento y el lugar de residencia).\n<\/p>\n<p style=\"text-align: justify;\">\n\t<strong>Importancia de la georreferenciaci&oacute;n<\/strong>\n<\/p>\n<p style=\"text-align: justify;\">\n\tA trav&eacute;s de la georreferenciaci&oacute;n de la poblaci&oacute;n residente en Andaluc&iacute;a, la publicaci&oacute;n relaciona el territorio y la poblaci&oacute;n que en &eacute;l habita, seg&uacute;n la informaci&oacute;n administrativa incorporada en la Base de Datos Longitudinal de Poblaci&oacute;n de Andaluc&iacute;a (BDLPA). De esta manera, se vincula la informaci&oacute;n disponible de la persona con su lugar de residencia y permite analizar la distribuci&oacute;n de la poblaci&oacute;n en el territorio en relaci&oacute;n con variables demogr&aacute;ficas: seg&uacute;n densidad, por sexo, grupos de edad, nacionalidades y lugar de nacimiento en relaci&oacute;n con el lugar de residencia; y con variables socioecon&oacute;micas: seg&uacute;n afiliaci&oacute;n a la Seguridad Social, percepci&oacute;n y nivel de ingresos de pensiones contributivas de la Seguridad Social, y demanda de empleo del SAE.\n<\/p>\n<p style=\"text-align: justify;\">\n\t<strong>An&aacute;lisis de los datos<\/strong>\n<\/p>\n<p style=\"text-align: justify;\">\n\tDe las 1.416.093 celdas que cubren los m&aacute;s de 87.000 km2 del territorio andaluz, 50.758 cuentan con al menos un habitante, lo que representa el 3,6% del total de celdas.\n<\/p>\n<p style=\"text-align: justify;\">\n\tLa ocupaci&oacute;n de las celdas presenta un alto rango de variaci&oacute;n, registr&aacute;ndose un n&uacute;mero elevado de celdas escasamente pobladas (18.972 celdas, 37,3% del total, con menos de 10 habitantes) frente a 1.737 celdas densamente pobladas, con valores superiores a los 1.000 habitantes.\n<\/p>\n<p style=\"text-align: justify;\">\n\tLas zonas de Segunda Aguada en C&aacute;diz y Carretera de C&aacute;diz en la ciudad de M&aacute;laga siguen registrando en 2017 las celdas con mayor densidad de poblaci&oacute;n de Andaluc&iacute;a, ambas con m&aacute;s de 4.000 habitantes.\n<\/p>\n<p style=\"text-align: justify;\">\n\tEn lo que respecta a los nuevos datos sobre demandantes de empleo, tres celdas en Andaluc&iacute;a registran una cifra superior a 700 demandantes. La mayor presencia de demandantes de empleo se localiza en la zona de Vistafranca de la Carretera de C&aacute;diz en la ciudad de M&aacute;laga, con 740, si bien esta celda es la segunda de Andaluc&iacute;a en t&eacute;rminos de habitantes con edades comprendidas entre 16 y 64 a&ntilde;os, con m&aacute;s de 2.900 habitantes.\n<\/p>\n<p style=\"text-align: center;\">\n\t<strong><em>Demandantes de empleo del SAE en la zona de la Carretera de C&aacute;diz y su entorno en la ciudad de M&aacute;laga<\/em><\/strong><br \/>\n\t<a href=\"http:\/\/www.juntadeandalucia.es\/institutodeestadisticaycartografia\/blog\/wp-content\/uploads\/2019\/01\/distripobgraf1.png\"><img alt=\"Demandantes de empleo del SAE en la zona de la Carretera de C\u00e1diz y su entorno en la ciudad de M\u00e1laga\" class=\"alignnone size-full wp-image-10202\" src=\"http:\/\/www.juntadeandalucia.es\/institutodeestadisticaycartografia\/blog\/wp-content\/uploads\/2019\/01\/distripobgraf1.png\" width=\"620\" srcset=\"https:\/\/ws089.juntadeandalucia.es\/institutodeestadisticaycartografia\/blog\/wp-content\/uploads\/2019\/01\/distripobgraf1.png 921w, https:\/\/ws089.juntadeandalucia.es\/institutodeestadisticaycartografia\/blog\/wp-content\/uploads\/2019\/01\/distripobgraf1-300x282.png 300w, https:\/\/ws089.juntadeandalucia.es\/institutodeestadisticaycartografia\/blog\/wp-content\/uploads\/2019\/01\/distripobgraf1-768x723.png 768w\" sizes=\"(max-width: 921px) 100vw, 921px\" \/><\/a>\n<\/p>\n<p>\n\t<!--more-->\n<\/p>\n<p style=\"text-align: justify;\">\n\tLa zona de La Constituci&oacute;n, en Jerez de la Frontera, y el barrio de Los Pajaritos, en Sevilla, tambi&eacute;n registran celdas con alta densidad de demandantes de empleo (m&aacute;s de 700), superando los 1.500 habitantes entre 16 y 64 a&ntilde;os en estas celdas.\n<\/p>\n<p style=\"text-align: center;\">\n\t<strong><em>Demandantes de empleo del SAE en la zona de los Pajaritos y su entorno en la ciudad de Sevilla<\/em><\/strong><br \/>\n\t<a href=\"http:\/\/www.juntadeandalucia.es\/institutodeestadisticaycartografia\/blog\/wp-content\/uploads\/2019\/01\/distripobgraf2.png\"><img alt=\"Demandantes de empleo del SAE en la zona de los Pajaritos y su entorno en la ciudad de Sevilla\" class=\"alignnone size-full wp-image-10203\" src=\"http:\/\/www.juntadeandalucia.es\/institutodeestadisticaycartografia\/blog\/wp-content\/uploads\/2019\/01\/distripobgraf2.png\" width=\"620\" srcset=\"https:\/\/ws089.juntadeandalucia.es\/institutodeestadisticaycartografia\/blog\/wp-content\/uploads\/2019\/01\/distripobgraf2.png 909w, https:\/\/ws089.juntadeandalucia.es\/institutodeestadisticaycartografia\/blog\/wp-content\/uploads\/2019\/01\/distripobgraf2-300x285.png 300w, https:\/\/ws089.juntadeandalucia.es\/institutodeestadisticaycartografia\/blog\/wp-content\/uploads\/2019\/01\/distripobgraf2-768x731.png 768w\" sizes=\"(max-width: 909px) 100vw, 909px\" \/><\/a>\n<\/p>\n<p style=\"text-align: justify;\">\n\tEn lo referente a la autocton&iacute;a, relaci&oacute;n entre lugar de nacimiento y lugar de residencia, las celdas de m&aacute;s de 250 habitantes cuyo porcentaje de poblaci&oacute;n aut&oacute;ctona (residente en el mismo municipio donde naci&oacute;) supera el 90% se encuentran en las zonas de: Sanl&uacute;car de Barrameda (C&aacute;diz), La Chanca&ndash;Pescader&iacute;a (Almer&iacute;a), Villanueva de C&oacute;rdoba, Los Almendros (Almer&iacute;a), Pedroche (C&oacute;rdoba), Osuna (Sevilla) y &Eacute;cija (Sevilla), destacando el municipio de Villanueva de C&oacute;rdoba que concentra hasta 5 celdas con esta caracter&iacute;stica.\n<\/p>\n<p style=\"text-align: center;\">\n\t<strong><em>Densidad de poblaci&oacute;n residente seg&uacute;n lugar de nacimiento en el municipio de Villanueva de C&oacute;rdoba<\/em><\/strong><br \/>\n\t<a href=\"http:\/\/www.juntadeandalucia.es\/institutodeestadisticaycartografia\/blog\/wp-content\/uploads\/2019\/02\/distripobgraf3.png\"><img alt=\"Densidad de poblaci\u00f3n residente seg\u00fan lugar de nacimiento en el municipio de Villanueva de C\u00f3rdoba\" class=\"alignnone size-full wp-image-10158\" src=\"http:\/\/www.juntadeandalucia.es\/institutodeestadisticaycartografia\/blog\/wp-content\/uploads\/2019\/02\/distripobgraf3.png\" width=\"620\" srcset=\"https:\/\/ws089.juntadeandalucia.es\/institutodeestadisticaycartografia\/blog\/wp-content\/uploads\/2019\/02\/distripobgraf3.png 1021w, https:\/\/ws089.juntadeandalucia.es\/institutodeestadisticaycartografia\/blog\/wp-content\/uploads\/2019\/02\/distripobgraf3-300x237.png 300w, https:\/\/ws089.juntadeandalucia.es\/institutodeestadisticaycartografia\/blog\/wp-content\/uploads\/2019\/02\/distripobgraf3-768x607.png 768w\" sizes=\"(max-width: 1021px) 100vw, 1021px\" \/><\/a>\n<\/p>\n<p style=\"text-align: justify;\">\n\tEn relaci&oacute;n con la alocton&iacute;a, las celdas con mayores porcentajes de poblaci&oacute;n nacida en un municipio distinto del de residencia (m&aacute;s del 98% de la poblaci&oacute;n residente al&oacute;ctona) se encuentran en los municipios de Torremolinos (M&aacute;laga), Gelves (Sevilla), Aljaraque (Huelva), Mairena del Aljarafe (Sevilla) y Dos Hermanas (Sevilla). En las zonas del Rinc&oacute;n de la Victoria, Ben&aacute;lmadena y Torremolinos en M&aacute;laga, as&iacute; como en Aljaraque (Huelva), Mairena del Aljarafe y Montequinto (Dos Hermanas) en Sevilla, se observan patrones espaciales de alocton&iacute;a (concentraci&oacute;n de celdas con alta densidad, m&aacute;s del 95% de poblaci&oacute;n al&oacute;ctona) resultantes en muchos casos de procesos de crecimiento de la poblaci&oacute;n en territorios colindantes con ciudades.\n<\/p>\n<p style=\"text-align: center;\">\n\t<strong><em>Densidad de poblaci&oacute;n residente seg&uacute;n lugar de nacimiento de Mairena del Aljarafe (Sevilla)<\/em><\/strong><br \/>\n\t<a href=\"http:\/\/www.juntadeandalucia.es\/institutodeestadisticaycartografia\/blog\/wp-content\/uploads\/2019\/02\/distripobgraf4.png\"><img alt=\"Densidad de poblaci\u00f3n residente seg\u00fan lugar de nacimiento de Mairena del Aljarafe (Sevilla)\" class=\"alignnone size-full wp-image-10159\" src=\"http:\/\/www.juntadeandalucia.es\/institutodeestadisticaycartografia\/blog\/wp-content\/uploads\/2019\/02\/distripobgraf4.png\" width=\"620\" srcset=\"https:\/\/ws089.juntadeandalucia.es\/institutodeestadisticaycartografia\/blog\/wp-content\/uploads\/2019\/02\/distripobgraf4.png 983w, https:\/\/ws089.juntadeandalucia.es\/institutodeestadisticaycartografia\/blog\/wp-content\/uploads\/2019\/02\/distripobgraf4-300x240.png 300w, https:\/\/ws089.juntadeandalucia.es\/institutodeestadisticaycartografia\/blog\/wp-content\/uploads\/2019\/02\/distripobgraf4-768x615.png 768w\" sizes=\"(max-width: 983px) 100vw, 983px\" \/><\/a>\n<\/p>\n<p style=\"text-align: justify;\">\n\tConsiderando solamente las celdas de m&aacute;s de 250 habitantes, los municipios de Puerto Real (C&aacute;diz) y Dos Hermanas (Sevilla) alojan el mayor porcentaje de poblaci&oacute;n nacida en otro municipio de la misma provincia de residencia, un 84% de sus residentes.\n<\/p>\n<p style=\"text-align: justify;\">\n\tEn el Puerto de Santa Mar&iacute;a (C&aacute;diz) se encuentra la celda (entre las de m&aacute;s de 250 habitantes) con el mayor porcentaje de poblaci&oacute;n nacida en otra Comunidad Aut&oacute;noma, superior al 40% de sus residentes.\n<\/p>\n<p style=\"text-align: justify;\">\n\tEntre las celdas con m&aacute;s de 250 residentes, las que registran un mayor porcentaje de personas nacidas en el extranjero, superior al 70%, se encuentran en el municipio de Moguer en Huelva, y en los de Mijas y Benahav&iacute;s en M&aacute;laga.\n<\/p>\n<p style=\"text-align: justify;\">\n\t<strong>Disponibilidad de la informaci&oacute;n<\/strong>\n<\/p>\n<p style=\"text-align: justify;\">\n\tComo en ediciones anteriores, los datos estad&iacute;sticos de las celdas de la malla de poblaci&oacute;n se pueden descargar para su an&aacute;lisis en formato de hoja de c&aacute;lculo o como archivo ESRI shapefile (SHP). Los datos tambi&eacute;n se pueden consultar a trav&eacute;s de un visualizador cartogr&aacute;fico o acceder desde clientes web como servicios interoperables WMS y WFS, aplicaciones de escritorio o dispositivos m&oacute;viles, sin necesidad de disponer de una copia local.\n<\/p>\n<p style=\"text-align: justify;\">\n\tAcceso al visor: <a href=\"http:\/\/www.juntadeandalucia.es\/institutodeestadisticaycartografia\/VisorGrid\/\">http:\/\/www.juntadeandalucia.es\/institutodeestadisticaycartografia\/VisorGrid\/<\/a>\n<\/p>\n<p style=\"text-align: justify;\">\n\tEl IECA contin&uacute;a con este trabajo la l&iacute;nea de producci&oacute;n de informaci&oacute;n que aprovecha el potencial de la integraci&oacute;n de la estad&iacute;stica, la cartograf&iacute;a y la explotaci&oacute;n de registros administrativos.\n<\/p>\n<p style=\"text-align: justify;\">\n\t<font color=\"red\"><sup>1<\/sup> Advertido error en el nombre de una variable, se ha actualizado la nota divulgativa sustituyendo los t&eacute;rminos &quot;paro registrado&quot; y &quot;parados registrados&quot; por &quot;demanda de empleo&quot; y &quot;demandantes de empleo&quot;, respectivamente. La nueva terminolog&iacute;a se adec&uacute;a con mayor rigor al concepto administrativo que representa la informaci&oacute;n ofrecida seg&uacute;n la fuente origen de dichos datos.<\/font>\n<\/p>\n<p>\n\t<span style=\"color:#A9A9A9;\">Esta actividad ha sido financiada con fondos FEDER<\/span>\n<\/p>\n<p>\n\t<a href=\"http:\/\/www.juntadeandalucia.es\/institutodeestadisticaycartografia\/blog\/wp-content\/uploads\/2017\/03\/Logo_UE_FEDER.gif\"><span style=\"color:#A9A9A9;\"><img loading=\"lazy\" alt=\"\" class=\"aligncenter size-full wp-image-8048\" height=\"30\" src=\"http:\/\/www.juntadeandalucia.es\/institutodeestadisticaycartografia\/blog\/wp-content\/uploads\/2017\/03\/Logo_UE_FEDER.gif\" style=\"float: left;\" width=\"161\" \/><\/span><\/a><\/p>\n<!-- AddThis Advanced Settings generic via filter on the_content --><!-- AddThis Share Buttons generic via filter on the_content -->","protected":false},"excerpt":{"rendered":"<p>(Datos actualizados el 22 de febrero de 2019)1 La publicaci&oacute;n Distribuci&oacute;n Espacial de la Poblaci&oacute;n en Andaluc&iacute;a, elaborada por el Instituto de Estad&iacute;stica y Cartograf&iacute;a de Andaluc&iacute;a (IECA), permite disponer de informaci&oacute;n de los efectivos de poblaci&oacute;n residente en Andaluc&iacute;a distribuidos territorialmente en una cuadr&iacute;cula o malla estad&iacute;stica de celdas de 250m x 250m generada [&hellip;]<!-- AddThis Advanced Settings generic via filter on wp_trim_excerpt --><!-- AddThis Share Buttons generic via filter on wp_trim_excerpt --><\/p>\n","protected":false},"author":2,"featured_media":0,"comment_status":"open","ping_status":"open","sticky":false,"template":"","format":"standard","meta":{"_mi_skip_tracking":false},"categories":[2,1],"tags":[311,502,484,483],"_links":{"self":[{"href":"https:\/\/ws089.juntadeandalucia.es\/institutodeestadisticaycartografia\/blog\/wp-json\/wp\/v2\/posts\/10155"}],"collection":[{"href":"https:\/\/ws089.juntadeandalucia.es\/institutodeestadisticaycartografia\/blog\/wp-json\/wp\/v2\/posts"}],"about":[{"href":"https:\/\/ws089.juntadeandalucia.es\/institutodeestadisticaycartografia\/blog\/wp-json\/wp\/v2\/types\/post"}],"author":[{"embeddable":true,"href":"https:\/\/ws089.juntadeandalucia.es\/institutodeestadisticaycartografia\/blog\/wp-json\/wp\/v2\/users\/2"}],"replies":[{"embeddable":true,"href":"https:\/\/ws089.juntadeandalucia.es\/institutodeestadisticaycartografia\/blog\/wp-json\/wp\/v2\/comments?post=10155"}],"version-history":[{"count":5,"href":"https:\/\/ws089.juntadeandalucia.es\/institutodeestadisticaycartografia\/blog\/wp-json\/wp\/v2\/posts\/10155\/revisions"}],"predecessor-version":[{"id":10161,"href":"https:\/\/ws089.juntadeandalucia.es\/institutodeestadisticaycartografia\/blog\/wp-json\/wp\/v2\/posts\/10155\/revisions\/10161"}],"wp:attachment":[{"href":"https:\/\/ws089.juntadeandalucia.es\/institutodeestadisticaycartografia\/blog\/wp-json\/wp\/v2\/media?parent=10155"}],"wp:term":[{"taxonomy":"category","embeddable":true,"href":"https:\/\/ws089.juntadeandalucia.es\/institutodeestadisticaycartografia\/blog\/wp-json\/wp\/v2\/categories?post=10155"},{"taxonomy":"post_tag","embeddable":true,"href":"https:\/\/ws089.juntadeandalucia.es\/institutodeestadisticaycartografia\/blog\/wp-json\/wp\/v2\/tags?post=10155"}],"curies":[{"name":"wp","href":"https:\/\/api.w.org\/{rel}","templated":true}]}}