{"id":10061,"date":"2018-12-20T14:00:21","date_gmt":"2018-12-20T13:00:21","guid":{"rendered":"http:\/\/www.juntadeandalucia.es\/institutodeestadisticaycartografia\/blog\/?p=10061"},"modified":"2019-01-08T14:51:33","modified_gmt":"2019-01-08T13:51:33","slug":"mcvl2017","status":"publish","type":"post","link":"https:\/\/ws089.juntadeandalucia.es\/institutodeestadisticaycartografia\/blog\/2018\/12\/mcvl2017\/","title":{"rendered":"Se publican los resultados anuales de la Muestra Continua de Vidas Laborales 2017 y de las trayectorias profesionales en Andaluc\u00eda"},"content":{"rendered":"<p style=\"text-align: justify;\">\n\tA lo largo del a&ntilde;o 2017 un total de 5.229.950 andaluces mantuvieron alg&uacute;n tipo de relaci&oacute;n administrativa con la Seguridad Social, fuera como cotizantes y\/o pensionistas, lo que supone un 1,8% m&aacute;s que el a&ntilde;o anterior. En la mayor parte de los casos, la relaci&oacute;n fue &uacute;nicamente como cotizantes a la Seguridad Social (3.767.700 personas, el 72% del total). Otro 25% correspondi&oacute; s&oacute;lo a pensionistas, 1.318.575 personas. El 3% restante fue de cotizantes y pensionistas a lo largo del a&ntilde;o, 143.675 personas.\n<\/p>\n<p style=\"text-align: center;\">\n\t<strong><em>Pir&aacute;mide de cotizantes y pensionistas, seg&uacute;n tipo de relaci&oacute;n con la Seguridad Social. A&ntilde;o 2017<\/em><\/strong><br \/>\n\t<a href=\"http:\/\/www.juntadeandalucia.es\/institutodeestadisticaycartografia\/blog\/wp-content\/uploads\/2019\/01\/graf1-4.png\"><img loading=\"lazy\" alt=\"Pir\u00e1mide de cotizantes y pensionistas, seg\u00fan tipo de relaci\u00f3n con la Seguridad Social. A\u00f1o 2017\" class=\"alignnone size-full wp-image-10062\" height=\"497\" src=\"http:\/\/www.juntadeandalucia.es\/institutodeestadisticaycartografia\/blog\/wp-content\/uploads\/2019\/01\/graf1-4.png\" width=\"621\" srcset=\"https:\/\/ws089.juntadeandalucia.es\/institutodeestadisticaycartografia\/blog\/wp-content\/uploads\/2019\/01\/graf1-4.png 621w, https:\/\/ws089.juntadeandalucia.es\/institutodeestadisticaycartografia\/blog\/wp-content\/uploads\/2019\/01\/graf1-4-300x240.png 300w\" sizes=\"(max-width: 621px) 100vw, 621px\" \/><\/a>\n<\/p>\n<p>\n\t<!--more-->\n<\/p>\n<p style=\"text-align: justify;\">\n\tDel mismo modo, hay cotizantes que han tenido s&oacute;lo relaci&oacute;n laboral de ocupaci&oacute;n (67%) o s&oacute;lo relaci&oacute;n de desempleo (6%), mientras que 898.900 andaluces han tenido relaci&oacute;n de ocupaci&oacute;n y desempleo a lo largo del a&ntilde;o (23%). En relaci&oacute;n al a&ntilde;o 2016, aumentaron un 4% los cotizantes que s&oacute;lo tuvieron relaciones laborales de ocupaci&oacute;n. Por contra, el n&uacute;mero de cotizantes que s&oacute;lo tuvieron relaciones de desempleo disminuy&oacute; un 11% respecto al a&ntilde;o anterior.\n<\/p>\n<p style=\"text-align: center;\">\n\t<strong><em>Evoluci&oacute;n de los cotizantes, seg&uacute;n tipo de cotizaci&oacute;n. Andaluc&iacute;a 2006-2017<\/em><\/strong><br \/>\n\t<a href=\"http:\/\/www.juntadeandalucia.es\/institutodeestadisticaycartografia\/blog\/wp-content\/uploads\/2019\/01\/graf2-3.png\"><img loading=\"lazy\" alt=\"Evoluci\u00f3n de los cotizantes, seg\u00fan tipo de cotizaci\u00f3n. Andaluc\u00eda 2006-2017\" class=\"alignnone size-full wp-image-10063\" height=\"342\" src=\"http:\/\/www.juntadeandalucia.es\/institutodeestadisticaycartografia\/blog\/wp-content\/uploads\/2019\/01\/graf2-3.png\" width=\"588\" srcset=\"https:\/\/ws089.juntadeandalucia.es\/institutodeestadisticaycartografia\/blog\/wp-content\/uploads\/2019\/01\/graf2-3.png 588w, https:\/\/ws089.juntadeandalucia.es\/institutodeestadisticaycartografia\/blog\/wp-content\/uploads\/2019\/01\/graf2-3-300x174.png 300w\" sizes=\"(max-width: 588px) 100vw, 588px\" \/><\/a>\n<\/p>\n<p style=\"text-align: justify;\">\n\tM&aacute;s de la mitad de los cotizantes tuvieron un &uacute;nico episodio de cotizaci&oacute;n en el a&ntilde;o, 2.077.775 personas. El 47% tuvo al menos dos episodios de cotizaci&oacute;n, con un 4% de casos de 10 o m&aacute;s episodios de cotizaci&oacute;n en el a&ntilde;o.\n<\/p>\n<p style=\"text-align: justify;\">\n\tEl 92% de los cotizantes present&oacute; alguna relaci&oacute;n de ocupaci&oacute;n y el 30% alguna de desempleo. En cuanto al periodo de cotizaci&oacute;n, el 65% de los cotizantes lo hizo durante todo el a&ntilde;o 2017, mientras que el 9% lo hizo por un periodo inferior a tres meses.\n<\/p>\n<p style=\"text-align: justify;\">\n\tEntre los andaluces que tuvieron alg&uacute;n episodio de ocupaci&oacute;n, el 85% tuvo episodios de ocupaci&oacute;n por cuenta ajena (3.072.000, un 4% m&aacute;s que en el a&ntilde;o anterior) y el 18% por cuenta propia (644.025, un 0,2% m&aacute;s que en 2016).\n<\/p>\n<p style=\"text-align: justify;\">\n\tA lo largo del a&ntilde;o 2017 m&aacute;s de 1,5 millones de andaluces percibieron alguna pensi&oacute;n. El 61% de los pensionistas tuvo una pensi&oacute;n de jubilaci&oacute;n (75% de los hombres y 45% de las mujeres). Por su parte, el 28% de los pensionistas percibi&oacute; pensiones de viudedad (4% de los hombres y 53% de las mujeres).\n<\/p>\n<p style=\"text-align: justify;\">\n\tEl 44% de los pensionistas residentes en Andaluc&iacute;a tuvo unos ingresos inferiores a 10 mil euros anuales (31% en los hombres y 59% en el caso de las mujeres).\n<\/p>\n<p style=\"text-align: justify;\">\n\tTrayectorias profesionales\n<\/p>\n<p style=\"text-align: justify;\">\n\tAtendiendo al conjunto de la vida laboral y no solo a los datos de 2017, las mujeres han pasado una proporci&oacute;n menor de tiempo cotizando (72% del tiempo transcurrido desde su primera cotizaci&oacute;n, frente al 78% de los hombres). En cambio, la proporci&oacute;n de tiempo cotizado desde la situaci&oacute;n de desempleo es mayor en mujeres (15% frente al 12% en hombres).\n<\/p>\n<p style=\"text-align: center;\">\n\t<strong><em>Proporci&oacute;n de tiempo cotizado sobre tiempo transcurrido desde la primera cotizaci&oacute;n por sexo<\/em><\/strong><br \/>\n\t<a href=\"http:\/\/www.juntadeandalucia.es\/institutodeestadisticaycartografia\/blog\/wp-content\/uploads\/2019\/01\/graf3-4.png\"><img loading=\"lazy\" alt=\"Proporci\u00f3n de tiempo cotizado sobre tiempo transcurrido desde la primera cotizaci\u00f3n por sexo\" class=\"alignnone size-full wp-image-10064\" height=\"355\" src=\"http:\/\/www.juntadeandalucia.es\/institutodeestadisticaycartografia\/blog\/wp-content\/uploads\/2019\/01\/graf3-4.png\" width=\"512\" srcset=\"https:\/\/ws089.juntadeandalucia.es\/institutodeestadisticaycartografia\/blog\/wp-content\/uploads\/2019\/01\/graf3-4.png 512w, https:\/\/ws089.juntadeandalucia.es\/institutodeestadisticaycartografia\/blog\/wp-content\/uploads\/2019\/01\/graf3-4-300x208.png 300w\" sizes=\"(max-width: 512px) 100vw, 512px\" \/><\/a>\n<\/p>\n<p style=\"text-align: justify;\">\n\tLa duraci&oacute;n del episodio de ocupaci&oacute;n m&aacute;s largo en toda la vida laboral var&iacute;a con el nivel de ingresos. Para las personas que en 2017 tuvieron unos ingresos inferiores a 10 mil euros, el episodio m&aacute;s largo ocupa el 28% de toda la vida laboral, mientras que para las personas con ingresos superiores a 30 mil euros, supone el 50%.\n<\/p>\n<p style=\"text-align: center;\">\n\t<strong><em>Duraci&oacute;n del episodio de ocupaci&oacute;n m&aacute;s largo seg&uacute;n intervalo de ingresos en 2017<\/em><\/strong><br \/>\n\t<a href=\"http:\/\/www.juntadeandalucia.es\/institutodeestadisticaycartografia\/blog\/wp-content\/uploads\/2019\/01\/graf4-3.png\"><img loading=\"lazy\" alt=\"Duraci\u00f3n del episodio de ocupaci\u00f3n m\u00e1s largo seg\u00fan intervalo de ingresos en 2017\" class=\"alignnone size-full wp-image-10065\" height=\"330\" src=\"http:\/\/www.juntadeandalucia.es\/institutodeestadisticaycartografia\/blog\/wp-content\/uploads\/2019\/01\/graf4-3.png\" width=\"556\" srcset=\"https:\/\/ws089.juntadeandalucia.es\/institutodeestadisticaycartografia\/blog\/wp-content\/uploads\/2019\/01\/graf4-3.png 556w, https:\/\/ws089.juntadeandalucia.es\/institutodeestadisticaycartografia\/blog\/wp-content\/uploads\/2019\/01\/graf4-3-300x178.png 300w\" sizes=\"(max-width: 556px) 100vw, 556px\" \/><\/a>\n<\/p>\n<p style=\"text-align: justify;\">\n\tComo novedad, en la presente edici&oacute;n, se incorpora la variable relativa a la tipolog&iacute;a del hogar e indicadores y tablas para el &aacute;mbito nacional.<\/p>\n<!-- AddThis Advanced Settings generic via filter on the_content --><!-- AddThis Share Buttons generic via filter on the_content -->","protected":false},"excerpt":{"rendered":"<p>A lo largo del a&ntilde;o 2017 un total de 5.229.950 andaluces mantuvieron alg&uacute;n tipo de relaci&oacute;n administrativa con la Seguridad Social, fuera como cotizantes y\/o pensionistas, lo que supone un 1,8% m&aacute;s que el a&ntilde;o anterior. En la mayor parte de los casos, la relaci&oacute;n fue &uacute;nicamente como cotizantes a la Seguridad Social (3.767.700 personas, [&hellip;]<!-- AddThis Advanced Settings generic via filter on wp_trim_excerpt --><!-- AddThis Share Buttons generic via filter on wp_trim_excerpt --><\/p>\n","protected":false},"author":2,"featured_media":0,"comment_status":"open","ping_status":"open","sticky":false,"template":"","format":"standard","meta":{"_mi_skip_tracking":false},"categories":[1],"tags":[410,409,23],"_links":{"self":[{"href":"https:\/\/ws089.juntadeandalucia.es\/institutodeestadisticaycartografia\/blog\/wp-json\/wp\/v2\/posts\/10061"}],"collection":[{"href":"https:\/\/ws089.juntadeandalucia.es\/institutodeestadisticaycartografia\/blog\/wp-json\/wp\/v2\/posts"}],"about":[{"href":"https:\/\/ws089.juntadeandalucia.es\/institutodeestadisticaycartografia\/blog\/wp-json\/wp\/v2\/types\/post"}],"author":[{"embeddable":true,"href":"https:\/\/ws089.juntadeandalucia.es\/institutodeestadisticaycartografia\/blog\/wp-json\/wp\/v2\/users\/2"}],"replies":[{"embeddable":true,"href":"https:\/\/ws089.juntadeandalucia.es\/institutodeestadisticaycartografia\/blog\/wp-json\/wp\/v2\/comments?post=10061"}],"version-history":[{"count":1,"href":"https:\/\/ws089.juntadeandalucia.es\/institutodeestadisticaycartografia\/blog\/wp-json\/wp\/v2\/posts\/10061\/revisions"}],"predecessor-version":[{"id":10066,"href":"https:\/\/ws089.juntadeandalucia.es\/institutodeestadisticaycartografia\/blog\/wp-json\/wp\/v2\/posts\/10061\/revisions\/10066"}],"wp:attachment":[{"href":"https:\/\/ws089.juntadeandalucia.es\/institutodeestadisticaycartografia\/blog\/wp-json\/wp\/v2\/media?parent=10061"}],"wp:term":[{"taxonomy":"category","embeddable":true,"href":"https:\/\/ws089.juntadeandalucia.es\/institutodeestadisticaycartografia\/blog\/wp-json\/wp\/v2\/categories?post=10061"},{"taxonomy":"post_tag","embeddable":true,"href":"https:\/\/ws089.juntadeandalucia.es\/institutodeestadisticaycartografia\/blog\/wp-json\/wp\/v2\/tags?post=10061"}],"curies":[{"name":"wp","href":"https:\/\/api.w.org\/{rel}","templated":true}]}}